{"id":12467,"date":"2018-12-14T11:18:41","date_gmt":"2018-12-14T10:18:41","guid":{"rendered":"https:\/\/www.textilwaren24.eu\/magazin\/?p=12467"},"modified":"2025-01-30T15:07:10","modified_gmt":"2025-01-30T14:07:10","slug":"das-sind-die-modefarben-2019","status":"publish","type":"post","link":"https:\/\/www.textilwaren24.eu\/magazin\/das-sind-die-modefarben-2019\/","title":{"rendered":"Das sind die Modefarben 2019"},"content":{"rendered":"<div id=\"ez-toc-container\" class=\"ez-toc-v2_0_77 ez-toc-wrap-center counter-hierarchy ez-toc-counter ez-toc-grey ez-toc-container-direction\">\n<div class=\"ez-toc-title-container\">\n<p class=\"ez-toc-title\" style=\"cursor:inherit\">Inhaltsverzeichnis<\/p>\n<span class=\"ez-toc-title-toggle\"><a href=\"#\" class=\"ez-toc-pull-right ez-toc-btn ez-toc-btn-xs ez-toc-btn-default ez-toc-toggle\" aria-label=\"Toggle Table of Content\"><span class=\"ez-toc-js-icon-con\"><span class=\"\"><span class=\"eztoc-hide\" style=\"display:none;\">Toggle<\/span><span class=\"ez-toc-icon-toggle-span\"><svg style=\"fill: #999;color:#999\" xmlns=\"http:\/\/www.w3.org\/2000\/svg\" class=\"list-377408\" width=\"20px\" height=\"20px\" viewBox=\"0 0 24 24\" fill=\"none\"><path d=\"M6 6H4v2h2V6zm14 0H8v2h12V6zM4 11h2v2H4v-2zm16 0H8v2h12v-2zM4 16h2v2H4v-2zm16 0H8v2h12v-2z\" fill=\"currentColor\"><\/path><\/svg><svg style=\"fill: #999;color:#999\" class=\"arrow-unsorted-368013\" xmlns=\"http:\/\/www.w3.org\/2000\/svg\" width=\"10px\" height=\"10px\" viewBox=\"0 0 24 24\" version=\"1.2\" baseProfile=\"tiny\"><path d=\"M18.2 9.3l-6.2-6.3-6.2 6.3c-.2.2-.3.4-.3.7s.1.5.3.7c.2.2.4.3.7.3h11c.3 0 .5-.1.7-.3.2-.2.3-.5.3-.7s-.1-.5-.3-.7zM5.8 14.7l6.2 6.3 6.2-6.3c.2-.2.3-.5.3-.7s-.1-.5-.3-.7c-.2-.2-.4-.3-.7-.3h-11c-.3 0-.5.1-.7.3-.2.2-.3.5-.3.7s.1.5.3.7z\"\/><\/svg><\/span><\/span><\/span><\/a><\/span><\/div>\n<nav><ul class='ez-toc-list ez-toc-list-level-1 ' ><li class='ez-toc-page-1 ez-toc-heading-level-2'><a class=\"ez-toc-link ez-toc-heading-1\" href=\"https:\/\/www.textilwaren24.eu\/magazin\/das-sind-die-modefarben-2019\/#%C2%AB_Fruehlingssanft_statt_knallig_%C2%BB\" >\u00ab Fr\u00fchlingssanft statt knallig \u00bb<\/a><\/li><li class='ez-toc-page-1 ez-toc-heading-level-2'><a class=\"ez-toc-link ez-toc-heading-2\" href=\"https:\/\/www.textilwaren24.eu\/magazin\/das-sind-die-modefarben-2019\/#Wie_entstehen_eigentlich_die_Modefarben\" >Wie entstehen eigentlich die Modefarben?<\/a><\/li><li class='ez-toc-page-1 ez-toc-heading-level-2'><a class=\"ez-toc-link ez-toc-heading-3\" href=\"https:\/\/www.textilwaren24.eu\/magazin\/das-sind-die-modefarben-2019\/#Farbtendenz_fuer_den_Fruehling_Pastelltoene_gehoeren_2019_unbedingt_dazu\" >Farbtendenz f\u00fcr den Fr\u00fchling: Pastellt\u00f6ne geh\u00f6ren 2019 unbedingt dazu<\/a><\/li><li class='ez-toc-page-1 ez-toc-heading-level-2'><a class=\"ez-toc-link ez-toc-heading-4\" href=\"https:\/\/www.textilwaren24.eu\/magazin\/das-sind-die-modefarben-2019\/#Die_Basis_fuer_alle_Modefarben_2019_Trendfarbe_Reinweiss\" >Die Basis f\u00fcr alle Modefarben 2019: Trendfarbe Reinwei\u00df<\/a><\/li><li class='ez-toc-page-1 ez-toc-heading-level-2'><a class=\"ez-toc-link ez-toc-heading-5\" href=\"https:\/\/www.textilwaren24.eu\/magazin\/das-sind-die-modefarben-2019\/#Neu_auf_der_Farbkarte_Modefarbe_Puderblau_und_Kobalt\" >Neu auf der Farbkarte: Modefarbe Puderblau und Kobalt<\/a><\/li><li class='ez-toc-page-1 ez-toc-heading-level-2'><a class=\"ez-toc-link ez-toc-heading-6\" href=\"https:\/\/www.textilwaren24.eu\/magazin\/das-sind-die-modefarben-2019\/#Kein_Rezept_gegen_Gelbfieber\" >Kein Rezept gegen Gelbfieber<\/a><\/li><li class='ez-toc-page-1 ez-toc-heading-level-2'><a class=\"ez-toc-link ez-toc-heading-7\" href=\"https:\/\/www.textilwaren24.eu\/magazin\/das-sind-die-modefarben-2019\/#Gruentoene_kommen_im_Fruehjahr_2019_besonders_gross_heraus\" >Gr\u00fcnt\u00f6ne kommen im Fr\u00fchjahr 2019 besonders gro\u00df heraus.<\/a><\/li><li class='ez-toc-page-1 ez-toc-heading-level-2'><a class=\"ez-toc-link ez-toc-heading-8\" href=\"https:\/\/www.textilwaren24.eu\/magazin\/das-sind-die-modefarben-2019\/#Zarte_Rosatoene_statt_Barbie-Pink\" >Zarte Rosat\u00f6ne statt Barbie-Pink<\/a><\/li><\/ul><\/nav><\/div>\n<h2><span class=\"ez-toc-section\" id=\"%C2%AB_Fruehlingssanft_statt_knallig_%C2%BB\"><\/span>\u00ab Fr\u00fchlingssanft statt knallig \u00bb<span class=\"ez-toc-section-end\"><\/span><\/h2>\n<p style=\"text-align: justify;\"><strong>Ohne Farben keine Mode- und an dieser Stelle verraten wir schon einmal vorab: Es wird bunt. Die Modefarben f\u00fcr 2019 werden so expressiv und fr\u00f6hlich sein wie schon lange nicht mehr. Bevor es im Sommer allerdings modisch richtig knallt, sind im Fr\u00fchling eher sanfte T\u00f6ne angesagt. Welche Pastelle total im Trend liegen und wie Sie aktuelle Modetrends am besten kombinieren, erfahren Sie hier.<\/strong><\/p>\n<h2><span class=\"ez-toc-section\" id=\"Wie_entstehen_eigentlich_die_Modefarben\"><\/span>Wie entstehen eigentlich die Modefarben?<span class=\"ez-toc-section-end\"><\/span><\/h2>\n<p style=\"text-align: justify;\">Sie m\u00f6chten sich \u00fcber die angesagtesten Modetrends und Modefarben 2019 informieren? Dazu ben\u00f6tigt man keine Kristallkugel. Die Analyse einiger wichtigen Kollektionen von den Laufstegen der richtungsweisenden Designer in New York, London und Paris gen\u00fcgt. Sie zeigt eine \u00fcberraschende \u00dcbereinkunft, was generelle Farbtrends angeht. Haben sich die Designer etwa vorher abgesprochen? Tats\u00e4chlich werden die Farbkarten bereits 2 Jahre vorher von den Stoffproduzenten, den Webern, Druckern und Garnherstellern festgelegt. Aus diesen Stoffkollektionen bedienen sich die Designer und voil\u00e0: Es zeichnen sich eindeutige Farbtendenzen ab, die sich wie ein roter Faden durch die verschiedenen internationalen Kollektionen durchziehen.<\/p>\n<figure id=\"attachment_12485\" aria-describedby=\"caption-attachment-12485\" style=\"width: 600px\" class=\"wp-caption aligncenter\"><img loading=\"lazy\" decoding=\"async\" class=\"wp-image-12485 size-full\" title=\"Modedesignerin bei der Arbeit\" src=\"https:\/\/www.textilwaren24.eu\/magazin\/wp-content\/uploads\/2018\/12\/Modedesigner.jpg\" alt=\"Modedesignerin bei der Arbeit\" width=\"600\" height=\"401\" srcset=\"https:\/\/www.textilwaren24.eu\/magazin\/wp-content\/uploads\/2018\/12\/Modedesigner.jpg 600w, https:\/\/www.textilwaren24.eu\/magazin\/wp-content\/uploads\/2018\/12\/Modedesigner-300x201.jpg 300w, https:\/\/www.textilwaren24.eu\/magazin\/wp-content\/uploads\/2018\/12\/Modedesigner-110x75.jpg 110w\" sizes=\"(max-width: 600px) 100vw, 600px\" \/><figcaption id=\"caption-attachment-12485\" class=\"wp-caption-text\">\u00a9 nuiiko \/ Fotolia.com<\/figcaption><\/figure>\n<h2><span class=\"ez-toc-section\" id=\"Farbtendenz_fuer_den_Fruehling_Pastelltoene_gehoeren_2019_unbedingt_dazu\"><\/span>Farbtendenz f\u00fcr den Fr\u00fchling: Pastellt\u00f6ne geh\u00f6ren 2019 unbedingt dazu<span class=\"ez-toc-section-end\"><\/span><\/h2>\n<p style=\"text-align: justify;\">Wenn die Temperaturen steigen, die Natur langsam erwacht und die ersten Knospen sich in zartem Gr\u00fcn \u00f6ffnen, regt sich bei den meisten Menschen die Sehnsucht nach Leichtigkeit und Frische bei der Wahl der Bekleidung. Kleidungsst\u00fccke in dunklen Winterfarben werden in den Kleiderschrank ganz nach hinten verbannt. Traumhafte Pastellfarben machen Lust auf die kommende Modesaison. Pastellt\u00f6ne sind seit jeher eine sch\u00f6ne Alternative zu den Knallfarben. Ein Outfit in starken Farben schreit f\u00f6rmlich: &#8222;Hier bin ich!&#8220; und das ist nicht jedermanns Sache. Angenehm dezent und edel wirken softe Sorbet-Farben und Sandt\u00f6ne. Pudert\u00f6ne und vornehme Pastellnuancen schmeicheln ganz besonders dem Teint. Freuen Sie sich auf die zarten Trendnuancen!<\/p>\n<figure id=\"attachment_12470\" aria-describedby=\"caption-attachment-12470\" style=\"width: 600px\" class=\"wp-caption aligncenter\"><img loading=\"lazy\" decoding=\"async\" class=\"wp-image-12470 size-full\" title=\"Pastellt\u00f6ne und Pudert\u00f6ne sind absolut im kommen!\" src=\"https:\/\/www.textilwaren24.eu\/magazin\/wp-content\/uploads\/2018\/12\/Pastellt\u00f6ne.jpg\" alt=\"Pastellt\u00f6ne und Pudert\u00f6ne sind absolut im kommen!\" width=\"600\" height=\"401\" srcset=\"https:\/\/www.textilwaren24.eu\/magazin\/wp-content\/uploads\/2018\/12\/Pastellt\u00f6ne.jpg 600w, https:\/\/www.textilwaren24.eu\/magazin\/wp-content\/uploads\/2018\/12\/Pastellt\u00f6ne-300x201.jpg 300w, https:\/\/www.textilwaren24.eu\/magazin\/wp-content\/uploads\/2018\/12\/Pastellt\u00f6ne-110x75.jpg 110w\" sizes=\"(max-width: 600px) 100vw, 600px\" \/><figcaption id=\"caption-attachment-12470\" class=\"wp-caption-text\">\u00a9 Victoria Chudinova \/ Fotolia.com<\/figcaption><\/figure>\n<h2><span class=\"ez-toc-section\" id=\"Die_Basis_fuer_alle_Modefarben_2019_Trendfarbe_Reinweiss\"><\/span>Die Basis f\u00fcr alle Modefarben 2019: Trendfarbe Reinwei\u00df<span class=\"ez-toc-section-end\"><\/span><\/h2>\n<p style=\"text-align: justify;\">Perfekt zur zart gebr\u00e4unten Sommerhaut: Unschuldiges Reinwei\u00df zieht sich als Modetrend durch die n\u00e4chste Saison. Wei\u00dfe <a href=\"https:\/\/www.textilwaren24.eu\/hemden-blusen\">Blusen<\/a> bekommen eine ganz neue Bedeutung. Sie fristen ihr Dasein nicht mehr nur als Accessoire zum Darunterziehen sondern d\u00fcrfen nun auch gern solo getragen werden. Oversized Schnitte, gro\u00dfe aufgesetzte <a href=\"https:\/\/www.textilwaren24.eu\/taschen-rucksaecke\">Taschen<\/a> oder besonders hohe Kragen machen die wei\u00dfe Bluse zu einem modernen Statement Piece.<\/p>\n<p><img loading=\"lazy\" decoding=\"async\" class=\"aligncenter wp-image-12473 size-full\" title=\"Fruit of the Loom Lady-Fit Long Sleeve Poplin Bluse\" src=\"https:\/\/www.textilwaren24.eu\/magazin\/wp-content\/uploads\/2018\/12\/Fruit-of-the-Loom-Lady-Fit-Long-Sleeve-Poplin-Bluse.jpg\" alt=\"Fruit of the Loom Lady-Fit Long Sleeve Poplin Bluse\" width=\"400\" height=\"417\" srcset=\"https:\/\/www.textilwaren24.eu\/magazin\/wp-content\/uploads\/2018\/12\/Fruit-of-the-Loom-Lady-Fit-Long-Sleeve-Poplin-Bluse.jpg 400w, https:\/\/www.textilwaren24.eu\/magazin\/wp-content\/uploads\/2018\/12\/Fruit-of-the-Loom-Lady-Fit-Long-Sleeve-Poplin-Bluse-288x300.jpg 288w\" sizes=\"(max-width: 400px) 100vw, 400px\" \/><\/p>\n<p style=\"text-align: justify;\">Traumhafte Kleider aus wei\u00dfer Spitze im Boho Stil machen sich in purem Wei\u00df am besten. Kombinieren Sie dazu kernige <a href=\"https:\/\/www.textilwaren24.eu\/accessoires\">Accessoires<\/a> wie Sandalen und Handtasche in cognacfarbenem Leder f\u00fcr einen modernen Kontrast.<\/p>\n<h2><span class=\"ez-toc-section\" id=\"Neu_auf_der_Farbkarte_Modefarbe_Puderblau_und_Kobalt\"><\/span>Neu auf der Farbkarte: Modefarbe Puderblau und Kobalt<span class=\"ez-toc-section-end\"><\/span><\/h2>\n<p style=\"text-align: justify;\">Geh\u00f6rte Hellblau bereits 2018 zu den beliebtesten Nuancen der Fashionistas, wird f\u00fcr 2019 Puderblau zur Trendfarbe, die auf allen internationalen Laufstegen von den Couturiers gezeigt wurde. Der pastellige Blauton hat eine etwas st\u00e4rkere Leuchtkraft als das brave Hellblau der letzten Saison und ist wunderbar im Alltag tragbar, wenn man ihn mit warmen Erdt\u00f6nen oder mit dem kr\u00e4ftigen Kobaltblau kombiniert. Achtung: Ein Look ganz in Puderblau kann sehr m\u00e4dchenhaft anmuten. Wenn Sie im Office ernst genommen werden wollen, verzichten Sie besser auf den Komplettlook im pudrigen Blau. Selbstbewusster wirkt Kobaltblau, eine etwas sattere Farbe mit fast majest\u00e4tischer Ausstrahlung. Ob schimmerndes Maxikleid am Abend, sportlicher Overall oder klassischer Blazer: Kobaltblau ist ein Farbton f\u00fcr Powerfrauen, die sich f\u00fcr Modetrends begeistern k\u00f6nnen.<\/p>\n<figure id=\"attachment_12475\" aria-describedby=\"caption-attachment-12475\" style=\"width: 600px\" class=\"wp-caption aligncenter\"><img loading=\"lazy\" decoding=\"async\" class=\"wp-image-12475 size-full\" title=\"Puderblau: Die Farbe des Fr\u00fchjahres\" src=\"https:\/\/www.textilwaren24.eu\/magazin\/wp-content\/uploads\/2018\/12\/Puderblau.jpg\" alt=\"Puderblau: Die Farbe des Fr\u00fchjahres\" width=\"600\" height=\"370\" srcset=\"https:\/\/www.textilwaren24.eu\/magazin\/wp-content\/uploads\/2018\/12\/Puderblau.jpg 600w, https:\/\/www.textilwaren24.eu\/magazin\/wp-content\/uploads\/2018\/12\/Puderblau-300x185.jpg 300w\" sizes=\"(max-width: 600px) 100vw, 600px\" \/><figcaption id=\"caption-attachment-12475\" class=\"wp-caption-text\">\u00a9 artifirsov \/ Fotolia.com<\/figcaption><\/figure>\n<h2><span class=\"ez-toc-section\" id=\"Kein_Rezept_gegen_Gelbfieber\"><\/span>Kein Rezept gegen Gelbfieber<span class=\"ez-toc-section-end\"><\/span><\/h2>\n<p style=\"text-align: justify;\">Wer modisch etwas auf sich h\u00e4lt, kommt um die Modefarbe Gelb im Fr\u00fchling nicht herum. Geh\u00f6ren Sie zu den Menschen, die glauben, Gelb stehe Ihnen nicht? Dann haben Sie den richtigen Gelbton f\u00fcr Ihren Teint vielleicht noch nicht gefunden. Wer mit dem leuchtenden Sonnengelb bislang nicht zurechtkam, sollte in der aktuellen Saison auf ein frisches Zitronengelb oder blasses Gelb mit hohem Wei\u00dfanteil setzen. Gelb zeigt sich n\u00e4mlich in 2019 in den sch\u00f6nsten Nuancen von Limette \u00fcber Ringelblume bis Vanille, sodass auch hellere Hauttypen ihren Lieblingston garantiert finden k\u00f6nnen. Trendsetter kombinieren ein hellgelbes Strickoberteil mit kurzem Arm zum olivfarbenen Rock oder zur wei\u00dfen <a href=\"https:\/\/www.textilwaren24.eu\/hosen-shorts\">Hose<\/a> oder w\u00e4hlen ein Kleid im 60-er Jahre Stil mit exotischem Blumendruck in Gr\u00fcn- und Gelbt\u00f6nen. Tipp: Besonders angesagt ist die Kombination von Gelb mit der Trendfarbe Salbei.<\/p>\n<p><a href=\"https:\/\/www.textilwaren24.eu\/t-shirts\/fashion-t-shirts-fuer-sie-und-ihn\/fashion-t-shirts-fuer-sie-ihn-ringer\/l01399-sol-s-women-s-round-neck-striped-t-shirt-miles\"><img loading=\"lazy\" decoding=\"async\" class=\"alignnone wp-image-12476 size-full\" title=\"SOL\u00b4S Women&#96;s Round Neck Striped T-Shirt Miles\" src=\"https:\/\/www.textilwaren24.eu\/magazin\/wp-content\/uploads\/2018\/12\/SOL\u00b4S-Womens-Round-Neck-Striped-T-Shirt-Miles.jpg\" alt=\"SOL\u00b4S Women&#96;s Round Neck Striped T-Shirt Miles\" width=\"300\" height=\"284\" \/><\/a>\u00a0<img loading=\"lazy\" decoding=\"async\" class=\"alignnone wp-image-12477 size-full\" title=\"Promodoro Women\u00b4s Casual Pants\" src=\"https:\/\/www.textilwaren24.eu\/magazin\/wp-content\/uploads\/2018\/12\/Promodoro-Women\u00b4s-Casual-Pants.jpg\" alt=\"Promodoro Women\u00b4s Casual Pants\" width=\"300\" height=\"304\" srcset=\"https:\/\/www.textilwaren24.eu\/magazin\/wp-content\/uploads\/2018\/12\/Promodoro-Women\u00b4s-Casual-Pants.jpg 300w, https:\/\/www.textilwaren24.eu\/magazin\/wp-content\/uploads\/2018\/12\/Promodoro-Women\u00b4s-Casual-Pants-296x300.jpg 296w\" sizes=\"(max-width: 300px) 100vw, 300px\" \/><\/p>\n<h2><span class=\"ez-toc-section\" id=\"Gruentoene_kommen_im_Fruehjahr_2019_besonders_gross_heraus\"><\/span>Gr\u00fcnt\u00f6ne kommen im Fr\u00fchjahr 2019 besonders gro\u00df heraus.<span class=\"ez-toc-section-end\"><\/span><\/h2>\n<p style=\"text-align: justify;\">Die Analyse der wichtigsten Trendshows hinterl\u00e4sst den Eindruck, die Designer h\u00e4tten sich bei Ihrer Farbauswahl besonders von duftenden Kr\u00e4utern aus der Botanik inspirieren lassen. Olivgr\u00fcn und Pistazie bleiben weiterhin angesagt, ganz gro\u00df auf den Laufstegen herausgekommen ist jedoch das Gr\u00fcn von Salbei. Das cremige Gr\u00fcn macht Appetit auf Mode und l\u00e4sst sich hervorragend mit blassem Gelb oder Puderblau mixen.<\/p>\n<p><a href=\"https:\/\/www.textilwaren24.eu\/t-shirts\/basic-t-shirts-fuer-sie-und-ihn\/basic-t-shirts-fuer-sie-ihn-basic\/jhk152-jhk-regular-lady-comfort-t-shirt\"><img loading=\"lazy\" decoding=\"async\" class=\"aligncenter wp-image-12479 size-full\" title=\"JHK Regular Lady Comfort T-Shirt\" src=\"https:\/\/www.textilwaren24.eu\/magazin\/wp-content\/uploads\/2018\/12\/JHK-Regular-Lady-Comfort-T-Shir.jpg\" alt=\"JHK Regular Lady Comfort T-Shirt\" width=\"400\" height=\"347\" srcset=\"https:\/\/www.textilwaren24.eu\/magazin\/wp-content\/uploads\/2018\/12\/JHK-Regular-Lady-Comfort-T-Shir.jpg 400w, https:\/\/www.textilwaren24.eu\/magazin\/wp-content\/uploads\/2018\/12\/JHK-Regular-Lady-Comfort-T-Shir-300x260.jpg 300w\" sizes=\"(max-width: 400px) 100vw, 400px\" \/><\/a><\/p>\n<p style=\"text-align: justify;\">Avantgardistisch wirken Einteiler mit botanischen Prints in Salbeigr\u00fcn in Kombination mit dunklerem Petrol. \u00dcberhaupt sind Motive von tropischem Blattwerk und Palmwedeln in Gr\u00fcnt\u00f6nen f\u00fcr den Sommer 2019 ein ganz hei\u00dfer Tipp. Wer es eher klassisch mag: Warum sollten Sie als Hochzeitsgast nicht mal ein salbeifarbenes Etuikleid ganz aus edler Spitze tragen? Trendsetterinnen kombinieren dazu gekonnt Leder-Accessoires in zartem Gelb.<\/p>\n<h2><span class=\"ez-toc-section\" id=\"Zarte_Rosatoene_statt_Barbie-Pink\"><\/span>Zarte Rosat\u00f6ne statt Barbie-Pink<span class=\"ez-toc-section-end\"><\/span><\/h2>\n<p style=\"text-align: justify;\">Keine Sorge: Das beliebte Magenta, Kosename &#8222;Barbie-Pink&#8220;, ist nach wie vor eine wichtige Farbe f\u00fcr die Sommersaison. Die Blush-T\u00f6ne allerdings sind sehr viel zur\u00fcckhaltender. Wenn Rosen verbl\u00fchen, entstehen die sch\u00f6nsten Ros\u00e9nuancen, die von vielen Modesch\u00f6pfern aufgegriffen wurden. Die sensiblen Pudert\u00f6ne von Altrosa bis hin zu blassen Nudet\u00f6nen sind wunderbar feminin und wurden in fast allen Trendkollektionen gezeigt.<\/p>\n<p><img loading=\"lazy\" decoding=\"async\" class=\"alignnone wp-image-12481 \" title=\"Bella Flowy Boxy T-Shirt\" src=\"https:\/\/www.textilwaren24.eu\/magazin\/wp-content\/uploads\/2018\/12\/Bella-Flowy-Boxy-T-Shirt.jpg\" alt=\"Bella Flowy Boxy T-Shirt\" width=\"314\" height=\"241\" \/>\u00a0<a href=\"https:\/\/www.textilwaren24.eu\/caps-muetzen\/6-panel-caps\/fx7706-flexfit-curved-classic-snapback\"><img loading=\"lazy\" decoding=\"async\" class=\"alignnone wp-image-12482\" title=\"FLEXFIT Curved Classic Snapback\" src=\"https:\/\/www.textilwaren24.eu\/magazin\/wp-content\/uploads\/2018\/12\/FLEXFIT-Curved-Classic-Snapback.jpg\" alt=\"FLEXFIT Curved Classic Snapback\" width=\"276\" height=\"243\" \/><\/a><\/p>\n<p style=\"text-align: justify;\">Slipkleider und Pyjama-\u00e4hnliche Hosen in gl\u00e4nzendem Satin f\u00fcr einen luxuri\u00f6sen Boudoir Look sind verf\u00fchrerisch, jedoch nicht immer alltagstauglich. Rosat\u00f6ne erscheinen weniger s\u00fc\u00dflich, wenn sie mit Erdfarben gebrochen werden. Babyrosa ist schlie\u00dflich keine Farbe f\u00fcr Powerfrauen. Eine besonders moderne Modefarbe 2019 ist der Farbklang aus Ros\u00e9 mit einem br\u00e4unlichen Toffee-Ton. Bezaubernde rosafarbene Mille-Fleurs-Drucke auf luftigen Kleidern machen Lust auf Sommer. F\u00fcr mehr Coolness w\u00e4hlen Sie klare, moderne Schnitte und kernige Materialien. Brechen Sie den Rosa-Look mit frechen und sportlichen Accessoires auf. Ein ros\u00e9farbenes Oberteil wirkt weniger m\u00e4dchenhaft, wenn Sie es zur zerfetzen Skinny Jeans und modernen Sneakers tragen. Elegant wirken Nude T\u00f6ne, wenn sie mit Wei\u00df und mit schimmernden Gold-Akzenten zusammengestellt werden. Kombinieren Sie beispielsweise eine Seidenbluse in Nude zu einer ausgestellten wei\u00dfen Hose und goldenen Sandalen f\u00fcr einen stilvollen Auftritt.<\/p>\n<p>&nbsp;<\/p>\n","protected":false},"excerpt":{"rendered":"<p>\u00ab Fr\u00fchlingssanft statt knallig \u00bb Ohne Farben keine Mode- und an dieser Stelle verraten wir schon einmal vorab: Es wird bunt. Die Modefarben f\u00fcr 2019 werden so expressiv und fr\u00f6hlich sein wie schon lange nicht mehr. Bevor es im Sommer allerdings modisch richtig knallt, sind im Fr\u00fchling eher sanfte T\u00f6ne angesagt. Welche Pastelle total im &hellip;<\/p>\n","protected":false},"author":2,"featured_media":12469,"comment_status":"closed","ping_status":"open","sticky":false,"template":"","format":"standard","meta":{"footnotes":""},"categories":[1],"tags":[867,529,36,878,549,877,413,879],"class_list":["post-12467","post","type-post","status-publish","format-standard","has-post-thumbnail","hentry","category-fashion","tag-867","tag-fashion","tag-mode","tag-mode-2019","tag-modefarben","tag-modefarben-2019","tag-outfits","tag-trends"],"yoast_head":"<!-- This site is optimized with the Yoast SEO plugin v25.6 - https:\/\/yoast.com\/wordpress\/plugins\/seo\/ -->\n<title>Das sind die Modefarben 2019 - Textilwaren Magazin<\/title>\n<meta name=\"description\" content=\"Was sind die neuen Modefarben? Welche Trends d\u00fcrfen Sie sich 2019 nicht entgehen lassen? \u2013 Die coolsten Farbkombinationen im Textilwaren Magazin!\" \/>\n<meta name=\"robots\" content=\"noindex, follow\" \/>\n<meta property=\"og:locale\" content=\"de_DE\" \/>\n<meta property=\"og:type\" content=\"article\" \/>\n<meta property=\"og:title\" content=\"Das sind die Modefarben 2019 - Textilwaren Magazin\" \/>\n<meta property=\"og:description\" content=\"Was sind die neuen Modefarben? Welche Trends d\u00fcrfen Sie sich 2019 nicht entgehen lassen? \u2013 Die coolsten Farbkombinationen im Textilwaren Magazin!\" \/>\n<meta property=\"og:url\" content=\"https:\/\/www.textilwaren24.eu\/magazin\/das-sind-die-modefarben-2019\/\" \/>\n<meta property=\"og:site_name\" content=\"Textilwaren Magazin\" \/>\n<meta property=\"article:published_time\" content=\"2018-12-14T10:18:41+00:00\" \/>\n<meta property=\"article:modified_time\" content=\"2025-01-30T14:07:10+00:00\" \/>\n<meta property=\"og:image\" content=\"https:\/\/www.textilwaren24.eu\/magazin\/wp-content\/uploads\/2018\/12\/Modische-Frau.jpg\" \/>\n\t<meta property=\"og:image:width\" content=\"660\" \/>\n\t<meta property=\"og:image:height\" content=\"390\" \/>\n\t<meta property=\"og:image:type\" content=\"image\/jpeg\" \/>\n<meta name=\"author\" content=\"admin\" \/>\n<meta name=\"twitter:card\" content=\"summary_large_image\" \/>\n<meta name=\"twitter:label1\" content=\"Verfasst von\" \/>\n\t<meta name=\"twitter:data1\" content=\"admin\" \/>\n\t<meta name=\"twitter:label2\" content=\"Gesch\u00e4tzte Lesezeit\" \/>\n\t<meta name=\"twitter:data2\" content=\"8\u00a0Minuten\" \/>\n<script type=\"application\/ld+json\" class=\"yoast-schema-graph\">{\"@context\":\"https:\/\/schema.org\",\"@graph\":[{\"@type\":\"WebPage\",\"@id\":\"https:\/\/www.textilwaren24.eu\/magazin\/das-sind-die-modefarben-2019\/\",\"url\":\"https:\/\/www.textilwaren24.eu\/magazin\/das-sind-die-modefarben-2019\/\",\"name\":\"Das sind die Modefarben 2019 - Textilwaren Magazin\",\"isPartOf\":{\"@id\":\"https:\/\/www.textilwaren24.eu\/magazin\/#website\"},\"primaryImageOfPage\":{\"@id\":\"https:\/\/www.textilwaren24.eu\/magazin\/das-sind-die-modefarben-2019\/#primaryimage\"},\"image\":{\"@id\":\"https:\/\/www.textilwaren24.eu\/magazin\/das-sind-die-modefarben-2019\/#primaryimage\"},\"thumbnailUrl\":\"https:\/\/www.textilwaren24.eu\/magazin\/wp-content\/uploads\/2018\/12\/Modische-Frau.jpg\",\"datePublished\":\"2018-12-14T10:18:41+00:00\",\"dateModified\":\"2025-01-30T14:07:10+00:00\",\"author\":{\"@id\":\"https:\/\/www.textilwaren24.eu\/magazin\/#\/schema\/person\/9c4e510f1296cc7c4a90e209f49f38b4\"},\"description\":\"Was sind die neuen Modefarben? Welche Trends d\u00fcrfen Sie sich 2019 nicht entgehen lassen? \u2013 Die coolsten Farbkombinationen im Textilwaren Magazin!\",\"breadcrumb\":{\"@id\":\"https:\/\/www.textilwaren24.eu\/magazin\/das-sind-die-modefarben-2019\/#breadcrumb\"},\"inLanguage\":\"de\",\"potentialAction\":[{\"@type\":\"ReadAction\",\"target\":[\"https:\/\/www.textilwaren24.eu\/magazin\/das-sind-die-modefarben-2019\/\"]}]},{\"@type\":\"ImageObject\",\"inLanguage\":\"de\",\"@id\":\"https:\/\/www.textilwaren24.eu\/magazin\/das-sind-die-modefarben-2019\/#primaryimage\",\"url\":\"https:\/\/www.textilwaren24.eu\/magazin\/wp-content\/uploads\/2018\/12\/Modische-Frau.jpg\",\"contentUrl\":\"https:\/\/www.textilwaren24.eu\/magazin\/wp-content\/uploads\/2018\/12\/Modische-Frau.jpg\",\"width\":660,\"height\":390,\"caption\":\"\u00a9 Victoria Chudinova \/ Fotolia.com\"},{\"@type\":\"BreadcrumbList\",\"@id\":\"https:\/\/www.textilwaren24.eu\/magazin\/das-sind-die-modefarben-2019\/#breadcrumb\",\"itemListElement\":[{\"@type\":\"ListItem\",\"position\":1,\"name\":\"Home\",\"item\":\"https:\/\/www.textilwaren24.eu\/magazin\/\"},{\"@type\":\"ListItem\",\"position\":2,\"name\":\"Das sind die Modefarben 2019\"}]},{\"@type\":\"WebSite\",\"@id\":\"https:\/\/www.textilwaren24.eu\/magazin\/#website\",\"url\":\"https:\/\/www.textilwaren24.eu\/magazin\/\",\"name\":\"Textilwaren Magazin\",\"description\":\"\",\"potentialAction\":[{\"@type\":\"SearchAction\",\"target\":{\"@type\":\"EntryPoint\",\"urlTemplate\":\"https:\/\/www.textilwaren24.eu\/magazin\/?s={search_term_string}\"},\"query-input\":{\"@type\":\"PropertyValueSpecification\",\"valueRequired\":true,\"valueName\":\"search_term_string\"}}],\"inLanguage\":\"de\"},{\"@type\":\"Person\",\"@id\":\"https:\/\/www.textilwaren24.eu\/magazin\/#\/schema\/person\/9c4e510f1296cc7c4a90e209f49f38b4\",\"name\":\"admin\",\"image\":{\"@type\":\"ImageObject\",\"inLanguage\":\"de\",\"@id\":\"https:\/\/www.textilwaren24.eu\/magazin\/#\/schema\/person\/image\/\",\"url\":\"https:\/\/secure.gravatar.com\/avatar\/a794a4fe8a9b9c52241597eb381dfa2e?s=96&d=mm&r=g\",\"contentUrl\":\"https:\/\/secure.gravatar.com\/avatar\/a794a4fe8a9b9c52241597eb381dfa2e?s=96&d=mm&r=g\",\"caption\":\"admin\"}}]}<\/script>\n<!-- \/ Yoast SEO plugin. -->","yoast_head_json":{"title":"Das sind die Modefarben 2019 - Textilwaren Magazin","description":"Was sind die neuen Modefarben? Welche Trends d\u00fcrfen Sie sich 2019 nicht entgehen lassen? \u2013 Die coolsten Farbkombinationen im Textilwaren Magazin!","robots":{"index":"noindex","follow":"follow"},"og_locale":"de_DE","og_type":"article","og_title":"Das sind die Modefarben 2019 - Textilwaren Magazin","og_description":"Was sind die neuen Modefarben? Welche Trends d\u00fcrfen Sie sich 2019 nicht entgehen lassen? \u2013 Die coolsten Farbkombinationen im Textilwaren Magazin!","og_url":"https:\/\/www.textilwaren24.eu\/magazin\/das-sind-die-modefarben-2019\/","og_site_name":"Textilwaren Magazin","article_published_time":"2018-12-14T10:18:41+00:00","article_modified_time":"2025-01-30T14:07:10+00:00","og_image":[{"width":660,"height":390,"url":"https:\/\/www.textilwaren24.eu\/magazin\/wp-content\/uploads\/2018\/12\/Modische-Frau.jpg","type":"image\/jpeg"}],"author":"admin","twitter_card":"summary_large_image","twitter_misc":{"Verfasst von":"admin","Gesch\u00e4tzte Lesezeit":"8\u00a0Minuten"},"schema":{"@context":"https:\/\/schema.org","@graph":[{"@type":"WebPage","@id":"https:\/\/www.textilwaren24.eu\/magazin\/das-sind-die-modefarben-2019\/","url":"https:\/\/www.textilwaren24.eu\/magazin\/das-sind-die-modefarben-2019\/","name":"Das sind die Modefarben 2019 - Textilwaren Magazin","isPartOf":{"@id":"https:\/\/www.textilwaren24.eu\/magazin\/#website"},"primaryImageOfPage":{"@id":"https:\/\/www.textilwaren24.eu\/magazin\/das-sind-die-modefarben-2019\/#primaryimage"},"image":{"@id":"https:\/\/www.textilwaren24.eu\/magazin\/das-sind-die-modefarben-2019\/#primaryimage"},"thumbnailUrl":"https:\/\/www.textilwaren24.eu\/magazin\/wp-content\/uploads\/2018\/12\/Modische-Frau.jpg","datePublished":"2018-12-14T10:18:41+00:00","dateModified":"2025-01-30T14:07:10+00:00","author":{"@id":"https:\/\/www.textilwaren24.eu\/magazin\/#\/schema\/person\/9c4e510f1296cc7c4a90e209f49f38b4"},"description":"Was sind die neuen Modefarben? Welche Trends d\u00fcrfen Sie sich 2019 nicht entgehen lassen? \u2013 Die coolsten Farbkombinationen im Textilwaren Magazin!","breadcrumb":{"@id":"https:\/\/www.textilwaren24.eu\/magazin\/das-sind-die-modefarben-2019\/#breadcrumb"},"inLanguage":"de","potentialAction":[{"@type":"ReadAction","target":["https:\/\/www.textilwaren24.eu\/magazin\/das-sind-die-modefarben-2019\/"]}]},{"@type":"ImageObject","inLanguage":"de","@id":"https:\/\/www.textilwaren24.eu\/magazin\/das-sind-die-modefarben-2019\/#primaryimage","url":"https:\/\/www.textilwaren24.eu\/magazin\/wp-content\/uploads\/2018\/12\/Modische-Frau.jpg","contentUrl":"https:\/\/www.textilwaren24.eu\/magazin\/wp-content\/uploads\/2018\/12\/Modische-Frau.jpg","width":660,"height":390,"caption":"\u00a9 Victoria Chudinova \/ Fotolia.com"},{"@type":"BreadcrumbList","@id":"https:\/\/www.textilwaren24.eu\/magazin\/das-sind-die-modefarben-2019\/#breadcrumb","itemListElement":[{"@type":"ListItem","position":1,"name":"Home","item":"https:\/\/www.textilwaren24.eu\/magazin\/"},{"@type":"ListItem","position":2,"name":"Das sind die Modefarben 2019"}]},{"@type":"WebSite","@id":"https:\/\/www.textilwaren24.eu\/magazin\/#website","url":"https:\/\/www.textilwaren24.eu\/magazin\/","name":"Textilwaren Magazin","description":"","potentialAction":[{"@type":"SearchAction","target":{"@type":"EntryPoint","urlTemplate":"https:\/\/www.textilwaren24.eu\/magazin\/?s={search_term_string}"},"query-input":{"@type":"PropertyValueSpecification","valueRequired":true,"valueName":"search_term_string"}}],"inLanguage":"de"},{"@type":"Person","@id":"https:\/\/www.textilwaren24.eu\/magazin\/#\/schema\/person\/9c4e510f1296cc7c4a90e209f49f38b4","name":"admin","image":{"@type":"ImageObject","inLanguage":"de","@id":"https:\/\/www.textilwaren24.eu\/magazin\/#\/schema\/person\/image\/","url":"https:\/\/secure.gravatar.com\/avatar\/a794a4fe8a9b9c52241597eb381dfa2e?s=96&d=mm&r=g","contentUrl":"https:\/\/secure.gravatar.com\/avatar\/a794a4fe8a9b9c52241597eb381dfa2e?s=96&d=mm&r=g","caption":"admin"}}]}},"_links":{"self":[{"href":"https:\/\/www.textilwaren24.eu\/magazin\/wp-json\/wp\/v2\/posts\/12467"}],"collection":[{"href":"https:\/\/www.textilwaren24.eu\/magazin\/wp-json\/wp\/v2\/posts"}],"about":[{"href":"https:\/\/www.textilwaren24.eu\/magazin\/wp-json\/wp\/v2\/types\/post"}],"author":[{"embeddable":true,"href":"https:\/\/www.textilwaren24.eu\/magazin\/wp-json\/wp\/v2\/users\/2"}],"replies":[{"embeddable":true,"href":"https:\/\/www.textilwaren24.eu\/magazin\/wp-json\/wp\/v2\/comments?post=12467"}],"version-history":[{"count":12,"href":"https:\/\/www.textilwaren24.eu\/magazin\/wp-json\/wp\/v2\/posts\/12467\/revisions"}],"predecessor-version":[{"id":34824,"href":"https:\/\/www.textilwaren24.eu\/magazin\/wp-json\/wp\/v2\/posts\/12467\/revisions\/34824"}],"wp:featuredmedia":[{"embeddable":true,"href":"https:\/\/www.textilwaren24.eu\/magazin\/wp-json\/wp\/v2\/media\/12469"}],"wp:attachment":[{"href":"https:\/\/www.textilwaren24.eu\/magazin\/wp-json\/wp\/v2\/media?parent=12467"}],"wp:term":[{"taxonomy":"category","embeddable":true,"href":"https:\/\/www.textilwaren24.eu\/magazin\/wp-json\/wp\/v2\/categories?post=12467"},{"taxonomy":"post_tag","embeddable":true,"href":"https:\/\/www.textilwaren24.eu\/magazin\/wp-json\/wp\/v2\/tags?post=12467"}],"curies":[{"name":"wp","href":"https:\/\/api.w.org\/{rel}","templated":true}]}}