{"id":12566,"date":"2018-12-28T11:13:46","date_gmt":"2018-12-28T10:13:46","guid":{"rendered":"https:\/\/www.textilwaren24.eu\/magazin\/?p=12566"},"modified":"2025-08-27T11:25:27","modified_gmt":"2025-08-27T09:25:27","slug":"wintermuetzen-fuer-kinder","status":"publish","type":"post","link":"https:\/\/www.textilwaren24.eu\/magazin\/wintermuetzen-fuer-kinder\/","title":{"rendered":"Winterm\u00fctzen f\u00fcr Kinder"},"content":{"rendered":"<div id=\"ez-toc-container\" class=\"ez-toc-v2_0_77 ez-toc-wrap-center counter-hierarchy ez-toc-counter ez-toc-grey ez-toc-container-direction\">\n<div class=\"ez-toc-title-container\">\n<p class=\"ez-toc-title\" style=\"cursor:inherit\">Inhaltsverzeichnis<\/p>\n<span class=\"ez-toc-title-toggle\"><a href=\"#\" class=\"ez-toc-pull-right ez-toc-btn ez-toc-btn-xs ez-toc-btn-default ez-toc-toggle\" aria-label=\"Toggle Table of Content\"><span class=\"ez-toc-js-icon-con\"><span class=\"\"><span class=\"eztoc-hide\" style=\"display:none;\">Toggle<\/span><span class=\"ez-toc-icon-toggle-span\"><svg style=\"fill: #999;color:#999\" xmlns=\"http:\/\/www.w3.org\/2000\/svg\" class=\"list-377408\" width=\"20px\" height=\"20px\" viewBox=\"0 0 24 24\" fill=\"none\"><path d=\"M6 6H4v2h2V6zm14 0H8v2h12V6zM4 11h2v2H4v-2zm16 0H8v2h12v-2zM4 16h2v2H4v-2zm16 0H8v2h12v-2z\" fill=\"currentColor\"><\/path><\/svg><svg style=\"fill: #999;color:#999\" class=\"arrow-unsorted-368013\" xmlns=\"http:\/\/www.w3.org\/2000\/svg\" width=\"10px\" height=\"10px\" viewBox=\"0 0 24 24\" version=\"1.2\" baseProfile=\"tiny\"><path d=\"M18.2 9.3l-6.2-6.3-6.2 6.3c-.2.2-.3.4-.3.7s.1.5.3.7c.2.2.4.3.7.3h11c.3 0 .5-.1.7-.3.2-.2.3-.5.3-.7s-.1-.5-.3-.7zM5.8 14.7l6.2 6.3 6.2-6.3c.2-.2.3-.5.3-.7s-.1-.5-.3-.7c-.2-.2-.4-.3-.7-.3h-11c-.3 0-.5.1-.7.3-.2.2-.3.5-.3.7s.1.5.3.7z\"\/><\/svg><\/span><\/span><\/span><\/a><\/span><\/div>\n<nav><ul class='ez-toc-list ez-toc-list-level-1 ' ><li class='ez-toc-page-1 ez-toc-heading-level-2'><a class=\"ez-toc-link ez-toc-heading-1\" href=\"https:\/\/www.textilwaren24.eu\/magazin\/wintermuetzen-fuer-kinder\/#%C2%AB_Warme_Ohren_fuer_die_Kleinen_%C2%BB\" >\u00ab Warme Ohren f\u00fcr die Kleinen \u00bb<\/a><\/li><li class='ez-toc-page-1 ez-toc-heading-level-2'><a class=\"ez-toc-link ez-toc-heading-2\" href=\"https:\/\/www.textilwaren24.eu\/magazin\/wintermuetzen-fuer-kinder\/#Wintermuetzen_fuer_Kinder_in_kindgerechten_Materialien\" >Winterm\u00fctzen f\u00fcr Kinder in kindgerechten Materialien<\/a><\/li><li class='ez-toc-page-1 ez-toc-heading-level-2'><a class=\"ez-toc-link ez-toc-heading-3\" href=\"https:\/\/www.textilwaren24.eu\/magazin\/wintermuetzen-fuer-kinder\/#Schneefloeckchen_Weissroeckchen_Muetzen_fuer_Maedchen_im_Winterwunderland\" >Schneefl\u00f6ckchen, Wei\u00dfr\u00f6ckchen: M\u00fctzen f\u00fcr M\u00e4dchen im Winterwunderland<\/a><\/li><li class='ez-toc-page-1 ez-toc-heading-level-2'><a class=\"ez-toc-link ez-toc-heading-4\" href=\"https:\/\/www.textilwaren24.eu\/magazin\/wintermuetzen-fuer-kinder\/#Winterspass_fuer_Jungen_Nicht_ohne_meine_Bommelmuetze\" >Winterspa\u00df f\u00fcr Jungen: Nicht ohne meine Bommelm\u00fctze<\/a><\/li><li class='ez-toc-page-1 ez-toc-heading-level-2'><a class=\"ez-toc-link ez-toc-heading-5\" href=\"https:\/\/www.textilwaren24.eu\/magazin\/wintermuetzen-fuer-kinder\/#Suesse_Babymuetzen_fuer_die_Kleinsten\" >S\u00fc\u00dfe Babym\u00fctzen f\u00fcr die Kleinsten<\/a><\/li><\/ul><\/nav><\/div>\n<h2><span class=\"ez-toc-section\" id=\"%C2%AB_Warme_Ohren_fuer_die_Kleinen_%C2%BB\"><\/span>\u00ab Warme Ohren f\u00fcr die Kleinen \u00bb<span class=\"ez-toc-section-end\"><\/span><\/h2>\n<p style=\"text-align: justify;\"><strong>Im Herbst beginnt die Zeit, Ihren Kindern eine neue <\/strong><a href=\"https:\/\/www.textilwaren24.eu\/caps-muetzen\/muetzenwintermuetzen\"><strong>Winterm\u00fctze<\/strong><\/a><strong> zu spendieren. An manchen Tagen wird es jetzt schon empfindlich kalt und ungem\u00fctlich. Warum sollte der Nachwuchs sich in der kalten Jahreszeit davon abhalten lassen, drau\u00dfen spielen? Jungen und M\u00e4dchen haben jede Menge Ideen, was sie im Winter spielen wollen. Dazu geh\u00f6rt nat\u00fcrlich die richtige Kopfbedeckung, die den Kopf Ihres Spr\u00f6sslings sch\u00f6n warmh\u00e4lt. Ob Strickm\u00fctze, Fleecem\u00fctze oder Bommelm\u00fctze: Erfahren Sie hier, worauf es bei Winterm\u00fctzen f\u00fcr Kinder ankommt.<\/strong><\/p>\n<h2><span class=\"ez-toc-section\" id=\"Wintermuetzen_fuer_Kinder_in_kindgerechten_Materialien\"><\/span>Winterm\u00fctzen f\u00fcr Kinder in kindgerechten Materialien<span class=\"ez-toc-section-end\"><\/span><\/h2>\n<p style=\"text-align: justify;\">Nicht alle Kinder haben eine positive Einstellung Kopfbedeckungen gegen\u00fcber. Wenn Kinder gezwungen werden, Omas kratzige, handgestrickte M\u00fctzen aus reiner Wolle zu tragen, werden sie lieber eine Kopfgrippe riskieren, als sie aufzusetzen. Die Stirnhaut der Kids ist sehr sensibel und reagiert auf kratzende Materialien. Wie gut, dass es heute eine gro\u00dfe Auswahl an modischen Kinderm\u00fctzen aus kuscheligen Stoffen gibt, die nicht nur die zarten Ohren sch\u00fctzen, sondern sich auch angenehm anf\u00fchlen. Es gibt nichts unangenehmeres, als wenn eine Wollm\u00fctze auf der zarten Kinderhaut juckt. Das ist auch der Grund, warum viele gestrickte Kopfbedeckungen mit einem w\u00e4rmenden und samtweichen Fleece Stoff gef\u00fcttert sind. <a href=\"https:\/\/www.textilwaren24.eu\/fleeceartikel\">Fleece<\/a> ist ein Material, das sich kuschelig weich anf\u00fchlt, sehr warmh\u00e4lt, schnell trocknet und sich leicht pflegen l\u00e4sst. Diese idealen Fleecem\u00fctzen der Marke <a href=\"https:\/\/www.textilwaren24.eu\/result\/\">Result<\/a> sind in vielen fr\u00f6hlichen Farben erh\u00e4ltlich, die den Kleinen garantiert gefallen werden. Achten Sie also beim Kauf einer Winterm\u00fctze f\u00fcr die Kids nicht nur auf den Modefaktor, sondern auch auf Hautvertr\u00e4glichkeit.<\/p>\n<p><a href=\"https:\/\/www.textilwaren24.eu\/caps-muetzen\/muetzenwintermuetzen\/cb243-beechfield-suprafleece-ski-hat\"><img loading=\"lazy\" decoding=\"async\" class=\"alignnone wp-image-12582 \" title=\"Beechfield Suprafleece\u0099 Ski Hat\" src=\"https:\/\/www.textilwaren24.eu\/magazin\/wp-content\/uploads\/2018\/12\/Beechfield-Suprafleece_-Ski-Hat.jpg\" alt=\"Beechfield Suprafleece\u0099 Ski Hat\" width=\"268\" height=\"304\" srcset=\"https:\/\/www.textilwaren24.eu\/magazin\/wp-content\/uploads\/2018\/12\/Beechfield-Suprafleece_-Ski-Hat.jpg 300w, https:\/\/www.textilwaren24.eu\/magazin\/wp-content\/uploads\/2018\/12\/Beechfield-Suprafleece_-Ski-Hat-264x300.jpg 264w\" sizes=\"(max-width: 268px) 100vw, 268px\" \/><\/a>\u00a0<a href=\"https:\/\/www.textilwaren24.eu\/caps-muetzen\/muetzenwintermuetzen\/rt141-result-winter-essentials-fleece-ski-bob-hat\"><img loading=\"lazy\" decoding=\"async\" class=\"alignnone wp-image-12583\" title=\"Result Winter Essentials Fleece Ski Bob Hat\" src=\"https:\/\/www.textilwaren24.eu\/magazin\/wp-content\/uploads\/2018\/12\/Result-Winter-Essentials-Fleece-Ski-Bob-Hat.jpg\" alt=\"Result Winter Essentials Fleece Ski Bob Hat\" width=\"334\" height=\"304\" \/><\/a><\/p>\n<h2><span class=\"ez-toc-section\" id=\"Schneefloeckchen_Weissroeckchen_Muetzen_fuer_Maedchen_im_Winterwunderland\"><\/span>Schneefl\u00f6ckchen, Wei\u00dfr\u00f6ckchen: M\u00fctzen f\u00fcr M\u00e4dchen im Winterwunderland<span class=\"ez-toc-section-end\"><\/span><\/h2>\n<p style=\"text-align: justify;\">In der Winterzeit k\u00f6nnen Kinderm\u00fctzen f\u00fcr M\u00e4dchen zu bezaubernden Accessoires werden. Wenn die Natur durch glitzernden Schnee in ein Winterwunderland verwandelt wird, sind die Lieblingsbesch\u00e4ftigungen der M\u00e4dchen Eislaufen, Schlittenfahren und Schneeballschlachten. Bei so viel Aktivit\u00e4t in der K\u00e4lte sollte allerdings keine Schneeflocke in den zarten Halsausschnitt gelangen. Schalm\u00fctzen sind f\u00fcr Aktionen im Schnee besonders gut geeignet, denn der angen\u00e4hte Schal w\u00e4rmt den Hals und l\u00e4sst K\u00e4lte und Feuchtigkeit nicht eindringen. So kann die s\u00fc\u00dfe Maus nach Lust und Laune drau\u00dfen toben und bleibt warm und trocken. Oder soll es eine Strickm\u00fctze mit angeschnittenen Ohrenklappen sein? Solche Winterm\u00fctzen sehen bezaubernd aus und halten Kopf und \u00d6hrchen kuschelig warm.<\/p>\n<figure id=\"attachment_12570\" aria-describedby=\"caption-attachment-12570\" style=\"width: 600px\" class=\"wp-caption aligncenter\"><img loading=\"lazy\" decoding=\"async\" class=\"wp-image-12570 size-full\" title=\"Kinder beim Spielen im Freien\" src=\"https:\/\/www.textilwaren24.eu\/magazin\/wp-content\/uploads\/2018\/12\/Kinder.jpg\" alt=\"Kinder beim Spielen im Freien\" width=\"600\" height=\"404\" srcset=\"https:\/\/www.textilwaren24.eu\/magazin\/wp-content\/uploads\/2018\/12\/Kinder.jpg 600w, https:\/\/www.textilwaren24.eu\/magazin\/wp-content\/uploads\/2018\/12\/Kinder-300x202.jpg 300w, https:\/\/www.textilwaren24.eu\/magazin\/wp-content\/uploads\/2018\/12\/Kinder-110x75.jpg 110w\" sizes=\"(max-width: 600px) 100vw, 600px\" \/><figcaption id=\"caption-attachment-12570\" class=\"wp-caption-text\">\u00a9 Irina Schmidt \/ Fotolia.com<\/figcaption><\/figure>\n<p style=\"text-align: justify;\">Wird es richtig eisig, sind die mit Pelzimitat gef\u00fctterten Ohrenklappen der traditionellen Lappenm\u00fctzen ideale W\u00e4rmespender. Ob auf dem Schulweg oder Spielplatz: Kopfbedeckungen f\u00fcr M\u00e4dels sind nicht nur praktisch, sondern verleihen jedem Outfit ein stylisches Finish. Gibt es etwas Sch\u00f6neres, als in das strahlende Gesicht eines M\u00e4dchens zu schauen, das seine Lieblingsm\u00fctze aufgesetzt hat? Strickm\u00fctzen oder Bommelm\u00fctzen f\u00fcr M\u00e4dchen sind ideale Kombipartner, denn eine modische M\u00fctze kann die Winterbekleidung Ihrer Tochter immer wieder neu aufpeppen. Schlie\u00dflich lieben es die kleinen Prinzessinnen, sich m\u00f6glichst oft zu verwandeln. M\u00e4dchen k\u00f6nnen gar nicht genug unterschiedliche Beanies, Kappen oder H\u00fcte haben. Sie m\u00f6chten n\u00e4mlich nicht nur warm angezogen sein, sondern sich auch besonders h\u00fcbsch f\u00fchlen. M\u00e4dchen, die ihre langen Haare zeigen wollen, ziehen Ohrenw\u00e4rmer in Form eines Stirnbandes einer Strickm\u00fctze vor. Wie gut, dass Sie f\u00fcr entz\u00fcckende Kinderm\u00fctzen f\u00fcr M\u00e4dchen von <a href=\"https:\/\/www.textilwaren24.eu\/beechfield\/\">Beechfield<\/a> nicht viel ausgeben m\u00fcssen!<\/p>\n<p><img loading=\"lazy\" decoding=\"async\" class=\"aligncenter wp-image-12574 \" title=\"Beechfield Stadium Beanie\" src=\"https:\/\/www.textilwaren24.eu\/magazin\/wp-content\/uploads\/2018\/12\/Beechfield-Stadium-Beanie.jpg\" alt=\"Beechfield Stadium Beanie\" width=\"435\" height=\"389\" srcset=\"https:\/\/www.textilwaren24.eu\/magazin\/wp-content\/uploads\/2018\/12\/Beechfield-Stadium-Beanie.jpg 500w, https:\/\/www.textilwaren24.eu\/magazin\/wp-content\/uploads\/2018\/12\/Beechfield-Stadium-Beanie-300x268.jpg 300w\" sizes=\"(max-width: 435px) 100vw, 435px\" \/><\/p>\n<h2><span class=\"ez-toc-section\" id=\"Winterspass_fuer_Jungen_Nicht_ohne_meine_Bommelmuetze\"><\/span>Winterspa\u00df f\u00fcr Jungen: Nicht ohne meine Bommelm\u00fctze<span class=\"ez-toc-section-end\"><\/span><\/h2>\n<p style=\"text-align: justify;\">Ein echter Junge sp\u00fcrt keine K\u00e4lte? Von wegen! Wenn die ersten Herbstst\u00fcrme die Bl\u00e4tter von den B\u00e4umen pusten, d\u00fcrfen auch Jungs sich kuschelige Kopfbedeckungen \u00fcber die Ohren ziehen. Kinderohren sind empfindliche Sinnesorgane, die vor frostigen Temperaturen gesch\u00fctzt werden sollten. Winterm\u00fctzen, Beanies oder Ohrenw\u00e4rmer von Beechfield wurden genau daf\u00fcr gemacht, dass die Ohren Ihrer Rabauken auch bei Aktivit\u00e4ten im Winter sch\u00f6n warm bleiben. Ist der erste Schnee gefallen, stehen rasante Rodelpartien an. Nat\u00fcrlich lieben die kleinen Kerle modische Bommelm\u00fctzen, sie m\u00f6chten aber auf keinen Fall verkleidet ausschauen.<\/p>\n<figure id=\"attachment_12572\" aria-describedby=\"caption-attachment-12572\" style=\"width: 600px\" class=\"wp-caption aligncenter\"><img loading=\"lazy\" decoding=\"async\" class=\"wp-image-12572 size-full\" title=\"Junge mit Bommelm\u00fctze\" src=\"https:\/\/www.textilwaren24.eu\/magazin\/wp-content\/uploads\/2018\/12\/Bommelm\u00fctze.jpg\" alt=\"Junge mit Bommelm\u00fctze\" width=\"600\" height=\"329\" srcset=\"https:\/\/www.textilwaren24.eu\/magazin\/wp-content\/uploads\/2018\/12\/Bommelm\u00fctze.jpg 600w, https:\/\/www.textilwaren24.eu\/magazin\/wp-content\/uploads\/2018\/12\/Bommelm\u00fctze-300x165.jpg 300w\" sizes=\"(max-width: 600px) 100vw, 600px\" \/><figcaption id=\"caption-attachment-12572\" class=\"wp-caption-text\">\u00a9 Fotofreundin \/ Fotolia.com<\/figcaption><\/figure>\n<p style=\"text-align: justify;\">Wenn sich die kleinen Abenteurer mit Schwung die Piste hinunterst\u00fcrzen, sollten die M\u00fctzen fest auf dem Kopf sitzen und nicht etwa \u00fcber die Augen rutschen. Neu sind Strickm\u00fctzen mit Bommeln aus reflektierenden Fasern von Beechfield. Sie erh\u00f6hen die Sichtbarkeit im Stra\u00dfenverkehr in der dunklen Jahreszeit, wenn die Kids nach einem erlebnisreichen Tag nach Hause kommen. Nach wie vor im Trend f\u00fcr den Winter sind einfarbige, locker sitzende Beanies. Auff\u00e4llige Modelle sind was f\u00fcr M\u00e4dchen. Jungen bevorzugen schlichte Dessins und dunkle Farben wie Marine, Bordeaux und Schwarz, die zu ihrer Winterkleidung harmonieren. Wie fesch schauen die Burschen aus, wenn unter der Winterm\u00fctze freche Stirnfransen herausblitzen! Winterm\u00fctzen f\u00fcr Kinder d\u00fcrfen fantasievoll sein. Ob Norwegermuster, Inkamotive oder bunte Ringel: Manche der Kopfbedeckungen sehen aus, als seien sie mit viel Liebe handgestrickt worden.<\/p>\n<p><a href=\"https:\/\/www.textilwaren24.eu\/capsmuetzen\/muetzenwintermuetzen\/cb486b-beechfield-junior-corkscrew-pom-pom-beanie\"><img loading=\"lazy\" decoding=\"async\" class=\"alignnone wp-image-12576 size-full\" title=\"Beechfield Junior Corkscrew Pom Pom Beanie\" src=\"https:\/\/www.textilwaren24.eu\/magazin\/wp-content\/uploads\/2018\/12\/Beechfield-Junior-Corkscrew-Pom-Pom-Beanie.jpg\" alt=\"Beechfield Junior Corkscrew Pom Pom Beanie\" width=\"300\" height=\"274\" \/><\/a>\u00a0<a href=\"https:\/\/www.textilwaren24.eu\/caps-muetzen\/muetzenwintermuetzen\/cb459-beechfield-ombre-beanie\"><img loading=\"lazy\" decoding=\"async\" class=\"alignnone wp-image-12577 size-full\" title=\"Beechfield Ombr\u00e9 Beanie\" src=\"https:\/\/www.textilwaren24.eu\/magazin\/wp-content\/uploads\/2018\/12\/Beechfield-Ombr\u00e9-Beanie.jpg\" alt=\"Beechfield Ombr\u00e9 Beanie\" width=\"300\" height=\"263\" \/><\/a><\/p>\n<h2><span class=\"ez-toc-section\" id=\"Suesse_Babymuetzen_fuer_die_Kleinsten\"><\/span>S\u00fc\u00dfe Babym\u00fctzen f\u00fcr die Kleinsten<span class=\"ez-toc-section-end\"><\/span><\/h2>\n<p style=\"text-align: justify;\">Babies sind noch nicht in der Lage, den Temperaturhaushalt selber zu steuern. Sie sind deshalb auf ad\u00e4quate Bekleidung angewiesen, die f\u00fcr die perfekte K\u00f6rpertemperatur sorgt. In der kalten Jahreszeit geh\u00f6rt zur perfekten Winterbekleidung f\u00fcr Babies auch das M\u00fctzchen dazu. Babym\u00fctzen sind in s\u00fc\u00dfen Farben und verspielten Mustern zu haben. F\u00fcr das Spielen im Sandkasten ist eine weiche, mit Fleece gef\u00fctterte Kopfbedeckung angebracht. Wenn es im Winter drau\u00dfen zunehmend k\u00e4lter wird, sehen Zipfelm\u00fctzen oder Bommelm\u00fctzen auf der Fahrt im Kinderwagen niedlich aus. Schlie\u00dflich sind Eltern ja auch stolz auf ihre s\u00fc\u00dfen Kleinen in einer h\u00fcbschen Verpackung. Mit den passenden Handschuhen f\u00fcr die kleinen H\u00e4ndchen bildet die M\u00fctze ein schickes und harmonisches Baby Outfit. Aber Achtung: Die M\u00fctze soll das Baby sch\u00f6n warmhalten, ihm aber keine Schwei\u00dfausbr\u00fcche bereiten! Bei gr\u00f6\u00dferen Temperaturschwankungen kann es zu Erk\u00e4ltungen kommen, wenn dem kleinen K\u00f6rper durch Verdunstung des Schwei\u00dfes Energie entzogen wird. Um gef\u00e4hrliche \u00dcberhitzung zu vermeiden, sollten Sie bei l\u00e4ngeren Autofahrten die M\u00fctze absetzen.<\/p>\n<p><img loading=\"lazy\" decoding=\"async\" class=\"aligncenter wp-image-12579 size-full\" title=\"Babybugz Baby Reversible Hat\" src=\"https:\/\/www.textilwaren24.eu\/magazin\/wp-content\/uploads\/2018\/12\/Babybugz-Baby-Reversible-Ha.jpg\" alt=\"Babybugz Baby Reversible Hat\" width=\"500\" height=\"234\" srcset=\"https:\/\/www.textilwaren24.eu\/magazin\/wp-content\/uploads\/2018\/12\/Babybugz-Baby-Reversible-Ha.jpg 500w, https:\/\/www.textilwaren24.eu\/magazin\/wp-content\/uploads\/2018\/12\/Babybugz-Baby-Reversible-Ha-300x140.jpg 300w\" sizes=\"(max-width: 500px) 100vw, 500px\" \/><\/p>\n<p style=\"text-align: justify;\">Wenn Sie nicht m\u00f6chten, dass Ihr Kind sich erk\u00e4ltet, sollten Sie die Winterbekleidung der Kids rechtzeitig mit passenden Winterm\u00fctzen erg\u00e4nzen. Modeinteressierter Nachwuchs kann gar nicht genug von den kuscheligen <a href=\"https:\/\/www.textilwaren24.eu\/accessoires\">Accessoires<\/a> im Schrank haben, denn mit ihnen und den dazu passenden Schals und Handschuhen l\u00e4sst sich jedes Winteroutfit spielend stylen. Beanie, Strickm\u00fctze, Schalm\u00fctze oder Bommelm\u00fctze: Welche der modischen Winterm\u00fctzen von Result oder Beechfield darf es sein?<\/p>\n","protected":false},"excerpt":{"rendered":"<p>\u00ab Warme Ohren f\u00fcr die Kleinen \u00bb Im Herbst beginnt die Zeit, Ihren Kindern eine neue Winterm\u00fctze zu spendieren. An manchen Tagen wird es jetzt schon empfindlich kalt und ungem\u00fctlich. Warum sollte der Nachwuchs sich in der kalten Jahreszeit davon abhalten lassen, drau\u00dfen spielen? Jungen und M\u00e4dchen haben jede Menge Ideen, was sie im Winter &hellip;<\/p>\n","protected":false},"author":2,"featured_media":12568,"comment_status":"closed","ping_status":"open","sticky":false,"template":"","format":"standard","meta":{"footnotes":""},"categories":[7],"tags":[28,897,405,404,276,110,835,896],"class_list":["post-12566","post","type-post","status-publish","format-standard","has-post-thumbnail","hentry","category-accessoires","tag-accessoires","tag-bommelmuetzen","tag-kinder","tag-kinderkleidung","tag-winterkleidung","tag-wintermode","tag-wintermuetzen","tag-wintermuetzen-fuer-kinder"],"yoast_head":"<!-- This site is optimized with the Yoast SEO plugin v25.6 - https:\/\/yoast.com\/wordpress\/plugins\/seo\/ -->\n<title>Winterm\u00fctzen f\u00fcr Kinder - Textilwaren Magazin<\/title>\n<meta name=\"description\" content=\"Wenn es drau\u00dfen kalt wird, dann darf eine warme M\u00fctze nicht fehlen! \u2013 Das Textilwaren Magazin informiert, worauf es bei guten Winterm\u00fctzen ankommt!\" \/>\n<meta name=\"robots\" content=\"noindex, follow\" \/>\n<meta property=\"og:locale\" content=\"de_DE\" \/>\n<meta property=\"og:type\" content=\"article\" \/>\n<meta property=\"og:title\" content=\"Winterm\u00fctzen f\u00fcr Kinder - Textilwaren Magazin\" \/>\n<meta property=\"og:description\" content=\"Wenn es drau\u00dfen kalt wird, dann darf eine warme M\u00fctze nicht fehlen! \u2013 Das Textilwaren Magazin informiert, worauf es bei guten Winterm\u00fctzen ankommt!\" \/>\n<meta property=\"og:url\" content=\"https:\/\/www.textilwaren24.eu\/magazin\/wintermuetzen-fuer-kinder\/\" \/>\n<meta property=\"og:site_name\" content=\"Textilwaren Magazin\" \/>\n<meta property=\"article:published_time\" content=\"2018-12-28T10:13:46+00:00\" \/>\n<meta property=\"article:modified_time\" content=\"2025-08-27T09:25:27+00:00\" \/>\n<meta property=\"og:image\" content=\"https:\/\/www.textilwaren24.eu\/magazin\/wp-content\/uploads\/2018\/12\/Winterm\u00fctzen.jpg\" \/>\n\t<meta property=\"og:image:width\" content=\"660\" \/>\n\t<meta property=\"og:image:height\" content=\"334\" \/>\n\t<meta property=\"og:image:type\" content=\"image\/jpeg\" \/>\n<meta name=\"author\" content=\"admin\" \/>\n<meta name=\"twitter:card\" content=\"summary_large_image\" \/>\n<meta name=\"twitter:label1\" content=\"Verfasst von\" \/>\n\t<meta name=\"twitter:data1\" content=\"admin\" \/>\n\t<meta name=\"twitter:label2\" content=\"Gesch\u00e4tzte Lesezeit\" \/>\n\t<meta name=\"twitter:data2\" content=\"8\u00a0Minuten\" \/>\n<script type=\"application\/ld+json\" class=\"yoast-schema-graph\">{\"@context\":\"https:\/\/schema.org\",\"@graph\":[{\"@type\":\"WebPage\",\"@id\":\"https:\/\/www.textilwaren24.eu\/magazin\/wintermuetzen-fuer-kinder\/\",\"url\":\"https:\/\/www.textilwaren24.eu\/magazin\/wintermuetzen-fuer-kinder\/\",\"name\":\"Winterm\u00fctzen f\u00fcr Kinder - Textilwaren Magazin\",\"isPartOf\":{\"@id\":\"https:\/\/www.textilwaren24.eu\/magazin\/#website\"},\"primaryImageOfPage\":{\"@id\":\"https:\/\/www.textilwaren24.eu\/magazin\/wintermuetzen-fuer-kinder\/#primaryimage\"},\"image\":{\"@id\":\"https:\/\/www.textilwaren24.eu\/magazin\/wintermuetzen-fuer-kinder\/#primaryimage\"},\"thumbnailUrl\":\"https:\/\/www.textilwaren24.eu\/magazin\/wp-content\/uploads\/2018\/12\/Winterm\u00fctzen.jpg\",\"datePublished\":\"2018-12-28T10:13:46+00:00\",\"dateModified\":\"2025-08-27T09:25:27+00:00\",\"author\":{\"@id\":\"https:\/\/www.textilwaren24.eu\/magazin\/#\/schema\/person\/9c4e510f1296cc7c4a90e209f49f38b4\"},\"description\":\"Wenn es drau\u00dfen kalt wird, dann darf eine warme M\u00fctze nicht fehlen! \u2013 Das Textilwaren Magazin informiert, worauf es bei guten Winterm\u00fctzen ankommt!\",\"breadcrumb\":{\"@id\":\"https:\/\/www.textilwaren24.eu\/magazin\/wintermuetzen-fuer-kinder\/#breadcrumb\"},\"inLanguage\":\"de\",\"potentialAction\":[{\"@type\":\"ReadAction\",\"target\":[\"https:\/\/www.textilwaren24.eu\/magazin\/wintermuetzen-fuer-kinder\/\"]}]},{\"@type\":\"ImageObject\",\"inLanguage\":\"de\",\"@id\":\"https:\/\/www.textilwaren24.eu\/magazin\/wintermuetzen-fuer-kinder\/#primaryimage\",\"url\":\"https:\/\/www.textilwaren24.eu\/magazin\/wp-content\/uploads\/2018\/12\/Winterm\u00fctzen.jpg\",\"contentUrl\":\"https:\/\/www.textilwaren24.eu\/magazin\/wp-content\/uploads\/2018\/12\/Winterm\u00fctzen.jpg\",\"width\":660,\"height\":334,\"caption\":\"\u00a9 Konstantin Yuganov \/ Fotolia.com\"},{\"@type\":\"BreadcrumbList\",\"@id\":\"https:\/\/www.textilwaren24.eu\/magazin\/wintermuetzen-fuer-kinder\/#breadcrumb\",\"itemListElement\":[{\"@type\":\"ListItem\",\"position\":1,\"name\":\"Home\",\"item\":\"https:\/\/www.textilwaren24.eu\/magazin\/\"},{\"@type\":\"ListItem\",\"position\":2,\"name\":\"Winterm\u00fctzen f\u00fcr Kinder\"}]},{\"@type\":\"WebSite\",\"@id\":\"https:\/\/www.textilwaren24.eu\/magazin\/#website\",\"url\":\"https:\/\/www.textilwaren24.eu\/magazin\/\",\"name\":\"Textilwaren Magazin\",\"description\":\"\",\"potentialAction\":[{\"@type\":\"SearchAction\",\"target\":{\"@type\":\"EntryPoint\",\"urlTemplate\":\"https:\/\/www.textilwaren24.eu\/magazin\/?s={search_term_string}\"},\"query-input\":{\"@type\":\"PropertyValueSpecification\",\"valueRequired\":true,\"valueName\":\"search_term_string\"}}],\"inLanguage\":\"de\"},{\"@type\":\"Person\",\"@id\":\"https:\/\/www.textilwaren24.eu\/magazin\/#\/schema\/person\/9c4e510f1296cc7c4a90e209f49f38b4\",\"name\":\"admin\",\"image\":{\"@type\":\"ImageObject\",\"inLanguage\":\"de\",\"@id\":\"https:\/\/www.textilwaren24.eu\/magazin\/#\/schema\/person\/image\/\",\"url\":\"https:\/\/secure.gravatar.com\/avatar\/a794a4fe8a9b9c52241597eb381dfa2e?s=96&d=mm&r=g\",\"contentUrl\":\"https:\/\/secure.gravatar.com\/avatar\/a794a4fe8a9b9c52241597eb381dfa2e?s=96&d=mm&r=g\",\"caption\":\"admin\"}}]}<\/script>\n<!-- \/ Yoast SEO plugin. -->","yoast_head_json":{"title":"Winterm\u00fctzen f\u00fcr Kinder - Textilwaren Magazin","description":"Wenn es drau\u00dfen kalt wird, dann darf eine warme M\u00fctze nicht fehlen! \u2013 Das Textilwaren Magazin informiert, worauf es bei guten Winterm\u00fctzen ankommt!","robots":{"index":"noindex","follow":"follow"},"og_locale":"de_DE","og_type":"article","og_title":"Winterm\u00fctzen f\u00fcr Kinder - Textilwaren Magazin","og_description":"Wenn es drau\u00dfen kalt wird, dann darf eine warme M\u00fctze nicht fehlen! \u2013 Das Textilwaren Magazin informiert, worauf es bei guten Winterm\u00fctzen ankommt!","og_url":"https:\/\/www.textilwaren24.eu\/magazin\/wintermuetzen-fuer-kinder\/","og_site_name":"Textilwaren Magazin","article_published_time":"2018-12-28T10:13:46+00:00","article_modified_time":"2025-08-27T09:25:27+00:00","og_image":[{"width":660,"height":334,"url":"https:\/\/www.textilwaren24.eu\/magazin\/wp-content\/uploads\/2018\/12\/Winterm\u00fctzen.jpg","type":"image\/jpeg"}],"author":"admin","twitter_card":"summary_large_image","twitter_misc":{"Verfasst von":"admin","Gesch\u00e4tzte Lesezeit":"8\u00a0Minuten"},"schema":{"@context":"https:\/\/schema.org","@graph":[{"@type":"WebPage","@id":"https:\/\/www.textilwaren24.eu\/magazin\/wintermuetzen-fuer-kinder\/","url":"https:\/\/www.textilwaren24.eu\/magazin\/wintermuetzen-fuer-kinder\/","name":"Winterm\u00fctzen f\u00fcr Kinder - Textilwaren Magazin","isPartOf":{"@id":"https:\/\/www.textilwaren24.eu\/magazin\/#website"},"primaryImageOfPage":{"@id":"https:\/\/www.textilwaren24.eu\/magazin\/wintermuetzen-fuer-kinder\/#primaryimage"},"image":{"@id":"https:\/\/www.textilwaren24.eu\/magazin\/wintermuetzen-fuer-kinder\/#primaryimage"},"thumbnailUrl":"https:\/\/www.textilwaren24.eu\/magazin\/wp-content\/uploads\/2018\/12\/Winterm\u00fctzen.jpg","datePublished":"2018-12-28T10:13:46+00:00","dateModified":"2025-08-27T09:25:27+00:00","author":{"@id":"https:\/\/www.textilwaren24.eu\/magazin\/#\/schema\/person\/9c4e510f1296cc7c4a90e209f49f38b4"},"description":"Wenn es drau\u00dfen kalt wird, dann darf eine warme M\u00fctze nicht fehlen! \u2013 Das Textilwaren Magazin informiert, worauf es bei guten Winterm\u00fctzen ankommt!","breadcrumb":{"@id":"https:\/\/www.textilwaren24.eu\/magazin\/wintermuetzen-fuer-kinder\/#breadcrumb"},"inLanguage":"de","potentialAction":[{"@type":"ReadAction","target":["https:\/\/www.textilwaren24.eu\/magazin\/wintermuetzen-fuer-kinder\/"]}]},{"@type":"ImageObject","inLanguage":"de","@id":"https:\/\/www.textilwaren24.eu\/magazin\/wintermuetzen-fuer-kinder\/#primaryimage","url":"https:\/\/www.textilwaren24.eu\/magazin\/wp-content\/uploads\/2018\/12\/Winterm\u00fctzen.jpg","contentUrl":"https:\/\/www.textilwaren24.eu\/magazin\/wp-content\/uploads\/2018\/12\/Winterm\u00fctzen.jpg","width":660,"height":334,"caption":"\u00a9 Konstantin Yuganov \/ Fotolia.com"},{"@type":"BreadcrumbList","@id":"https:\/\/www.textilwaren24.eu\/magazin\/wintermuetzen-fuer-kinder\/#breadcrumb","itemListElement":[{"@type":"ListItem","position":1,"name":"Home","item":"https:\/\/www.textilwaren24.eu\/magazin\/"},{"@type":"ListItem","position":2,"name":"Winterm\u00fctzen f\u00fcr Kinder"}]},{"@type":"WebSite","@id":"https:\/\/www.textilwaren24.eu\/magazin\/#website","url":"https:\/\/www.textilwaren24.eu\/magazin\/","name":"Textilwaren Magazin","description":"","potentialAction":[{"@type":"SearchAction","target":{"@type":"EntryPoint","urlTemplate":"https:\/\/www.textilwaren24.eu\/magazin\/?s={search_term_string}"},"query-input":{"@type":"PropertyValueSpecification","valueRequired":true,"valueName":"search_term_string"}}],"inLanguage":"de"},{"@type":"Person","@id":"https:\/\/www.textilwaren24.eu\/magazin\/#\/schema\/person\/9c4e510f1296cc7c4a90e209f49f38b4","name":"admin","image":{"@type":"ImageObject","inLanguage":"de","@id":"https:\/\/www.textilwaren24.eu\/magazin\/#\/schema\/person\/image\/","url":"https:\/\/secure.gravatar.com\/avatar\/a794a4fe8a9b9c52241597eb381dfa2e?s=96&d=mm&r=g","contentUrl":"https:\/\/secure.gravatar.com\/avatar\/a794a4fe8a9b9c52241597eb381dfa2e?s=96&d=mm&r=g","caption":"admin"}}]}},"_links":{"self":[{"href":"https:\/\/www.textilwaren24.eu\/magazin\/wp-json\/wp\/v2\/posts\/12566"}],"collection":[{"href":"https:\/\/www.textilwaren24.eu\/magazin\/wp-json\/wp\/v2\/posts"}],"about":[{"href":"https:\/\/www.textilwaren24.eu\/magazin\/wp-json\/wp\/v2\/types\/post"}],"author":[{"embeddable":true,"href":"https:\/\/www.textilwaren24.eu\/magazin\/wp-json\/wp\/v2\/users\/2"}],"replies":[{"embeddable":true,"href":"https:\/\/www.textilwaren24.eu\/magazin\/wp-json\/wp\/v2\/comments?post=12566"}],"version-history":[{"count":12,"href":"https:\/\/www.textilwaren24.eu\/magazin\/wp-json\/wp\/v2\/posts\/12566\/revisions"}],"predecessor-version":[{"id":34826,"href":"https:\/\/www.textilwaren24.eu\/magazin\/wp-json\/wp\/v2\/posts\/12566\/revisions\/34826"}],"wp:featuredmedia":[{"embeddable":true,"href":"https:\/\/www.textilwaren24.eu\/magazin\/wp-json\/wp\/v2\/media\/12568"}],"wp:attachment":[{"href":"https:\/\/www.textilwaren24.eu\/magazin\/wp-json\/wp\/v2\/media?parent=12566"}],"wp:term":[{"taxonomy":"category","embeddable":true,"href":"https:\/\/www.textilwaren24.eu\/magazin\/wp-json\/wp\/v2\/categories?post=12566"},{"taxonomy":"post_tag","embeddable":true,"href":"https:\/\/www.textilwaren24.eu\/magazin\/wp-json\/wp\/v2\/tags?post=12566"}],"curies":[{"name":"wp","href":"https:\/\/api.w.org\/{rel}","templated":true}]}}