{"id":12611,"date":"2019-01-07T10:00:52","date_gmt":"2019-01-07T09:00:52","guid":{"rendered":"https:\/\/www.textilwaren24.eu\/magazin\/?p=12611"},"modified":"2025-01-30T15:06:57","modified_gmt":"2025-01-30T14:06:57","slug":"rot-und-braun-kombinieren","status":"publish","type":"post","link":"https:\/\/www.textilwaren24.eu\/magazin\/rot-und-braun-kombinieren\/","title":{"rendered":"Rot und Braun kombinieren"},"content":{"rendered":"<div id=\"ez-toc-container\" class=\"ez-toc-v2_0_77 ez-toc-wrap-center counter-hierarchy ez-toc-counter ez-toc-grey ez-toc-container-direction\">\n<div class=\"ez-toc-title-container\">\n<p class=\"ez-toc-title\" style=\"cursor:inherit\">Inhaltsverzeichnis<\/p>\n<span class=\"ez-toc-title-toggle\"><a href=\"#\" class=\"ez-toc-pull-right ez-toc-btn ez-toc-btn-xs ez-toc-btn-default ez-toc-toggle\" aria-label=\"Toggle Table of Content\"><span class=\"ez-toc-js-icon-con\"><span class=\"\"><span class=\"eztoc-hide\" style=\"display:none;\">Toggle<\/span><span class=\"ez-toc-icon-toggle-span\"><svg style=\"fill: #999;color:#999\" xmlns=\"http:\/\/www.w3.org\/2000\/svg\" class=\"list-377408\" width=\"20px\" height=\"20px\" viewBox=\"0 0 24 24\" fill=\"none\"><path d=\"M6 6H4v2h2V6zm14 0H8v2h12V6zM4 11h2v2H4v-2zm16 0H8v2h12v-2zM4 16h2v2H4v-2zm16 0H8v2h12v-2z\" fill=\"currentColor\"><\/path><\/svg><svg style=\"fill: #999;color:#999\" class=\"arrow-unsorted-368013\" xmlns=\"http:\/\/www.w3.org\/2000\/svg\" width=\"10px\" height=\"10px\" viewBox=\"0 0 24 24\" version=\"1.2\" baseProfile=\"tiny\"><path d=\"M18.2 9.3l-6.2-6.3-6.2 6.3c-.2.2-.3.4-.3.7s.1.5.3.7c.2.2.4.3.7.3h11c.3 0 .5-.1.7-.3.2-.2.3-.5.3-.7s-.1-.5-.3-.7zM5.8 14.7l6.2 6.3 6.2-6.3c.2-.2.3-.5.3-.7s-.1-.5-.3-.7c-.2-.2-.4-.3-.7-.3h-11c-.3 0-.5.1-.7.3-.2.2-.3.5-.3.7s.1.5.3.7z\"\/><\/svg><\/span><\/span><\/span><\/a><\/span><\/div>\n<nav><ul class='ez-toc-list ez-toc-list-level-1 ' ><li class='ez-toc-page-1 ez-toc-heading-level-2'><a class=\"ez-toc-link ez-toc-heading-1\" href=\"https:\/\/www.textilwaren24.eu\/magazin\/rot-und-braun-kombinieren\/#%C2%AB_Zwei_Farben_die_unscheinbar_gut_miteinander_harmonieren_%C2%BB\" >\u00ab Zwei Farben, die unscheinbar gut miteinander harmonieren \u00bb<\/a><\/li><li class='ez-toc-page-1 ez-toc-heading-level-2'><a class=\"ez-toc-link ez-toc-heading-2\" href=\"https:\/\/www.textilwaren24.eu\/magazin\/rot-und-braun-kombinieren\/#Gegensaetze_ziehen_sich_an_Warum_Sie_Rot_und_Braun_kombinieren_sollten\" >Gegens\u00e4tze ziehen sich an: Warum Sie Rot und Braun kombinieren sollten<\/a><\/li><li class='ez-toc-page-1 ez-toc-heading-level-2'><a class=\"ez-toc-link ez-toc-heading-3\" href=\"https:\/\/www.textilwaren24.eu\/magazin\/rot-und-braun-kombinieren\/#Lieblingsteile_schick_kombinieren\" >Lieblingsteile schick kombinieren<\/a><\/li><li class='ez-toc-page-1 ez-toc-heading-level-2'><a class=\"ez-toc-link ez-toc-heading-4\" href=\"https:\/\/www.textilwaren24.eu\/magazin\/rot-und-braun-kombinieren\/#Das_liegt_im_Trend_Gelungene_Outfits_fuer_Damen\" >Das liegt im Trend: Gelungene Outfits f\u00fcr Damen<\/a><\/li><li class='ez-toc-page-1 ez-toc-heading-level-2'><a class=\"ez-toc-link ez-toc-heading-5\" href=\"https:\/\/www.textilwaren24.eu\/magazin\/rot-und-braun-kombinieren\/#So_sollten_Herren_stilvoll_braune_Basics_mit_Rot_kombinieren\" >So sollten Herren stilvoll braune Basics mit Rot kombinieren<\/a><\/li><li class='ez-toc-page-1 ez-toc-heading-level-2'><a class=\"ez-toc-link ez-toc-heading-6\" href=\"https:\/\/www.textilwaren24.eu\/magazin\/rot-und-braun-kombinieren\/#Eine_Kombination_die_sich_lohnt\" >Eine Kombination, die sich lohnt<\/a><\/li><\/ul><\/nav><\/div>\n<h2><span class=\"ez-toc-section\" id=\"%C2%AB_Zwei_Farben_die_unscheinbar_gut_miteinander_harmonieren_%C2%BB\"><\/span>\u00ab Zwei Farben, die unscheinbar gut miteinander harmonieren \u00bb<span class=\"ez-toc-section-end\"><\/span><\/h2>\n<p style=\"text-align: justify;\"><strong>Sie lieben es, Rot zu tragen, stehen vor dem Spiegel mit einem neuen Oberteil in der Hand und fragen sich: Welche Modefarbe passt dazu? Tats\u00e4chlich scheint es nicht ganz einfach zu sein, eine so dominante Farbe richtig zu kombinieren. Nat\u00fcrlich liegen Sie mit der Basicfarbe Schwarz nie falsch. Modeexperten empfehlen allerdings f\u00fcr die neue Herbst-Winter Saison 2019 eine andere Farbe. Rot und Braun kombinieren, wie geht das? Wir verraten Ihnen hier, was es mit der Kombination dieser beiden gegens\u00e4tzlichen T\u00f6ne auf sich hat und wie Sie harmonische Outfits zusammenstellen k\u00f6nnen.<\/strong><\/p>\n<h2><span class=\"ez-toc-section\" id=\"Gegensaetze_ziehen_sich_an_Warum_Sie_Rot_und_Braun_kombinieren_sollten\"><\/span>Gegens\u00e4tze ziehen sich an: Warum Sie Rot und Braun kombinieren sollten<span class=\"ez-toc-section-end\"><\/span><\/h2>\n<p style=\"text-align: justify;\">Auf den ersten Blick scheint es sich um sehr gegens\u00e4tzliche Farben zu handeln. Selten kommt man auf die Idee, diese beiden T\u00f6ne in einem Outfit miteinander zu kombinieren. Wer sich mit Farbpsychologie besch\u00e4ftigt, wei\u00df, dass jede Farbe Empfindungen und Assoziationen hervorrufen kann. Die Farbenlehre nach Goethe zum Beispiel teilt die T\u00f6ne in Prim\u00e4rfarben und Sekund\u00e4rfarben ein und unterscheidet zwischen warmen und kalten Schattierungen. Dieser Farbenlehre nach ist Rot eine Prim\u00e4rfarbe, Braunt\u00f6ne sind dies jedoch nicht, denn sie entstehen aus einer Mischung von Rott\u00f6nen und Gr\u00fcn.<\/p>\n<figure id=\"attachment_12636\" aria-describedby=\"caption-attachment-12636\" style=\"width: 600px\" class=\"wp-caption aligncenter\"><img loading=\"lazy\" decoding=\"async\" class=\"wp-image-12636 size-full\" title=\"Modische Frau mit beigem Trenchoat und roten Stiefeletten\" src=\"https:\/\/www.textilwaren24.eu\/magazin\/wp-content\/uploads\/2019\/02\/Modische-Frau-mit-beigem-Trenchoat-und-roten-Stiefeletten.jpg\" alt=\"Modische Frau mit beigem Trenchoat und roten Stiefeletten\" width=\"600\" height=\"401\" srcset=\"https:\/\/www.textilwaren24.eu\/magazin\/wp-content\/uploads\/2019\/02\/Modische-Frau-mit-beigem-Trenchoat-und-roten-Stiefeletten.jpg 600w, https:\/\/www.textilwaren24.eu\/magazin\/wp-content\/uploads\/2019\/02\/Modische-Frau-mit-beigem-Trenchoat-und-roten-Stiefeletten-300x201.jpg 300w, https:\/\/www.textilwaren24.eu\/magazin\/wp-content\/uploads\/2019\/02\/Modische-Frau-mit-beigem-Trenchoat-und-roten-Stiefeletten-110x75.jpg 110w\" sizes=\"(max-width: 600px) 100vw, 600px\" \/><figcaption id=\"caption-attachment-12636\" class=\"wp-caption-text\">\u00a9 Victoria Chudinova \/ Fotolia.com<\/figcaption><\/figure>\n<p style=\"text-align: justify;\">Rott\u00f6ne sind also in Braun enthalten und das mag der Grund sein, warum diese beiden Farben so wunderbar miteinander harmonieren. Rot allein erzeugt Aufmerksamkeit und signalisiert Energie, Macht und Leidenschaft. Women in Red: Frauen, die die Liebesfarbe tragen, f\u00fchlen sich selbstbewusst und attraktiv. Psychologen empfehlen deshalb solche Kleidung f\u00fcr das erste Date, um beim Partner gut anzukommen. Outfits, komplett in diesen knalligen und auff\u00e4lligen T\u00f6nen, sind allerdings nicht unbedingt verf\u00fchrerisch, sondern k\u00f6nnen sogar aggressiv und arrogant wirken.<\/p>\n<figure id=\"attachment_12638\" aria-describedby=\"caption-attachment-12638\" style=\"width: 600px\" class=\"wp-caption aligncenter\"><img loading=\"lazy\" decoding=\"async\" class=\"wp-image-12638 size-full\" title=\"Karierte Hose, dunkelroter Oversize-Strickpullover, kleine braune Ledertasche, braune Lederstiefeletten, beiger Mantel\" src=\"https:\/\/www.textilwaren24.eu\/magazin\/wp-content\/uploads\/2019\/02\/Karierte-Hose-dunkelroter-Oversize-Strickpullover-kleine-braune-Ledertasche-braune-Lederstiefeletten-beiger-Mantel.jpg\" alt=\"Karierte Hose, dunkelroter Oversize-Strickpullover, kleine braune Ledertasche, braune Lederstiefeletten, beiger Mantel\" width=\"600\" height=\"466\" srcset=\"https:\/\/www.textilwaren24.eu\/magazin\/wp-content\/uploads\/2019\/02\/Karierte-Hose-dunkelroter-Oversize-Strickpullover-kleine-braune-Ledertasche-braune-Lederstiefeletten-beiger-Mantel.jpg 600w, https:\/\/www.textilwaren24.eu\/magazin\/wp-content\/uploads\/2019\/02\/Karierte-Hose-dunkelroter-Oversize-Strickpullover-kleine-braune-Ledertasche-braune-Lederstiefeletten-beiger-Mantel-300x233.jpg 300w\" sizes=\"(max-width: 600px) 100vw, 600px\" \/><figcaption id=\"caption-attachment-12638\" class=\"wp-caption-text\">\u00a9 NesolenayaAleksandra \/ Fotolia.com<\/figcaption><\/figure>\n<p style=\"text-align: justify;\">Jetzt kommt der Kombipartner ins Spiel. Braune Farben haben eine ganz andere Wirkung auf uns Menschen als Rott\u00f6ne. Der zur\u00fcckhaltende Farbton strahlt Geborgenheit und Entspannung aus, wir empfinden Nat\u00fcrlichkeit und Erdverbundenheit. In der Mode steht die Trendfarbe f\u00fcr Tradition und Bequemlichkeit, kann aber ganz f\u00fcr sich allein betrachtet auch unscheinbar, traurig und altmodisch wirken.<\/p>\n<blockquote>\n<p style=\"text-align: justify;\">Der Trick: Rote Farben mit Braun zu kombinieren bringt die besten Eigenschaften beider Farben optimal zur Geltung und mildert die negativen Wirkungen der einzelnen T\u00f6ne.<\/p>\n<\/blockquote>\n<p style=\"text-align: justify;\">So funktioniert Farbpsychologie in der Modewelt!<\/p>\n<h2><span class=\"ez-toc-section\" id=\"Lieblingsteile_schick_kombinieren\"><\/span>Lieblingsteile schick kombinieren<span class=\"ez-toc-section-end\"><\/span><\/h2>\n<p style=\"text-align: justify;\">Ob mit <a href=\"https:\/\/www.textilwaren24.eu\/hosen-shorts\">Hosen<\/a>, <a href=\"https:\/\/www.textilwaren24.eu\/t-shirts\">T-Shirts<\/a> oder <a href=\"https:\/\/www.textilwaren24.eu\/poloshirts\">Poloshirts<\/a> \u2013 ein Allover-Look in Rott\u00f6nen kann traumhaft aussehen, doch nicht an jedem Tag ist man in der Stimmung, riesige Aufmerksamkeit zu generieren. Wer nicht ganz so mutig ist, w\u00e4hlt die Modefarbe Braun in Kombination. Sie mildert die Aufdringlichkeit roter Kleidung und wirkt etwas edler als das harte Schwarz. Solch eine Modekombination zeugt von einem besonderen Farbgef\u00fchl und dr\u00fcckt zeitlose Eleganz aus. Mit welcher Farbe k\u00f6nnte man besser seinen Look variieren, ohne zu bunt zu wirken?<\/p>\n<figure id=\"attachment_12640\" aria-describedby=\"caption-attachment-12640\" style=\"width: 600px\" class=\"wp-caption aligncenter\"><img loading=\"lazy\" decoding=\"async\" class=\"wp-image-12640 size-full\" title=\"Outfit f\u00fcr Damen: Braune Hose und rote Bluse mit Schmuck\" src=\"https:\/\/www.textilwaren24.eu\/magazin\/wp-content\/uploads\/2019\/02\/Braune-Damenhose-und-rote-Bluse-mit-Schmuck.jpg\" alt=\"Braune Damenhose und rote Bluse mit Schmuck\" width=\"600\" height=\"400\" srcset=\"https:\/\/www.textilwaren24.eu\/magazin\/wp-content\/uploads\/2019\/02\/Braune-Damenhose-und-rote-Bluse-mit-Schmuck.jpg 600w, https:\/\/www.textilwaren24.eu\/magazin\/wp-content\/uploads\/2019\/02\/Braune-Damenhose-und-rote-Bluse-mit-Schmuck-300x200.jpg 300w\" sizes=\"(max-width: 600px) 100vw, 600px\" \/><figcaption id=\"caption-attachment-12640\" class=\"wp-caption-text\">\u00a9 DenisProduction.com \/ Fotolia.com<\/figcaption><\/figure>\n<p style=\"text-align: justify;\">Da Braunt\u00f6ne, Camel und Beige zu allen anderen Farben hervorragend passen, werden Klassiker in diesen T\u00f6nen gerne zu Lieblingsteilen, die nicht mehr aus dem Kleiderschrank wegzudenken sind. Sie sind zur\u00fcckhaltend in der Farbwirkung und das Augenmerk wird schnell auf Material und Schnitt gelenkt. Es lohnt sich deshalb, in qualitativ hochwertige Stoffe, gute Verarbeitung und exzellente Passform zu investieren, wenn man Basics in Erdfarben kaufen m\u00f6chte.<\/p>\n<h2><span class=\"ez-toc-section\" id=\"Das_liegt_im_Trend_Gelungene_Outfits_fuer_Damen\"><\/span>Das liegt im Trend: Gelungene Outfits f\u00fcr Damen<span class=\"ez-toc-section-end\"><\/span><\/h2>\n<p style=\"text-align: justify;\">Zugegeben: Wenn Frauen an Modefarben denken, werden sie nicht zuerst auf Braunt\u00f6ne kommen. Als Kombipartner statt Schwarz ist der Farbton allerdings leichter in die Garderobe einzubauen als Sie denken.<\/p>\n<p><img loading=\"lazy\" decoding=\"async\" class=\"aligncenter wp-image-12617 size-full\" title=\"Jacke im Biker-Stil f\u00fcr Damen | k\u00fcrzer geschnittene R\u00fcckseite mit Mittelnaht | \u00c4rmelabschl\u00fcsse mit Rei\u00dfverschluss\" src=\"https:\/\/www.textilwaren24.eu\/magazin\/wp-content\/uploads\/2019\/02\/Jacke-im-Biker-Stil.jpg\" alt=\"Jacke im Biker-Stil\" width=\"420\" height=\"340\" srcset=\"https:\/\/www.textilwaren24.eu\/magazin\/wp-content\/uploads\/2019\/02\/Jacke-im-Biker-Stil.jpg 420w, https:\/\/www.textilwaren24.eu\/magazin\/wp-content\/uploads\/2019\/02\/Jacke-im-Biker-Stil-300x243.jpg 300w\" sizes=\"(max-width: 420px) 100vw, 420px\" \/><\/p>\n<p style=\"text-align: justify;\">So ist zum Beispiel die coole Lederjacke im Biker-Stil mit einem roten Pulli und knackigen Jeans ein echter Eyecatcher. Tauschen Sie die schwarzen Lieblingsschuhe gegen braune Stiefeletten aus und der Look ist perfekt.<\/p>\n<p><a href=\"https:\/\/www.textilwaren24.eu\/sweat-shirts\/pullover-strickwaren-fuer-sie-ihn\/l411-sol-s-womens-v-neck-sweater-galaxy\"><img loading=\"lazy\" decoding=\"async\" class=\"aligncenter wp-image-12619 size-full\" title=\"Roter Pulli f\u00fcr Damen | klassischer Stil | Ripp-Strick an Kragen und \u00c4rmelb\u00fcndchen | tailliert geschnitten\" src=\"https:\/\/www.textilwaren24.eu\/magazin\/wp-content\/uploads\/2019\/02\/Roter-Pulli.jpg\" alt=\"Roter Pulli\" width=\"317\" height=\"340\" srcset=\"https:\/\/www.textilwaren24.eu\/magazin\/wp-content\/uploads\/2019\/02\/Roter-Pulli.jpg 317w, https:\/\/www.textilwaren24.eu\/magazin\/wp-content\/uploads\/2019\/02\/Roter-Pulli-280x300.jpg 280w\" sizes=\"(max-width: 317px) 100vw, 317px\" \/><\/a><\/p>\n<p style=\"text-align: justify;\">Sportive Damen setzen auf einen weinroten Parka mit Fellbesatz an der Kapuze und tragen dazu eine dunkelbraune Stretchhose. Kuschelig im Herbst und Winter sind gem\u00fctliche Strickpullover mit roten und braunen Jaquardmustern im Ethnostil.<\/p>\n<p><a href=\"https:\/\/www.textilwaren24.eu\/jacken-westen\/winterjacken\/winterjacken-wasserdicht\/rt207-result-core-winter-parka\"><img loading=\"lazy\" decoding=\"async\" class=\"aligncenter wp-image-12623 size-full\" title=\"Weinroter Parka mit Fellbesatz an der Kapuze | wasserabweisend (2.000 mm) und winddicht, schnell trocknend\" src=\"https:\/\/www.textilwaren24.eu\/magazin\/wp-content\/uploads\/2019\/02\/Weinroter-Parka-mit-Fellbesatz-an-der-Kapuze.jpg\" alt=\"Weinroter Parka mit Fellbesatz an der Kapuze\" width=\"285\" height=\"360\" srcset=\"https:\/\/www.textilwaren24.eu\/magazin\/wp-content\/uploads\/2019\/02\/Weinroter-Parka-mit-Fellbesatz-an-der-Kapuze.jpg 285w, https:\/\/www.textilwaren24.eu\/magazin\/wp-content\/uploads\/2019\/02\/Weinroter-Parka-mit-Fellbesatz-an-der-Kapuze-238x300.jpg 238w\" sizes=\"(max-width: 285px) 100vw, 285px\" \/><\/a><\/p>\n<p style=\"text-align: justify;\">Peppen Sie ein schokoladenbraunes Strickkleid mit frischen, knalligen <a href=\"https:\/\/www.textilwaren24.eu\/accessoires\">Accessoires<\/a> auf: Eine Statement-Kette oder ein Loop-Schal setzen trendstarke Akzente. Tragen Sie zum roten Kleid statt der allt\u00e4glichen, blickdichten schwarzen doch einmal dunkelbraune Strumpfhosen und dazu hohe Lederstiefel. Sie werden bewundernde Blicke ernten.<\/p>\n<figure id=\"attachment_12626\" aria-describedby=\"caption-attachment-12626\" style=\"width: 600px\" class=\"wp-caption aligncenter\"><img loading=\"lazy\" decoding=\"async\" class=\"wp-image-12626 size-full\" title=\"Frau mit hellbraunem Hut aus Wildleder und goldener Armbanduhr\" src=\"https:\/\/www.textilwaren24.eu\/magazin\/wp-content\/uploads\/2019\/02\/Frau-mit-hellbraunem-Hut-aus-Wildleder-und-goldener-Armbanduhr.jpg\" alt=\"Frau mit hellbraunem Hut aus Wildleder und goldener Armbanduhr\" width=\"600\" height=\"400\" srcset=\"https:\/\/www.textilwaren24.eu\/magazin\/wp-content\/uploads\/2019\/02\/Frau-mit-hellbraunem-Hut-aus-Wildleder-und-goldener-Armbanduhr.jpg 600w, https:\/\/www.textilwaren24.eu\/magazin\/wp-content\/uploads\/2019\/02\/Frau-mit-hellbraunem-Hut-aus-Wildleder-und-goldener-Armbanduhr-300x200.jpg 300w\" sizes=\"(max-width: 600px) 100vw, 600px\" \/><figcaption id=\"caption-attachment-12626\" class=\"wp-caption-text\">\u00a9 Victoria Chudinova \/ Fotolia.com<\/figcaption><\/figure>\n<p style=\"text-align: justify;\">F\u00fcr Liebhaberinnen des Bohemian Styles empfehlen wir einen Schlapphut zum gemusterten Hippiekleid mit Volants in Bordeaux und Lila. Wintertauglich wird das Outfit mit einer oversized geschnittenen Strickjacke in Handstrickoptik.<\/p>\n<blockquote>\n<p style=\"text-align: justify;\">Sportive Girls tragen zum trendigen nougatfarbenem Hoodie aus samtigen Nickistoff enge Jeans, Sneakers und als Highlight ein K\u00e4ppi.<\/p>\n<\/blockquote>\n<h2><span class=\"ez-toc-section\" id=\"So_sollten_Herren_stilvoll_braune_Basics_mit_Rot_kombinieren\"><\/span>So sollten Herren stilvoll braune Basics mit Rot kombinieren<span class=\"ez-toc-section-end\"><\/span><\/h2>\n<p style=\"text-align: justify;\">In Sachen Mode sind uns die italienischen M\u00e4nner immer ein St\u00fcck voraus. Wer in Mailand auf das Schuhwerk der Herren achtet, wird bei den meisten Business-M\u00e4nnern auf dem Weg zum Office braune Lederschuhe vorfinden. Schwarze Schuhe werden in Italien nur selten getragen. Warum? Schn\u00fcrer, Stiefeletten oder Boots in Braunt\u00f6nen wirken einfach stylischer als in Schwarz. Sie passen zusammen mit einem G\u00fcrtel in diesen Farben sowohl zu jedem Anzug als auch zu einer gepflegten Jeans.<\/p>\n<figure id=\"attachment_12629\" aria-describedby=\"caption-attachment-12629\" style=\"width: 600px\" class=\"wp-caption aligncenter\"><img loading=\"lazy\" decoding=\"async\" class=\"wp-image-12629 size-full\" title=\"Braune Lederschuhe f\u00fcr Herren\" src=\"https:\/\/www.textilwaren24.eu\/magazin\/wp-content\/uploads\/2019\/02\/Braune-Lederschuhe-fuer-Herren.jpg\" alt=\"Braune Lederschuhe fuer Herren\" width=\"600\" height=\"400\" srcset=\"https:\/\/www.textilwaren24.eu\/magazin\/wp-content\/uploads\/2019\/02\/Braune-Lederschuhe-fuer-Herren.jpg 600w, https:\/\/www.textilwaren24.eu\/magazin\/wp-content\/uploads\/2019\/02\/Braune-Lederschuhe-fuer-Herren-300x200.jpg 300w\" sizes=\"(max-width: 600px) 100vw, 600px\" \/><figcaption id=\"caption-attachment-12629\" class=\"wp-caption-text\">\u00a9 Alexandra \/ Fotolia.com<\/figcaption><\/figure>\n<p style=\"text-align: justify;\">Die Italiener machen es uns vor: Wenn die Schuhe stimmen, k\u00f6nnen Sie ganz entspannt ein sanftrotes Hemd oder einen leichten Merinopulli in Bordeaux zum braunen Freizeit-<a href=\"https:\/\/www.textilwaren24.eu\/hemden-blusen\/blazer-sakkos-westen\">Sakko<\/a> tragen. Ein ebenso farbiger Pulli mit V-Ausschnitt, Rundhals oder Rollkragen ist ein absolutes Must f\u00fcr einen modebewussten Herren im Herbst und Winter.<\/p>\n<p><img loading=\"lazy\" decoding=\"async\" class=\"aligncenter wp-image-12631 size-full\" title=\"K\u00f6rperbetontes lang\u00e4rmeliges Hemd aus Tencel\u00ae | pflegeleichtes Material (Easy Care) | figurnaher Schnitt\" src=\"https:\/\/www.textilwaren24.eu\/magazin\/wp-content\/uploads\/2019\/02\/Koerperbetontes-langaermeliges-Hemd-aus-Tencel.jpg\" alt=\"Koerperbetontes langaermeliges Hemd aus Tencel\" width=\"291\" height=\"340\" srcset=\"https:\/\/www.textilwaren24.eu\/magazin\/wp-content\/uploads\/2019\/02\/Koerperbetontes-langaermeliges-Hemd-aus-Tencel.jpg 291w, https:\/\/www.textilwaren24.eu\/magazin\/wp-content\/uploads\/2019\/02\/Koerperbetontes-langaermeliges-Hemd-aus-Tencel-257x300.jpg 257w\" sizes=\"(max-width: 291px) 100vw, 291px\" \/><\/p>\n<p style=\"text-align: justify;\">Auch Business-Anz\u00fcge in Braun sind in Mode und k\u00f6nnen au\u00dfer mit Rott\u00f6nen auch mit jeder anderen Modefarbe vielseitig kombiniert werden.<\/p>\n<blockquote>\n<p style=\"text-align: justify;\">Der Gentleman tr\u00e4gt zum camelhaarfarbenen Blazermantel einen dunkelroten Schal aus feinster Wolle.<\/p>\n<\/blockquote>\n<p style=\"text-align: justify;\">Wer es rustikal liebt, bevorzugt einen Strickpullover mit Norwegermuster in Braunt\u00f6nen mit r\u00f6tlichen Akzenten oder peppt seine gem\u00fctliche Strickjacke in Erdt\u00f6nen mit einem flauschigen, Loopschal aus Fleece auf.<\/p>\n<p><a href=\"https:\/\/www.textilwaren24.eu\/accessoires\/winteraccessoires\/ne93010-neutral-scarf\"><img loading=\"lazy\" decoding=\"async\" class=\"aligncenter wp-image-12633 size-full\" title=\"Neutral Scarf | Schal aus Single Jersey Strick | 100% GOTS und Fairtrade zertifiziert | gek\u00e4mmte Bio Baumwolle\" src=\"https:\/\/www.textilwaren24.eu\/magazin\/wp-content\/uploads\/2019\/02\/neutral-scarf.jpg\" alt=\"neutral-scarf\" width=\"252\" height=\"300\" \/><\/a><\/p>\n<p style=\"text-align: justify;\">\u00dcbrigens: Die beliebten Cordhosen sind wieder in Mode! Sie sehen in Braunt\u00f6nen einfach am besten aus und passen perfekt zu karierten Hemden im kanadischen Holzf\u00e4ller-Look.<\/p>\n<h2><span class=\"ez-toc-section\" id=\"Eine_Kombination_die_sich_lohnt\"><\/span>Eine Kombination, die sich lohnt<span class=\"ez-toc-section-end\"><\/span><\/h2>\n<p style=\"text-align: justify;\">Ob Kleid, Pulli oder Blazer: Rote und braune Kleidungsst\u00fccke und Accessoires zu kombinieren, sieht einfach stilvoll aus. Wer den Komplettlook in dieser Kombination nicht mag, setzt auf den Farbmix der beiden gegens\u00e4tzlichen und doch harmonischen Farbt\u00f6ne und liegt damit absolut im Trend. Probieren Sie es doch einmal aus!<\/p>\n","protected":false},"excerpt":{"rendered":"<p>\u00ab Zwei Farben, die unscheinbar gut miteinander harmonieren \u00bb Sie lieben es, Rot zu tragen, stehen vor dem Spiegel mit einem neuen Oberteil in der Hand und fragen sich: Welche Modefarbe passt dazu? Tats\u00e4chlich scheint es nicht ganz einfach zu sein, eine so dominante Farbe richtig zu kombinieren. Nat\u00fcrlich liegen Sie mit der Basicfarbe Schwarz &hellip;<\/p>\n","protected":false},"author":2,"featured_media":12615,"comment_status":"closed","ping_status":"open","sticky":false,"template":"","format":"standard","meta":{"footnotes":""},"categories":[1],"tags":[30,900,818,33,819,24,770,413,205,41,454,112],"class_list":["post-12611","post","type-post","status-publish","format-standard","has-post-thumbnail","hentry","category-fashion","tag-basics","tag-braun","tag-damen","tag-hemden","tag-herren","tag-jacken","tag-modische-farbkombinationen","tag-outfits","tag-parkas","tag-pullover","tag-rot","tag-schals"],"yoast_head":"<!-- This site is optimized with the Yoast SEO plugin v25.6 - https:\/\/yoast.com\/wordpress\/plugins\/seo\/ -->\n<title>Rot und Braun kombinieren - Textilwaren Magazin<\/title>\n<meta name=\"description\" content=\"Rot und Braun kombinieren \u2013 das geht! Und wie! \u2013 Das Textilwaren Magazin gibt Tipps, wie Sie die beiden Trendfarben stilvoll miteinander kombinieren!\" \/>\n<meta name=\"robots\" content=\"index, follow, max-snippet:-1, max-image-preview:large, max-video-preview:-1\" \/>\n<link rel=\"canonical\" href=\"https:\/\/www.textilwaren24.eu\/magazin\/rot-und-braun-kombinieren\/\" \/>\n<meta property=\"og:locale\" content=\"de_DE\" \/>\n<meta property=\"og:type\" content=\"article\" \/>\n<meta property=\"og:title\" content=\"Rot und Braun kombinieren - Textilwaren Magazin\" \/>\n<meta property=\"og:description\" content=\"Rot und Braun kombinieren \u2013 das geht! Und wie! \u2013 Das Textilwaren Magazin gibt Tipps, wie Sie die beiden Trendfarben stilvoll miteinander kombinieren!\" \/>\n<meta property=\"og:url\" content=\"https:\/\/www.textilwaren24.eu\/magazin\/rot-und-braun-kombinieren\/\" \/>\n<meta property=\"og:site_name\" content=\"Textilwaren Magazin\" \/>\n<meta property=\"article:published_time\" content=\"2019-01-07T09:00:52+00:00\" \/>\n<meta property=\"article:modified_time\" content=\"2025-01-30T14:06:57+00:00\" \/>\n<meta property=\"og:image\" content=\"https:\/\/www.textilwaren24.eu\/magazin\/wp-content\/uploads\/2019\/02\/Rot-und-Braun-kombinieren.jpg\" \/>\n\t<meta property=\"og:image:width\" content=\"800\" \/>\n\t<meta property=\"og:image:height\" content=\"533\" \/>\n\t<meta property=\"og:image:type\" content=\"image\/jpeg\" \/>\n<meta name=\"author\" content=\"admin\" \/>\n<meta name=\"twitter:card\" content=\"summary_large_image\" \/>\n<meta name=\"twitter:label1\" content=\"Verfasst von\" \/>\n\t<meta name=\"twitter:data1\" content=\"admin\" \/>\n\t<meta name=\"twitter:label2\" content=\"Gesch\u00e4tzte Lesezeit\" \/>\n\t<meta name=\"twitter:data2\" content=\"5\u00a0Minuten\" \/>\n<script type=\"application\/ld+json\" class=\"yoast-schema-graph\">{\"@context\":\"https:\/\/schema.org\",\"@graph\":[{\"@type\":\"WebPage\",\"@id\":\"https:\/\/www.textilwaren24.eu\/magazin\/rot-und-braun-kombinieren\/\",\"url\":\"https:\/\/www.textilwaren24.eu\/magazin\/rot-und-braun-kombinieren\/\",\"name\":\"Rot und Braun kombinieren - Textilwaren Magazin\",\"isPartOf\":{\"@id\":\"https:\/\/www.textilwaren24.eu\/magazin\/#website\"},\"primaryImageOfPage\":{\"@id\":\"https:\/\/www.textilwaren24.eu\/magazin\/rot-und-braun-kombinieren\/#primaryimage\"},\"image\":{\"@id\":\"https:\/\/www.textilwaren24.eu\/magazin\/rot-und-braun-kombinieren\/#primaryimage\"},\"thumbnailUrl\":\"https:\/\/www.textilwaren24.eu\/magazin\/wp-content\/uploads\/2019\/02\/Rot-und-Braun-kombinieren.jpg\",\"datePublished\":\"2019-01-07T09:00:52+00:00\",\"dateModified\":\"2025-01-30T14:06:57+00:00\",\"author\":{\"@id\":\"https:\/\/www.textilwaren24.eu\/magazin\/#\/schema\/person\/9c4e510f1296cc7c4a90e209f49f38b4\"},\"description\":\"Rot und Braun kombinieren \u2013 das geht! Und wie! \u2013 Das Textilwaren Magazin gibt Tipps, wie Sie die beiden Trendfarben stilvoll miteinander kombinieren!\",\"breadcrumb\":{\"@id\":\"https:\/\/www.textilwaren24.eu\/magazin\/rot-und-braun-kombinieren\/#breadcrumb\"},\"inLanguage\":\"de\",\"potentialAction\":[{\"@type\":\"ReadAction\",\"target\":[\"https:\/\/www.textilwaren24.eu\/magazin\/rot-und-braun-kombinieren\/\"]}]},{\"@type\":\"ImageObject\",\"inLanguage\":\"de\",\"@id\":\"https:\/\/www.textilwaren24.eu\/magazin\/rot-und-braun-kombinieren\/#primaryimage\",\"url\":\"https:\/\/www.textilwaren24.eu\/magazin\/wp-content\/uploads\/2019\/02\/Rot-und-Braun-kombinieren.jpg\",\"contentUrl\":\"https:\/\/www.textilwaren24.eu\/magazin\/wp-content\/uploads\/2019\/02\/Rot-und-Braun-kombinieren.jpg\",\"width\":800,\"height\":533,\"caption\":\"\u00a9 DenisProduction.com \/ Fotolia.com\"},{\"@type\":\"BreadcrumbList\",\"@id\":\"https:\/\/www.textilwaren24.eu\/magazin\/rot-und-braun-kombinieren\/#breadcrumb\",\"itemListElement\":[{\"@type\":\"ListItem\",\"position\":1,\"name\":\"Home\",\"item\":\"https:\/\/www.textilwaren24.eu\/magazin\/\"},{\"@type\":\"ListItem\",\"position\":2,\"name\":\"Rot und Braun kombinieren\"}]},{\"@type\":\"WebSite\",\"@id\":\"https:\/\/www.textilwaren24.eu\/magazin\/#website\",\"url\":\"https:\/\/www.textilwaren24.eu\/magazin\/\",\"name\":\"Textilwaren Magazin\",\"description\":\"\",\"potentialAction\":[{\"@type\":\"SearchAction\",\"target\":{\"@type\":\"EntryPoint\",\"urlTemplate\":\"https:\/\/www.textilwaren24.eu\/magazin\/?s={search_term_string}\"},\"query-input\":{\"@type\":\"PropertyValueSpecification\",\"valueRequired\":true,\"valueName\":\"search_term_string\"}}],\"inLanguage\":\"de\"},{\"@type\":\"Person\",\"@id\":\"https:\/\/www.textilwaren24.eu\/magazin\/#\/schema\/person\/9c4e510f1296cc7c4a90e209f49f38b4\",\"name\":\"admin\",\"image\":{\"@type\":\"ImageObject\",\"inLanguage\":\"de\",\"@id\":\"https:\/\/www.textilwaren24.eu\/magazin\/#\/schema\/person\/image\/\",\"url\":\"https:\/\/secure.gravatar.com\/avatar\/a794a4fe8a9b9c52241597eb381dfa2e?s=96&d=mm&r=g\",\"contentUrl\":\"https:\/\/secure.gravatar.com\/avatar\/a794a4fe8a9b9c52241597eb381dfa2e?s=96&d=mm&r=g\",\"caption\":\"admin\"}}]}<\/script>\n<!-- \/ Yoast SEO plugin. -->","yoast_head_json":{"title":"Rot und Braun kombinieren - Textilwaren Magazin","description":"Rot und Braun kombinieren \u2013 das geht! Und wie! \u2013 Das Textilwaren Magazin gibt Tipps, wie Sie die beiden Trendfarben stilvoll miteinander kombinieren!","robots":{"index":"index","follow":"follow","max-snippet":"max-snippet:-1","max-image-preview":"max-image-preview:large","max-video-preview":"max-video-preview:-1"},"canonical":"https:\/\/www.textilwaren24.eu\/magazin\/rot-und-braun-kombinieren\/","og_locale":"de_DE","og_type":"article","og_title":"Rot und Braun kombinieren - Textilwaren Magazin","og_description":"Rot und Braun kombinieren \u2013 das geht! Und wie! \u2013 Das Textilwaren Magazin gibt Tipps, wie Sie die beiden Trendfarben stilvoll miteinander kombinieren!","og_url":"https:\/\/www.textilwaren24.eu\/magazin\/rot-und-braun-kombinieren\/","og_site_name":"Textilwaren Magazin","article_published_time":"2019-01-07T09:00:52+00:00","article_modified_time":"2025-01-30T14:06:57+00:00","og_image":[{"width":800,"height":533,"url":"https:\/\/www.textilwaren24.eu\/magazin\/wp-content\/uploads\/2019\/02\/Rot-und-Braun-kombinieren.jpg","type":"image\/jpeg"}],"author":"admin","twitter_card":"summary_large_image","twitter_misc":{"Verfasst von":"admin","Gesch\u00e4tzte Lesezeit":"5\u00a0Minuten"},"schema":{"@context":"https:\/\/schema.org","@graph":[{"@type":"WebPage","@id":"https:\/\/www.textilwaren24.eu\/magazin\/rot-und-braun-kombinieren\/","url":"https:\/\/www.textilwaren24.eu\/magazin\/rot-und-braun-kombinieren\/","name":"Rot und Braun kombinieren - Textilwaren Magazin","isPartOf":{"@id":"https:\/\/www.textilwaren24.eu\/magazin\/#website"},"primaryImageOfPage":{"@id":"https:\/\/www.textilwaren24.eu\/magazin\/rot-und-braun-kombinieren\/#primaryimage"},"image":{"@id":"https:\/\/www.textilwaren24.eu\/magazin\/rot-und-braun-kombinieren\/#primaryimage"},"thumbnailUrl":"https:\/\/www.textilwaren24.eu\/magazin\/wp-content\/uploads\/2019\/02\/Rot-und-Braun-kombinieren.jpg","datePublished":"2019-01-07T09:00:52+00:00","dateModified":"2025-01-30T14:06:57+00:00","author":{"@id":"https:\/\/www.textilwaren24.eu\/magazin\/#\/schema\/person\/9c4e510f1296cc7c4a90e209f49f38b4"},"description":"Rot und Braun kombinieren \u2013 das geht! Und wie! \u2013 Das Textilwaren Magazin gibt Tipps, wie Sie die beiden Trendfarben stilvoll miteinander kombinieren!","breadcrumb":{"@id":"https:\/\/www.textilwaren24.eu\/magazin\/rot-und-braun-kombinieren\/#breadcrumb"},"inLanguage":"de","potentialAction":[{"@type":"ReadAction","target":["https:\/\/www.textilwaren24.eu\/magazin\/rot-und-braun-kombinieren\/"]}]},{"@type":"ImageObject","inLanguage":"de","@id":"https:\/\/www.textilwaren24.eu\/magazin\/rot-und-braun-kombinieren\/#primaryimage","url":"https:\/\/www.textilwaren24.eu\/magazin\/wp-content\/uploads\/2019\/02\/Rot-und-Braun-kombinieren.jpg","contentUrl":"https:\/\/www.textilwaren24.eu\/magazin\/wp-content\/uploads\/2019\/02\/Rot-und-Braun-kombinieren.jpg","width":800,"height":533,"caption":"\u00a9 DenisProduction.com \/ Fotolia.com"},{"@type":"BreadcrumbList","@id":"https:\/\/www.textilwaren24.eu\/magazin\/rot-und-braun-kombinieren\/#breadcrumb","itemListElement":[{"@type":"ListItem","position":1,"name":"Home","item":"https:\/\/www.textilwaren24.eu\/magazin\/"},{"@type":"ListItem","position":2,"name":"Rot und Braun kombinieren"}]},{"@type":"WebSite","@id":"https:\/\/www.textilwaren24.eu\/magazin\/#website","url":"https:\/\/www.textilwaren24.eu\/magazin\/","name":"Textilwaren Magazin","description":"","potentialAction":[{"@type":"SearchAction","target":{"@type":"EntryPoint","urlTemplate":"https:\/\/www.textilwaren24.eu\/magazin\/?s={search_term_string}"},"query-input":{"@type":"PropertyValueSpecification","valueRequired":true,"valueName":"search_term_string"}}],"inLanguage":"de"},{"@type":"Person","@id":"https:\/\/www.textilwaren24.eu\/magazin\/#\/schema\/person\/9c4e510f1296cc7c4a90e209f49f38b4","name":"admin","image":{"@type":"ImageObject","inLanguage":"de","@id":"https:\/\/www.textilwaren24.eu\/magazin\/#\/schema\/person\/image\/","url":"https:\/\/secure.gravatar.com\/avatar\/a794a4fe8a9b9c52241597eb381dfa2e?s=96&d=mm&r=g","contentUrl":"https:\/\/secure.gravatar.com\/avatar\/a794a4fe8a9b9c52241597eb381dfa2e?s=96&d=mm&r=g","caption":"admin"}}]}},"_links":{"self":[{"href":"https:\/\/www.textilwaren24.eu\/magazin\/wp-json\/wp\/v2\/posts\/12611"}],"collection":[{"href":"https:\/\/www.textilwaren24.eu\/magazin\/wp-json\/wp\/v2\/posts"}],"about":[{"href":"https:\/\/www.textilwaren24.eu\/magazin\/wp-json\/wp\/v2\/types\/post"}],"author":[{"embeddable":true,"href":"https:\/\/www.textilwaren24.eu\/magazin\/wp-json\/wp\/v2\/users\/2"}],"replies":[{"embeddable":true,"href":"https:\/\/www.textilwaren24.eu\/magazin\/wp-json\/wp\/v2\/comments?post=12611"}],"version-history":[{"count":22,"href":"https:\/\/www.textilwaren24.eu\/magazin\/wp-json\/wp\/v2\/posts\/12611\/revisions"}],"predecessor-version":[{"id":34821,"href":"https:\/\/www.textilwaren24.eu\/magazin\/wp-json\/wp\/v2\/posts\/12611\/revisions\/34821"}],"wp:featuredmedia":[{"embeddable":true,"href":"https:\/\/www.textilwaren24.eu\/magazin\/wp-json\/wp\/v2\/media\/12615"}],"wp:attachment":[{"href":"https:\/\/www.textilwaren24.eu\/magazin\/wp-json\/wp\/v2\/media?parent=12611"}],"wp:term":[{"taxonomy":"category","embeddable":true,"href":"https:\/\/www.textilwaren24.eu\/magazin\/wp-json\/wp\/v2\/categories?post=12611"},{"taxonomy":"post_tag","embeddable":true,"href":"https:\/\/www.textilwaren24.eu\/magazin\/wp-json\/wp\/v2\/tags?post=12611"}],"curies":[{"name":"wp","href":"https:\/\/api.w.org\/{rel}","templated":true}]}}