{"id":1282,"date":"2016-08-30T08:32:25","date_gmt":"2016-08-30T06:32:25","guid":{"rendered":"https:\/\/www.textilwaren24.eu\/magazin\/?p=1282"},"modified":"2019-08-07T13:33:35","modified_gmt":"2019-08-07T11:33:35","slug":"bucket-hat","status":"publish","type":"post","link":"https:\/\/www.textilwaren24.eu\/magazin\/bucket-hat\/","title":{"rendered":"Der Bucket Hat feiert sein Comeback"},"content":{"rendered":"<div id=\"ez-toc-container\" class=\"ez-toc-v2_0_77 ez-toc-wrap-center counter-hierarchy ez-toc-counter ez-toc-grey ez-toc-container-direction\">\n<div class=\"ez-toc-title-container\">\n<p class=\"ez-toc-title\" style=\"cursor:inherit\">Inhaltsverzeichnis<\/p>\n<span class=\"ez-toc-title-toggle\"><a href=\"#\" class=\"ez-toc-pull-right ez-toc-btn ez-toc-btn-xs ez-toc-btn-default ez-toc-toggle\" aria-label=\"Toggle Table of Content\"><span class=\"ez-toc-js-icon-con\"><span class=\"\"><span class=\"eztoc-hide\" style=\"display:none;\">Toggle<\/span><span class=\"ez-toc-icon-toggle-span\"><svg style=\"fill: #999;color:#999\" xmlns=\"http:\/\/www.w3.org\/2000\/svg\" class=\"list-377408\" width=\"20px\" height=\"20px\" viewBox=\"0 0 24 24\" fill=\"none\"><path d=\"M6 6H4v2h2V6zm14 0H8v2h12V6zM4 11h2v2H4v-2zm16 0H8v2h12v-2zM4 16h2v2H4v-2zm16 0H8v2h12v-2z\" fill=\"currentColor\"><\/path><\/svg><svg style=\"fill: #999;color:#999\" class=\"arrow-unsorted-368013\" xmlns=\"http:\/\/www.w3.org\/2000\/svg\" width=\"10px\" height=\"10px\" viewBox=\"0 0 24 24\" version=\"1.2\" baseProfile=\"tiny\"><path d=\"M18.2 9.3l-6.2-6.3-6.2 6.3c-.2.2-.3.4-.3.7s.1.5.3.7c.2.2.4.3.7.3h11c.3 0 .5-.1.7-.3.2-.2.3-.5.3-.7s-.1-.5-.3-.7zM5.8 14.7l6.2 6.3 6.2-6.3c.2-.2.3-.5.3-.7s-.1-.5-.3-.7c-.2-.2-.4-.3-.7-.3h-11c-.3 0-.5.1-.7.3-.2.2-.3.5-.3.7s.1.5.3.7z\"\/><\/svg><\/span><\/span><\/span><\/a><\/span><\/div>\n<nav><ul class='ez-toc-list ez-toc-list-level-1 ' ><li class='ez-toc-page-1 ez-toc-heading-level-2'><a class=\"ez-toc-link ez-toc-heading-1\" href=\"https:\/\/www.textilwaren24.eu\/magazin\/bucket-hat\/#%C2%AB_Cool_und_extrem_laessig_%C2%BB\" >\u00ab Cool und extrem l\u00e4ssig \u00bb<\/a><\/li><li class='ez-toc-page-1 ez-toc-heading-level-2'><a class=\"ez-toc-link ez-toc-heading-2\" href=\"https:\/\/www.textilwaren24.eu\/magazin\/bucket-hat\/#Arbeitshut_der_Fischer\" >Arbeitshut der Fischer<\/a><\/li><li class='ez-toc-page-1 ez-toc-heading-level-2'><a class=\"ez-toc-link ez-toc-heading-3\" href=\"https:\/\/www.textilwaren24.eu\/magazin\/bucket-hat\/#Schlichte_Form_mit_praktischem_Nutzen\" >Schlichte Form mit praktischem Nutzen<\/a><\/li><li class='ez-toc-page-1 ez-toc-heading-level-2'><a class=\"ez-toc-link ez-toc-heading-4\" href=\"https:\/\/www.textilwaren24.eu\/magazin\/bucket-hat\/#Froehliche_Farben_und_Musterungen_machen_den_Hut_zum_It-Piece\" >Fr\u00f6hliche Farben und Musterungen machen den Hut zum It-Piece<\/a><\/li><li class='ez-toc-page-1 ez-toc-heading-level-2'><a class=\"ez-toc-link ez-toc-heading-5\" href=\"https:\/\/www.textilwaren24.eu\/magazin\/bucket-hat\/#Stilsicher_kombinieren\" >Stilsicher kombinieren<\/a><\/li><li class='ez-toc-page-1 ez-toc-heading-level-2'><a class=\"ez-toc-link ez-toc-heading-6\" href=\"https:\/\/www.textilwaren24.eu\/magazin\/bucket-hat\/#Der_Anglerhut_treibt_es_bunt\" >Der Anglerhut treibt es bunt<\/a><\/li><li class='ez-toc-page-1 ez-toc-heading-level-2'><a class=\"ez-toc-link ez-toc-heading-7\" href=\"https:\/\/www.textilwaren24.eu\/magazin\/bucket-hat\/#Der_gute_Laune_Hut_fuer_Herren\" >Der gute Laune Hut f\u00fcr Herren<\/a><\/li><\/ul><\/nav><\/div>\n<h2><span class=\"ez-toc-section\" id=\"%C2%AB_Cool_und_extrem_laessig_%C2%BB\"><\/span>\u00ab Cool und extrem l\u00e4ssig \u00bb<span class=\"ez-toc-section-end\"><\/span><\/h2>\n<p style=\"text-align: justify;\"><strong>Dass M\u00fctzen und H\u00fcte in unserer Zeit nur als Sonnen- oder Wetterschutz getragen werden ist ein Irrtum. Eine coole Kopfbedeckung, wie der Fischerhut sieht nicht nur absolut schick aus, sondern verleiht dem Look erst das gewisse Etwas. Sp\u00e4testens seit Stilikonen wie Rihanna oder Christina Aguilera ihre stylischen Outfits mit einem Anglerhut bereichern, ist dieses Kultpiece der 90er Jahre angesagt wie nie. Damit der Bucket Hat so trendy wie bei den Celebrities wirkt, gilt es allerdings, einige Stylingtipps zu beachten. <\/strong><\/p>\n<h2><span class=\"ez-toc-section\" id=\"Arbeitshut_der_Fischer\"><\/span>Arbeitshut der Fischer<span class=\"ez-toc-section-end\"><\/span><\/h2>\n<p style=\"text-align: justify;\">Die klassischen H\u00fcte kamen etwa ab dem Jahr 1900 in Mode und dienten zun\u00e4chst irischen Bauern und Fischern als Schutz vor dem Regen. Sie wurden aus Wollfilz oder Tweed gefertigt, Geweben die aus reiner Schafwolle bestehen und viel nat\u00fcrliches Lanolin enthalten. Das Wollfett machte den Fischerhut wasserabweisend, gleichzeitig sch\u00fctzte dieser vor Sonne und dem auf dem Meer allgegenw\u00e4rtigen Wind. Durch das weiche aber unverw\u00fcstliche Material l\u00e4sst sich der Bucket Hat klein zusammenfalten und ohne Schaden zu nehmen in der Hosentasche verstauen.<\/p>\n<p style=\"text-align: justify;\"><a href=\"https:\/\/www.textilwaren24.eu\/capsmuetzen\/huete\/cb88-beechfield-cargo-bucket-hat\"><img loading=\"lazy\" decoding=\"async\" class=\"aligncenter wp-image-1335 size-full\" title=\"Beechfield Cargo Bucket Hat aus Polyester &amp; Baumwolle | Sonnenschutzfaktor UPF 50+\" src=\"https:\/\/www.textilwaren24.eu\/magazin\/wp-content\/uploads\/2016\/09\/Beechfield-Cargo-Bucket-Hat-CB88-e1472553216529.jpg\" alt=\"Beechfield Cargo Bucket Hat CB88\" width=\"600\" height=\"70\" srcset=\"https:\/\/www.textilwaren24.eu\/magazin\/wp-content\/uploads\/2016\/09\/Beechfield-Cargo-Bucket-Hat-CB88-e1472553216529.jpg 600w, https:\/\/www.textilwaren24.eu\/magazin\/wp-content\/uploads\/2016\/09\/Beechfield-Cargo-Bucket-Hat-CB88-e1472553216529-300x35.jpg 300w\" sizes=\"(max-width: 600px) 100vw, 600px\" \/><\/a><\/p>\n<p style=\"text-align: justify;\">Wurden die M\u00fctzen schmutzig, was bei der anstrengenden Arbeit h\u00e4ufig vorkam, lie\u00dfen sie sich problemlos waschen da sie anders als viele Hutmodelle dieser Zeit ohne Zierrat und Verst\u00e4rkungen auskamen. In den 60er Jahren r\u00fcckte der Anglerhut durch die TV-Serie &#8222;Gilligan\u00b4s Island&#8220; ins Augenmerk der breiten \u00d6ffentlichkeit. Der Schauspieler Bob Denver trug in allen Folgen der drei Staffeln dieser Sitcom einen naturwei\u00dfen Bucket Hat, der zu seinem Markenzeichen wurde.<\/p>\n<h2><span class=\"ez-toc-section\" id=\"Schlichte_Form_mit_praktischem_Nutzen\"><\/span><a href=\"https:\/\/www.textilwaren24.eu\/capsmuetzen\/huete\/at314-atlantis-bucket-cotton-hat\"><img loading=\"lazy\" decoding=\"async\" class=\"alignleft wp-image-1289 size-full\" title=\"Atlantis Bucket Hat aus 100% Baumwolle | Weiche Krempe mit acht Ziern\u00e4hten\" src=\"https:\/\/www.textilwaren24.eu\/magazin\/wp-content\/uploads\/2016\/09\/Atlantis-Bucket-Hat-Baumwolle-AT314.jpg\" alt=\"Atlantis Bucket Hat Baumwolle AT314\" width=\"230\" height=\"295\" \/><\/a>Schlichte Form mit praktischem Nutzen<span class=\"ez-toc-section-end\"><\/span><\/h2>\n<p style=\"text-align: justify;\">Typisch f\u00fcr den <a href=\"https:\/\/www.textilwaren24.eu\/capsmuetzen\/huete\">Bucket Hat<\/a> ist seine eimer\u00e4hnliche Form mit kleiner Hutkrempe. Seit die amerikanische Armee diesen Hut als Sonnenschutz f\u00fcr die in Vietnam dienenden Soldaten verwendete, wird er nicht mehr nur aus Wolle, sondern auch aus robustem Canvas gefertigt. Dadurch tr\u00e4gt sich der Fischerhut in der warmen Jahreszeit ausgesprochen angenehm und sch\u00fctzt durch die schmale Krempe das Gesicht und den Nackenbereich vor \u00fcberm\u00e4\u00dfiger Sonnenbestrahlung. In den 90ern entdeckten hippe Musiker und Rapper den Fischerhut als unkonventionelles Accessoire.<\/p>\n<p style=\"text-align: justify;\">Lang hielt sich dieser Trend jedoch nicht und die M\u00fctzen verschwanden f\u00fcr einige Zeit aus der Modeszene. In den letzten Jahrzehnten war das Tragen dieser bequemen Kopfbedeckung etwas verschroben wirkenden \u00e4lteren Herren bei der Gartenarbeit, geduldigen Anglern und kleinen Kinder vorbehalten.<\/p>\n<h2><span class=\"ez-toc-section\" id=\"Froehliche_Farben_und_Musterungen_machen_den_Hut_zum_It-Piece\"><\/span><a href=\"https:\/\/www.textilwaren24.eu\/flexfit\/\"><img loading=\"lazy\" decoding=\"async\" class=\"alignright wp-image-1303 size-full\" title=\"FLEXFIT Roses Bucket Hat aus 100% Polyester | Elasthangewebter Hut\" src=\"https:\/\/www.textilwaren24.eu\/magazin\/wp-content\/uploads\/2016\/09\/FLEXFIT-Roses-Bucket-Hat-Polyester-FX5003R.jpg\" alt=\"FLEXFIT Roses Bucket Hat Polyester FX5003R\" width=\"248\" height=\"165\" \/><\/a>Fr\u00f6hliche Farben und Musterungen machen den Hut zum It-Piece<span class=\"ez-toc-section-end\"><\/span><\/h2>\n<p style=\"text-align: justify;\">Wie stylisch diese praktische Kopfbedeckung wirken kann, machen in den letzten Monaten Stars wie Leonardo di Caprio, Jessica Alba und Jack Nicholson vor. Der Anglerhut ist zur\u00fcck und endlich darf sich jeder mit diesen bequemen M\u00fctzen \u00fcberst\u00fclpen und somit als modischer Trendsetter f\u00fchlen. Ob in klassischen Naturt\u00f6nen, mit Camouflage Muster, buntem Print oder aus edlem Leder: Ohne Bucket Hat geht im Modesommer 2016 gar nichts.<\/p>\n<p style=\"text-align: justify;\">Allerdings ist es nicht ganz einfach, den Fischerhut wirklich cool zu stylen, denn durch seine sehr simple Form passt er nicht zu jedem Outfit. Der Anglerhut sieht am besten zum relaxten Casual Look aus, der Stilbruch zum Abendkleid oder der Stoffhose sollte tunlichst vermieden werden.<\/p>\n<h2><span class=\"ez-toc-section\" id=\"Stilsicher_kombinieren\"><\/span>Stilsicher kombinieren<span class=\"ez-toc-section-end\"><\/span><\/h2>\n<p style=\"text-align: justify;\">Durch die l\u00e4ssig coole Ausstrahlung passt der Anglerhut perfekt zum lockeren Freizeit-Outfit aus leger aufgekrempelter Boyfriend-Jeans, T-Shirt mit effektvollem Druck und Sneakers. Immer toll zum Bucket Hat ist eine geheimnisvoll verspiegelte Sonnenbrille. Achten Sie darauf, dass die Farbe des Hutes mit dem des Stylings harmoniert, damit ein attraktiver Gesamteindruck entsteht. Sie lieben den angesagten Marine-Style?<\/p>\n<p style=\"text-align: justify;\"><a href=\"https:\/\/www.textilwaren24.eu\/capsmuetzen\/huete\/mb012-myrtle-beach-fisherman-piping-hat\"><img loading=\"lazy\" decoding=\"async\" class=\"aligncenter wp-image-1317 size-full\" title=\"myrtle beach Fisherman Piping Hat aus 100% Polyester | Gef\u00fcttertes Satinschwei\u00dfband\" src=\"https:\/\/www.textilwaren24.eu\/magazin\/wp-content\/uploads\/2016\/09\/myrtle-beach-Fisherman-Piping-Hat-MB012.jpg\" alt=\"myrtle beach Fisherman Piping Hat MB012\" width=\"600\" height=\"530\" srcset=\"https:\/\/www.textilwaren24.eu\/magazin\/wp-content\/uploads\/2016\/09\/myrtle-beach-Fisherman-Piping-Hat-MB012.jpg 600w, https:\/\/www.textilwaren24.eu\/magazin\/wp-content\/uploads\/2016\/09\/myrtle-beach-Fisherman-Piping-Hat-MB012-300x265.jpg 300w\" sizes=\"(max-width: 600px) 100vw, 600px\" \/><\/a><\/p>\n<p style=\"text-align: justify;\">Dann tragen Sie einen knallroten Bucket Hat zur dunkelblauen Hose, sportiven Leinenschuhen und einem Shirt im klassischen Streifenmuster. Einen Fischerhut im Stil der 60er in off-white oder einem Naturton k\u00f6nnen Sie hervorragend zu einem Outfit im Boho-Style kombinieren. Da die kleine Krempe der M\u00fctzen die Ohren freil\u00e4sst kommen gro\u00dfz\u00fcgige Ohrringe und XXL-Ketten sehr wirkungsvoll zur Geltung.<\/p>\n<h2><span class=\"ez-toc-section\" id=\"Der_Anglerhut_treibt_es_bunt\"><\/span>Der Anglerhut treibt es bunt<span class=\"ez-toc-section-end\"><\/span><\/h2>\n<p style=\"text-align: justify;\"><a href=\"https:\/\/www.textilwaren24.eu\/flexfit\/\"><img loading=\"lazy\" decoding=\"async\" class=\"alignright wp-image-1314 size-full\" title=\"FLEXFIT Flower Pattern Bucket Hat aus 100% Polyester | Elasthangewebter Hut\" src=\"https:\/\/www.textilwaren24.eu\/magazin\/wp-content\/uploads\/2016\/09\/FLEXFIT-Flower-Pattern-Bucket-Hat-Polyester-FX5003FP.jpg\" alt=\"FLEXFIT Flower Pattern Bucket Hat Polyester FX5003FP\" width=\"247\" height=\"185\" \/><\/a>Neu in dieser Saison sind Anglerh\u00fcte im Funky-Style mit ausgefallenen Ethno-Mustern. Diese M\u00fctzen sind nichts f\u00fcr Sch\u00fcchterne; sie peppen jedoch ein eher unscheinbares Outfit extrem stylisch auf. Ihnen ist der Fischerhut in Camouflage-Optik solo zu langweilig? Dann machen Sie es doch wie Rihanna und werten Sie das schlichte Teil durch eine auff\u00e4llige Vintage-Brosche auf. Knappe Shorts, ein modisches Tank Top und ein wenig Glitzerschmuck \u2013 fertig ist der trendy Strandlook, mit dem Sie garantiert alle Blicke auf sich ziehen.<\/p>\n<p style=\"text-align: justify;\">Neu ist der <a href=\"https:\/\/www.textilwaren24.eu\/capsmuetzen\/huete\/cb789-beechfield-outback-hat\">Bucket Hat mit etwas gr\u00f6\u00dferer Krempe<\/a>. Diese Hutform schmeichelt dem Gesicht und wirkt eleganter und femininer als das klassische Modell. Sie k\u00f6nnen den Hut hervorragend mit einem zart gemusterten, weich fallenden Sommerkleid und Sandalen kombinieren. Tragen Sie die Haare offen und leger gestylt, um den m\u00e4dchenhaften Look zu unterstreichen.<\/p>\n<p style=\"text-align: justify;\">Wichtig: Verzichten Sie nicht g\u00e4nzlich auf Schminke. Erst ein toller Lippenstift und etwas Augen Make-up lassen den Bucket-Hat-Style frisch und trendy wirken.<\/p>\n<h2><span class=\"ez-toc-section\" id=\"Der_gute_Laune_Hut_fuer_Herren\"><\/span>Der gute Laune Hut f\u00fcr Herren<span class=\"ez-toc-section-end\"><\/span><\/h2>\n<p style=\"text-align: justify;\">Der unkomplizierte Bucket Hat ist wie gemacht f\u00fcr Herren, die legere Freizeitmode m\u00f6gen und auf einen ausgefallenen Look Wert legen. Lieben Sie die modische Vielfalt, ist ein Wendehut ideal, bei dem als besonderer Clou die T\u00f6nung der <a href=\"https:\/\/www.textilwaren24.eu\/capsmuetzen\/huete\/cb686-beechfield-wendbarer-hut\"><img loading=\"lazy\" decoding=\"async\" class=\"alignleft wp-image-1329 size-full\" title=\"Beechfield Wendbarer Hut aus 100% Baumwolle | Kann beidseitig getragen werden\" src=\"https:\/\/www.textilwaren24.eu\/magazin\/wp-content\/uploads\/2016\/09\/Beechfield-Wendbarer-Hut-CB686.jpg\" alt=\"Beechfield Wendbarer Hut CB686\" width=\"173\" height=\"190\" \/><\/a>Innenseite von der Farbe der Au\u00dfenseite abweicht. Je nach Styling und Gesichtsform k\u00f6nnen Sie die Krempe hochschlagen oder den Fischerhut wie LL Cool J ein wenig schr\u00e4g aufsetzen. F\u00fcr die Strandbar und den Sommerurlaub darf es auch f\u00fcr Herren ein Anglerhut mit auff\u00e4lligem Druck sein, der gute Laune und Kreativit\u00e4t ausstrahlt. Denn so viel ist sicher: So schlicht dieser Hut auch wirken mag, so cool l\u00e4sst er sich kombinieren und wirkt durch seine schicken Designs niemals langweilig.<\/p>\n","protected":false},"excerpt":{"rendered":"<p>\u00ab Cool und extrem l\u00e4ssig \u00bb Dass M\u00fctzen und H\u00fcte in unserer Zeit nur als Sonnen- oder Wetterschutz getragen werden ist ein Irrtum. Eine coole Kopfbedeckung, wie der Fischerhut sieht nicht nur absolut schick aus, sondern verleiht dem Look erst das gewisse Etwas. Sp\u00e4testens seit Stilikonen wie Rihanna oder Christina Aguilera ihre stylischen Outfits mit &hellip;<\/p>\n","protected":false},"author":2,"featured_media":1293,"comment_status":"closed","ping_status":"open","sticky":false,"template":"","format":"standard","meta":{"footnotes":""},"categories":[7],"tags":[95,92,70,90,93,91,13,94],"class_list":["post-1282","post","type-post","status-publish","format-standard","has-post-thumbnail","hentry","category-accessoires","tag-anglerhut","tag-atlantis","tag-beechfield","tag-bucket-hat","tag-flexfit","tag-huete","tag-kopfbedeckung","tag-myrtle-beach"],"yoast_head":"<!-- This site is optimized with the Yoast SEO plugin v25.6 - https:\/\/yoast.com\/wordpress\/plugins\/seo\/ -->\n<title>Der Bucket Hat feiert sein Comeback - Textilwaren Magazin<\/title>\n<meta name=\"description\" content=\"Der Bucket Hat ist zur\u00fcck! \u2013 Das Textilmagazin feiert sein Comeback und erkl\u00e4rt Ihnen, wie Sie die stylische Kopfbedeckung richtig in Szene setzen!\" \/>\n<meta name=\"robots\" content=\"index, follow, max-snippet:-1, max-image-preview:large, max-video-preview:-1\" \/>\n<link rel=\"canonical\" href=\"https:\/\/www.textilwaren24.eu\/magazin\/bucket-hat\/\" \/>\n<meta property=\"og:locale\" content=\"de_DE\" \/>\n<meta property=\"og:type\" content=\"article\" \/>\n<meta property=\"og:title\" content=\"Der Bucket Hat feiert sein Comeback - Textilwaren Magazin\" \/>\n<meta property=\"og:description\" content=\"Der Bucket Hat ist zur\u00fcck! \u2013 Das Textilmagazin feiert sein Comeback und erkl\u00e4rt Ihnen, wie Sie die stylische Kopfbedeckung richtig in Szene setzen!\" \/>\n<meta property=\"og:url\" content=\"https:\/\/www.textilwaren24.eu\/magazin\/bucket-hat\/\" \/>\n<meta property=\"og:site_name\" content=\"Textilwaren Magazin\" \/>\n<meta property=\"article:published_time\" content=\"2016-08-30T06:32:25+00:00\" \/>\n<meta property=\"article:modified_time\" content=\"2019-08-07T11:33:35+00:00\" \/>\n<meta property=\"og:image\" content=\"https:\/\/www.textilwaren24.eu\/magazin\/wp-content\/uploads\/2016\/09\/Der-Bucket-Hat-feiert-sein-Comeback.jpg\" \/>\n\t<meta property=\"og:image:width\" content=\"800\" \/>\n\t<meta property=\"og:image:height\" content=\"534\" \/>\n\t<meta property=\"og:image:type\" content=\"image\/jpeg\" \/>\n<meta name=\"author\" content=\"admin\" \/>\n<meta name=\"twitter:card\" content=\"summary_large_image\" \/>\n<meta name=\"twitter:label1\" content=\"Verfasst von\" \/>\n\t<meta name=\"twitter:data1\" content=\"admin\" \/>\n\t<meta name=\"twitter:label2\" content=\"Gesch\u00e4tzte Lesezeit\" \/>\n\t<meta name=\"twitter:data2\" content=\"5\u00a0Minuten\" \/>\n<script type=\"application\/ld+json\" class=\"yoast-schema-graph\">{\"@context\":\"https:\/\/schema.org\",\"@graph\":[{\"@type\":\"WebPage\",\"@id\":\"https:\/\/www.textilwaren24.eu\/magazin\/bucket-hat\/\",\"url\":\"https:\/\/www.textilwaren24.eu\/magazin\/bucket-hat\/\",\"name\":\"Der Bucket Hat feiert sein Comeback - Textilwaren Magazin\",\"isPartOf\":{\"@id\":\"https:\/\/www.textilwaren24.eu\/magazin\/#website\"},\"primaryImageOfPage\":{\"@id\":\"https:\/\/www.textilwaren24.eu\/magazin\/bucket-hat\/#primaryimage\"},\"image\":{\"@id\":\"https:\/\/www.textilwaren24.eu\/magazin\/bucket-hat\/#primaryimage\"},\"thumbnailUrl\":\"https:\/\/www.textilwaren24.eu\/magazin\/wp-content\/uploads\/2016\/09\/Der-Bucket-Hat-feiert-sein-Comeback.jpg\",\"datePublished\":\"2016-08-30T06:32:25+00:00\",\"dateModified\":\"2019-08-07T11:33:35+00:00\",\"author\":{\"@id\":\"https:\/\/www.textilwaren24.eu\/magazin\/#\/schema\/person\/9c4e510f1296cc7c4a90e209f49f38b4\"},\"description\":\"Der Bucket Hat ist zur\u00fcck! \u2013 Das Textilmagazin feiert sein Comeback und erkl\u00e4rt Ihnen, wie Sie die stylische Kopfbedeckung richtig in Szene setzen!\",\"breadcrumb\":{\"@id\":\"https:\/\/www.textilwaren24.eu\/magazin\/bucket-hat\/#breadcrumb\"},\"inLanguage\":\"de\",\"potentialAction\":[{\"@type\":\"ReadAction\",\"target\":[\"https:\/\/www.textilwaren24.eu\/magazin\/bucket-hat\/\"]}]},{\"@type\":\"ImageObject\",\"inLanguage\":\"de\",\"@id\":\"https:\/\/www.textilwaren24.eu\/magazin\/bucket-hat\/#primaryimage\",\"url\":\"https:\/\/www.textilwaren24.eu\/magazin\/wp-content\/uploads\/2016\/09\/Der-Bucket-Hat-feiert-sein-Comeback.jpg\",\"contentUrl\":\"https:\/\/www.textilwaren24.eu\/magazin\/wp-content\/uploads\/2016\/09\/Der-Bucket-Hat-feiert-sein-Comeback.jpg\",\"width\":800,\"height\":534,\"caption\":\"\u00a9 gekaskr \/ Fotolia.com\"},{\"@type\":\"BreadcrumbList\",\"@id\":\"https:\/\/www.textilwaren24.eu\/magazin\/bucket-hat\/#breadcrumb\",\"itemListElement\":[{\"@type\":\"ListItem\",\"position\":1,\"name\":\"Home\",\"item\":\"https:\/\/www.textilwaren24.eu\/magazin\/\"},{\"@type\":\"ListItem\",\"position\":2,\"name\":\"Der Bucket Hat feiert sein Comeback\"}]},{\"@type\":\"WebSite\",\"@id\":\"https:\/\/www.textilwaren24.eu\/magazin\/#website\",\"url\":\"https:\/\/www.textilwaren24.eu\/magazin\/\",\"name\":\"Textilwaren Magazin\",\"description\":\"\",\"potentialAction\":[{\"@type\":\"SearchAction\",\"target\":{\"@type\":\"EntryPoint\",\"urlTemplate\":\"https:\/\/www.textilwaren24.eu\/magazin\/?s={search_term_string}\"},\"query-input\":{\"@type\":\"PropertyValueSpecification\",\"valueRequired\":true,\"valueName\":\"search_term_string\"}}],\"inLanguage\":\"de\"},{\"@type\":\"Person\",\"@id\":\"https:\/\/www.textilwaren24.eu\/magazin\/#\/schema\/person\/9c4e510f1296cc7c4a90e209f49f38b4\",\"name\":\"admin\",\"image\":{\"@type\":\"ImageObject\",\"inLanguage\":\"de\",\"@id\":\"https:\/\/www.textilwaren24.eu\/magazin\/#\/schema\/person\/image\/\",\"url\":\"https:\/\/secure.gravatar.com\/avatar\/a794a4fe8a9b9c52241597eb381dfa2e?s=96&d=mm&r=g\",\"contentUrl\":\"https:\/\/secure.gravatar.com\/avatar\/a794a4fe8a9b9c52241597eb381dfa2e?s=96&d=mm&r=g\",\"caption\":\"admin\"}}]}<\/script>\n<!-- \/ Yoast SEO plugin. -->","yoast_head_json":{"title":"Der Bucket Hat feiert sein Comeback - Textilwaren Magazin","description":"Der Bucket Hat ist zur\u00fcck! \u2013 Das Textilmagazin feiert sein Comeback und erkl\u00e4rt Ihnen, wie Sie die stylische Kopfbedeckung richtig in Szene setzen!","robots":{"index":"index","follow":"follow","max-snippet":"max-snippet:-1","max-image-preview":"max-image-preview:large","max-video-preview":"max-video-preview:-1"},"canonical":"https:\/\/www.textilwaren24.eu\/magazin\/bucket-hat\/","og_locale":"de_DE","og_type":"article","og_title":"Der Bucket Hat feiert sein Comeback - Textilwaren Magazin","og_description":"Der Bucket Hat ist zur\u00fcck! \u2013 Das Textilmagazin feiert sein Comeback und erkl\u00e4rt Ihnen, wie Sie die stylische Kopfbedeckung richtig in Szene setzen!","og_url":"https:\/\/www.textilwaren24.eu\/magazin\/bucket-hat\/","og_site_name":"Textilwaren Magazin","article_published_time":"2016-08-30T06:32:25+00:00","article_modified_time":"2019-08-07T11:33:35+00:00","og_image":[{"width":800,"height":534,"url":"https:\/\/www.textilwaren24.eu\/magazin\/wp-content\/uploads\/2016\/09\/Der-Bucket-Hat-feiert-sein-Comeback.jpg","type":"image\/jpeg"}],"author":"admin","twitter_card":"summary_large_image","twitter_misc":{"Verfasst von":"admin","Gesch\u00e4tzte Lesezeit":"5\u00a0Minuten"},"schema":{"@context":"https:\/\/schema.org","@graph":[{"@type":"WebPage","@id":"https:\/\/www.textilwaren24.eu\/magazin\/bucket-hat\/","url":"https:\/\/www.textilwaren24.eu\/magazin\/bucket-hat\/","name":"Der Bucket Hat feiert sein Comeback - Textilwaren Magazin","isPartOf":{"@id":"https:\/\/www.textilwaren24.eu\/magazin\/#website"},"primaryImageOfPage":{"@id":"https:\/\/www.textilwaren24.eu\/magazin\/bucket-hat\/#primaryimage"},"image":{"@id":"https:\/\/www.textilwaren24.eu\/magazin\/bucket-hat\/#primaryimage"},"thumbnailUrl":"https:\/\/www.textilwaren24.eu\/magazin\/wp-content\/uploads\/2016\/09\/Der-Bucket-Hat-feiert-sein-Comeback.jpg","datePublished":"2016-08-30T06:32:25+00:00","dateModified":"2019-08-07T11:33:35+00:00","author":{"@id":"https:\/\/www.textilwaren24.eu\/magazin\/#\/schema\/person\/9c4e510f1296cc7c4a90e209f49f38b4"},"description":"Der Bucket Hat ist zur\u00fcck! \u2013 Das Textilmagazin feiert sein Comeback und erkl\u00e4rt Ihnen, wie Sie die stylische Kopfbedeckung richtig in Szene setzen!","breadcrumb":{"@id":"https:\/\/www.textilwaren24.eu\/magazin\/bucket-hat\/#breadcrumb"},"inLanguage":"de","potentialAction":[{"@type":"ReadAction","target":["https:\/\/www.textilwaren24.eu\/magazin\/bucket-hat\/"]}]},{"@type":"ImageObject","inLanguage":"de","@id":"https:\/\/www.textilwaren24.eu\/magazin\/bucket-hat\/#primaryimage","url":"https:\/\/www.textilwaren24.eu\/magazin\/wp-content\/uploads\/2016\/09\/Der-Bucket-Hat-feiert-sein-Comeback.jpg","contentUrl":"https:\/\/www.textilwaren24.eu\/magazin\/wp-content\/uploads\/2016\/09\/Der-Bucket-Hat-feiert-sein-Comeback.jpg","width":800,"height":534,"caption":"\u00a9 gekaskr \/ Fotolia.com"},{"@type":"BreadcrumbList","@id":"https:\/\/www.textilwaren24.eu\/magazin\/bucket-hat\/#breadcrumb","itemListElement":[{"@type":"ListItem","position":1,"name":"Home","item":"https:\/\/www.textilwaren24.eu\/magazin\/"},{"@type":"ListItem","position":2,"name":"Der Bucket Hat feiert sein Comeback"}]},{"@type":"WebSite","@id":"https:\/\/www.textilwaren24.eu\/magazin\/#website","url":"https:\/\/www.textilwaren24.eu\/magazin\/","name":"Textilwaren Magazin","description":"","potentialAction":[{"@type":"SearchAction","target":{"@type":"EntryPoint","urlTemplate":"https:\/\/www.textilwaren24.eu\/magazin\/?s={search_term_string}"},"query-input":{"@type":"PropertyValueSpecification","valueRequired":true,"valueName":"search_term_string"}}],"inLanguage":"de"},{"@type":"Person","@id":"https:\/\/www.textilwaren24.eu\/magazin\/#\/schema\/person\/9c4e510f1296cc7c4a90e209f49f38b4","name":"admin","image":{"@type":"ImageObject","inLanguage":"de","@id":"https:\/\/www.textilwaren24.eu\/magazin\/#\/schema\/person\/image\/","url":"https:\/\/secure.gravatar.com\/avatar\/a794a4fe8a9b9c52241597eb381dfa2e?s=96&d=mm&r=g","contentUrl":"https:\/\/secure.gravatar.com\/avatar\/a794a4fe8a9b9c52241597eb381dfa2e?s=96&d=mm&r=g","caption":"admin"}}]}},"_links":{"self":[{"href":"https:\/\/www.textilwaren24.eu\/magazin\/wp-json\/wp\/v2\/posts\/1282"}],"collection":[{"href":"https:\/\/www.textilwaren24.eu\/magazin\/wp-json\/wp\/v2\/posts"}],"about":[{"href":"https:\/\/www.textilwaren24.eu\/magazin\/wp-json\/wp\/v2\/types\/post"}],"author":[{"embeddable":true,"href":"https:\/\/www.textilwaren24.eu\/magazin\/wp-json\/wp\/v2\/users\/2"}],"replies":[{"embeddable":true,"href":"https:\/\/www.textilwaren24.eu\/magazin\/wp-json\/wp\/v2\/comments?post=1282"}],"version-history":[{"count":52,"href":"https:\/\/www.textilwaren24.eu\/magazin\/wp-json\/wp\/v2\/posts\/1282\/revisions"}],"predecessor-version":[{"id":14790,"href":"https:\/\/www.textilwaren24.eu\/magazin\/wp-json\/wp\/v2\/posts\/1282\/revisions\/14790"}],"wp:featuredmedia":[{"embeddable":true,"href":"https:\/\/www.textilwaren24.eu\/magazin\/wp-json\/wp\/v2\/media\/1293"}],"wp:attachment":[{"href":"https:\/\/www.textilwaren24.eu\/magazin\/wp-json\/wp\/v2\/media?parent=1282"}],"wp:term":[{"taxonomy":"category","embeddable":true,"href":"https:\/\/www.textilwaren24.eu\/magazin\/wp-json\/wp\/v2\/categories?post=1282"},{"taxonomy":"post_tag","embeddable":true,"href":"https:\/\/www.textilwaren24.eu\/magazin\/wp-json\/wp\/v2\/tags?post=1282"}],"curies":[{"name":"wp","href":"https:\/\/api.w.org\/{rel}","templated":true}]}}