{"id":15977,"date":"2019-10-21T15:37:34","date_gmt":"2019-10-21T13:37:34","guid":{"rendered":"https:\/\/www.textilwaren24.eu\/magazin\/?p=15977"},"modified":"2025-01-30T15:08:10","modified_gmt":"2025-01-30T14:08:10","slug":"babykleidung-im-winter","status":"publish","type":"post","link":"https:\/\/www.textilwaren24.eu\/magazin\/babykleidung-im-winter\/","title":{"rendered":"Babykleidung im Winter"},"content":{"rendered":"<div id=\"ez-toc-container\" class=\"ez-toc-v2_0_77 ez-toc-wrap-center counter-hierarchy ez-toc-counter ez-toc-grey ez-toc-container-direction\">\n<div class=\"ez-toc-title-container\">\n<p class=\"ez-toc-title\" style=\"cursor:inherit\">Inhaltsverzeichnis<\/p>\n<span class=\"ez-toc-title-toggle\"><a href=\"#\" class=\"ez-toc-pull-right ez-toc-btn ez-toc-btn-xs ez-toc-btn-default ez-toc-toggle\" aria-label=\"Toggle Table of Content\"><span class=\"ez-toc-js-icon-con\"><span class=\"\"><span class=\"eztoc-hide\" style=\"display:none;\">Toggle<\/span><span class=\"ez-toc-icon-toggle-span\"><svg style=\"fill: #999;color:#999\" xmlns=\"http:\/\/www.w3.org\/2000\/svg\" class=\"list-377408\" width=\"20px\" height=\"20px\" viewBox=\"0 0 24 24\" fill=\"none\"><path d=\"M6 6H4v2h2V6zm14 0H8v2h12V6zM4 11h2v2H4v-2zm16 0H8v2h12v-2zM4 16h2v2H4v-2zm16 0H8v2h12v-2z\" fill=\"currentColor\"><\/path><\/svg><svg style=\"fill: #999;color:#999\" class=\"arrow-unsorted-368013\" xmlns=\"http:\/\/www.w3.org\/2000\/svg\" width=\"10px\" height=\"10px\" viewBox=\"0 0 24 24\" version=\"1.2\" baseProfile=\"tiny\"><path d=\"M18.2 9.3l-6.2-6.3-6.2 6.3c-.2.2-.3.4-.3.7s.1.5.3.7c.2.2.4.3.7.3h11c.3 0 .5-.1.7-.3.2-.2.3-.5.3-.7s-.1-.5-.3-.7zM5.8 14.7l6.2 6.3 6.2-6.3c.2-.2.3-.5.3-.7s-.1-.5-.3-.7c-.2-.2-.4-.3-.7-.3h-11c-.3 0-.5.1-.7.3-.2.2-.3.5-.3.7s.1.5.3.7z\"\/><\/svg><\/span><\/span><\/span><\/a><\/span><\/div>\n<nav><ul class='ez-toc-list ez-toc-list-level-1 ' ><li class='ez-toc-page-1 ez-toc-heading-level-2'><a class=\"ez-toc-link ez-toc-heading-1\" href=\"https:\/\/www.textilwaren24.eu\/magazin\/babykleidung-im-winter\/#%C2%AB_Winterfeste_Kleidungsstuecke_fuer_die_Kleinsten_%C2%BB\" >\u00ab Winterfeste Kleidungsst\u00fccke f\u00fcr die Kleinsten \u00bb<\/a><\/li><li class='ez-toc-page-1 ez-toc-heading-level-2'><a class=\"ez-toc-link ez-toc-heading-2\" href=\"https:\/\/www.textilwaren24.eu\/magazin\/babykleidung-im-winter\/#Babykleidung_im_Winter_Darauf_kommt_es_an\" >Babykleidung im Winter: Darauf kommt es an<\/a><\/li><li class='ez-toc-page-1 ez-toc-heading-level-2'><a class=\"ez-toc-link ez-toc-heading-3\" href=\"https:\/\/www.textilwaren24.eu\/magazin\/babykleidung-im-winter\/#Diese_Fehler_sollten_Sie_bei_Babykleidung_im_Winter_vermeiden\" >Diese Fehler sollten Sie bei Babykleidung im Winter vermeiden<\/a><\/li><li class='ez-toc-page-1 ez-toc-heading-level-2'><a class=\"ez-toc-link ez-toc-heading-4\" href=\"https:\/\/www.textilwaren24.eu\/magazin\/babykleidung-im-winter\/#Flexibler_Zwiebellook_fuer_Kleinkinder_im_Winter\" >Flexibler Zwiebellook f\u00fcr Kleinkinder im Winter<\/a><\/li><li class='ez-toc-page-1 ez-toc-heading-level-2'><a class=\"ez-toc-link ez-toc-heading-5\" href=\"https:\/\/www.textilwaren24.eu\/magazin\/babykleidung-im-winter\/#Wenn_es_richtig_kalt_wird_Babymuetzen_in_modischer_Vielfalt\" >Wenn es richtig kalt wird: Babym\u00fctzen in modischer Vielfalt<\/a><\/li><li class='ez-toc-page-1 ez-toc-heading-level-2'><a class=\"ez-toc-link ez-toc-heading-6\" href=\"https:\/\/www.textilwaren24.eu\/magazin\/babykleidung-im-winter\/#Weiche_Winter-Strampler_Basics_zum_Einkuscheln\" >Weiche Winter-Strampler: Basics zum Einkuscheln<\/a><\/li><li class='ez-toc-page-1 ez-toc-heading-level-2'><a class=\"ez-toc-link ez-toc-heading-7\" href=\"https:\/\/www.textilwaren24.eu\/magazin\/babykleidung-im-winter\/#Fuer_die_ersten_Ausfahrten_im_Winter_ist_waermende_Babykleidung_essenziell\" >F\u00fcr die ersten Ausfahrten im Winter ist w\u00e4rmende Babykleidung essenziell.<\/a><\/li><\/ul><\/nav><\/div>\n<h2><span class=\"ez-toc-section\" id=\"%C2%AB_Winterfeste_Kleidungsstuecke_fuer_die_Kleinsten_%C2%BB\"><\/span>\u00ab Winterfeste Kleidungsst\u00fccke f\u00fcr die Kleinsten \u00bb<span class=\"ez-toc-section-end\"><\/span><\/h2>\n<p style=\"text-align: justify;\"><strong>Verschneite Parklandschaften und strahlender Sonnenschein: Wenn eine Spazierfahrt mit den Kleinsten im Kinderwagen geplant ist, ist <\/strong><a href=\"https:\/\/www.textilwaren24.eu\/kinderbekleidung\/kinderbekleidung-baby-wear\"><strong>kuschelige Babykleidung im Winter<\/strong><\/a><strong> unverzichtbar. M\u00e4dchen und Jungen wollen bei Minusgraden nicht nur warm und flauschig eingepackt sein, sondern k\u00f6nnen in Winterkleidung wie kleine Prinzen und Prinzessinnen aussehen. Gef\u00fctterte Overalls, h\u00fcbsche Babym\u00e4ntel und <\/strong><a href=\"https:\/\/www.textilwaren24.eu\/accessoires\/winteraccessoires\"><strong>M\u00fctzensets mit passenden Handschuhen<\/strong><\/a><strong> aus kuscheligen Materialien verw\u00f6hnen die zarte Kinderhaut und trotzen der Witterung. Mama und Papa sind furchtbar stolz auf den Nachwuchs in niedlicher Winterkleidung!<\/strong><\/p>\n<h2><span class=\"ez-toc-section\" id=\"Babykleidung_im_Winter_Darauf_kommt_es_an\"><\/span>Babykleidung im Winter: Darauf kommt es an<span class=\"ez-toc-section-end\"><\/span><\/h2>\n<p style=\"text-align: justify;\">Kleinkinder entscheiden noch nicht selbst \u00fcber ihre Kleidung. Oft sind es die M\u00fctter, die ihre modischen Ideen bei der Babykleidung im Winter und Sommer verwirklichen, um ihre Kinder stolz zu pr\u00e4sentieren. Schlie\u00dflich ist jedes Neugeborene ein kleines Wunder, an dem man sich t\u00e4glich erfreuen kann! Kleidung f\u00fcr die Kleinsten steht jener f\u00fcr Erwachsene in nichts nach, was Modetrends betrifft. Modebewusste Eltern z\u00f6gern nicht, ihren kleinen Schatz mit trendiger Babymode von Markenherstellern auszustatten. Bei der Auswahl der Materialien nehmen die Produzenten\u00a0<a href=\"https:\/\/www.textilwaren24.eu\/kinderbekleidung\">hochwertiger Kinderkleidung<\/a>\u00a0R\u00fccksicht auf die Anspr\u00fcche empfindlicher Babyhaut. Bevorzugt kommen Naturmaterialien wie Baumwolle zum Einsatz. Da Babykleidung oft gewechselt und gewaschen werden muss, sollten die Materialien pflegeleicht und strapazierf\u00e4hig sein.<\/p>\n<figure id=\"attachment_15981\" aria-describedby=\"caption-attachment-15981\" style=\"width: 620px\" class=\"wp-caption aligncenter\"><img loading=\"lazy\" decoding=\"async\" class=\"wp-image-15981 size-full\" title=\"Warm und modisch - so freuen sich Mutter und Kind\" src=\"https:\/\/www.textilwaren24.eu\/magazin\/wp-content\/uploads\/2020\/10\/Frau-mit-Baby-im-Winter.jpg\" alt=\"Fr\u00f6hliche Mutter mit fr\u00f6hlichem Kleinkind in Winterkleidung\" width=\"620\" height=\"370\" srcset=\"https:\/\/www.textilwaren24.eu\/magazin\/wp-content\/uploads\/2020\/10\/Frau-mit-Baby-im-Winter.jpg 620w, https:\/\/www.textilwaren24.eu\/magazin\/wp-content\/uploads\/2020\/10\/Frau-mit-Baby-im-Winter-300x179.jpg 300w\" sizes=\"(max-width: 620px) 100vw, 620px\" \/><figcaption id=\"caption-attachment-15981\" class=\"wp-caption-text\">\u00a9 JenkoAtaman &#8211; stock.adobe.com<\/figcaption><\/figure>\n<p style=\"text-align: justify;\">Eltern mit einem achtsamen Lebensstil bevorzugen Babymode aus hautsympathischer, zertifizierter Bio-Baumwolle. <a href=\"https:\/\/www.textilwaren24.eu\/kinderbekleidung\/kinderbekleidung-fleece\">Pullover und Sweatshirts aus kuschelweichem Micro-Fleece<\/a> kratzen nicht auf der Haut und haben hervorragende W\u00e4rmeeigenschaften. <a href=\"https:\/\/www.textilwaren24.eu\/kinderbekleidung\/kinderbekleidung-jackets\">In warmen Jacken und gef\u00fctterten M\u00e4nteln aus Naturmaterialien f\u00fchlen sich kleine M\u00e4dchen und Jungen pudelwohl<\/a>.<\/p>\n<p><a href=\"https:\/\/www.textilwaren24.eu\/kinderbekleidung\/kinderbekleidung-fleece\/lw070-larkwood-toddler-fleece-all-in-one-36947\"><img loading=\"lazy\" decoding=\"async\" class=\"aligncenter wp-image-15984\" title=\"LW070 Larkwood Toddler Fleece All in One\" src=\"https:\/\/www.textilwaren24.eu\/magazin\/wp-content\/uploads\/2020\/10\/LW070-Larkwood-Toddler-Fleece-All-in-One-1.jpg\" alt=\"LW070 Larkwood Toddler Fleece All in One\" width=\"359\" height=\"367\" srcset=\"https:\/\/www.textilwaren24.eu\/magazin\/wp-content\/uploads\/2020\/10\/LW070-Larkwood-Toddler-Fleece-All-in-One-1.jpg 620w, https:\/\/www.textilwaren24.eu\/magazin\/wp-content\/uploads\/2020\/10\/LW070-Larkwood-Toddler-Fleece-All-in-One-1-293x300.jpg 293w\" sizes=\"(max-width: 359px) 100vw, 359px\" \/><\/a><\/p>\n<h2><span class=\"ez-toc-section\" id=\"Diese_Fehler_sollten_Sie_bei_Babykleidung_im_Winter_vermeiden\"><\/span>Diese Fehler sollten Sie bei Babykleidung im Winter vermeiden<span class=\"ez-toc-section-end\"><\/span><\/h2>\n<p style=\"text-align: justify;\">Babys sind noch nicht in der Lage, ihren Temperatur-Haushalt selbst zu regulieren. Sie sind auf ad\u00e4quate Bekleidung angewiesen, die f\u00fcr eine angenehme K\u00f6rpertemperatur sorgt. Eltern sollten deshalb immer wieder \u00fcberpr\u00fcfen, ob dem Nachwuchs m\u00f6glicherweise zu warm oder zu kalt ist. Es darf den Kleinen zwar gerne warm sein, sie sollten aber auf keinen Fall Schwei\u00dfausbr\u00fcche bekommen! Sind die Temperaturunterschiede zu gro\u00df, kann sich Ihr Schatz erk\u00e4lten. Es entsteht Feuchtigkeit, wenn das Baby in zu warmer Winterkleidung schwitzt. Verdunstet diese, entzieht sie dem K\u00f6rper Energie und das Kleinkind beginnt zu frieren. Um gef\u00e4hrliche \u00dcberhitzung zu vermeiden, sollten Sie Kleinkindern zum Beispiel bei l\u00e4ngeren Autofahrten die Winterkleidung wie M\u00e4ntel und M\u00fctzen ausziehen und sie nur im Strampler reisen lassen. Achten Sie auf Anzeichen wie eine ger\u00f6tete Gesichtsfarbe und \u00fcberpr\u00fcfen Sie regelm\u00e4\u00dfig, ob sich Ihr Schatz in der Kleidung richtig wohlf\u00fchlt.<\/p>\n<figure id=\"attachment_15987\" aria-describedby=\"caption-attachment-15987\" style=\"width: 620px\" class=\"wp-caption aligncenter\"><img loading=\"lazy\" decoding=\"async\" class=\"wp-image-15987 size-full\" title=\"Als Eltern muss man nat\u00fcrlich immer ein Auge auf die Kleinen haben - die melden sich wenn etwas nicht passt\" src=\"https:\/\/www.textilwaren24.eu\/magazin\/wp-content\/uploads\/2020\/10\/weinendes-Kleinkind-im-Winter.jpg\" alt=\"Kleines M\u00e4dchen in pinker Kleidung weint - die Babykleidung im Winter k\u00f6nnte zu warm oder zu kalt sein\" width=\"620\" height=\"413\" srcset=\"https:\/\/www.textilwaren24.eu\/magazin\/wp-content\/uploads\/2020\/10\/weinendes-Kleinkind-im-Winter.jpg 620w, https:\/\/www.textilwaren24.eu\/magazin\/wp-content\/uploads\/2020\/10\/weinendes-Kleinkind-im-Winter-300x200.jpg 300w\" sizes=\"(max-width: 620px) 100vw, 620px\" \/><figcaption id=\"caption-attachment-15987\" class=\"wp-caption-text\">\u00a9 eillen1981 &#8211; stock.adobe.com<\/figcaption><\/figure>\n<h2><span class=\"ez-toc-section\" id=\"Flexibler_Zwiebellook_fuer_Kleinkinder_im_Winter\"><\/span>Flexibler Zwiebellook f\u00fcr Kleinkinder im Winter<span class=\"ez-toc-section-end\"><\/span><\/h2>\n<p style=\"text-align: justify;\">Kleidung f\u00fcr Babys setzt sich idealerweise aus verschiedenen Lagen zusammen, damit die K\u00f6rpertemperatur jederzeit flexibel reguliert werden kann. Bei wechselhaftem Wetter im Fr\u00fchling und Herbst l\u00e4sst sich die K\u00f6rpertemperatur der Kleinsten durch mehrere Schichten im Zwiebellook gut steuern. In der \u00dcbergangszeit gen\u00fcgt noch eine leichte Softshell-Regenjacke \u00fcber dem Strampler, damit kein Wassertr\u00f6pfchen an die Babyhaut gelangen kann.<\/p>\n<blockquote>\n<p style=\"text-align: justify;\">Ob auf der Fahrt im Kinderwagen oder beim Spielen drau\u00dfen im Sandkasten: Die Babyjacke sollte eine Kapuze haben, damit das K\u00f6pfchen nicht friert.<\/p>\n<\/blockquote>\n<p style=\"text-align: justify;\">Wenn schlie\u00dflich der Winter vor der T\u00fcr steht, sind Kleinkinder in wattierten M\u00e4nteln oder warm gef\u00fctterten Overalls gut aufgehoben. Jacken und M\u00e4ntel f\u00fcr Babys werden in wundersch\u00f6nen Farben und Mustern angeboten. Wer sich auf Rosat\u00f6ne f\u00fcr M\u00e4dchen und Blaut\u00f6ne f\u00fcr Jungen nicht festlegen m\u00f6chte, w\u00e4hlt neutrale Farben wie Rot, Gr\u00fcn oder Gelb. Tipp: Achten Sie beim Kauf eines Babymantels auf einen Rei\u00dfverschluss mit Kinnschutz.<\/p>\n<figure id=\"attachment_15989\" aria-describedby=\"caption-attachment-15989\" style=\"width: 620px\" class=\"wp-caption aligncenter\"><img loading=\"lazy\" decoding=\"async\" class=\"wp-image-15989 size-full\" title=\"Im Winter ist der Zwiebellook angesagt - au\u00dfen beispielsweise ein warmer Overall\" src=\"https:\/\/www.textilwaren24.eu\/magazin\/wp-content\/uploads\/2020\/10\/Baby-mit-Mantel-im-Winter.jpg\" alt=\"Mit der Babykleidung im Winter k\u00f6nnen die Kleinen drau\u00dfen im Schnee spielen\" width=\"620\" height=\"411\" srcset=\"https:\/\/www.textilwaren24.eu\/magazin\/wp-content\/uploads\/2020\/10\/Baby-mit-Mantel-im-Winter.jpg 620w, https:\/\/www.textilwaren24.eu\/magazin\/wp-content\/uploads\/2020\/10\/Baby-mit-Mantel-im-Winter-300x199.jpg 300w, https:\/\/www.textilwaren24.eu\/magazin\/wp-content\/uploads\/2020\/10\/Baby-mit-Mantel-im-Winter-310x205.jpg 310w\" sizes=\"(max-width: 620px) 100vw, 620px\" \/><figcaption id=\"caption-attachment-15989\" class=\"wp-caption-text\">\u00a9 \u041c\u0430\u043a\u0441\u0438\u043c \u0413\u0430\u043b\u0456\u043d\u0441\u043a\u0438\u0439 &#8211; stock.adobe.com<\/figcaption><\/figure>\n<h2><span class=\"ez-toc-section\" id=\"Wenn_es_richtig_kalt_wird_Babymuetzen_in_modischer_Vielfalt\"><\/span>Wenn es richtig kalt wird: Babym\u00fctzen in modischer Vielfalt<span class=\"ez-toc-section-end\"><\/span><\/h2>\n<p style=\"text-align: justify;\">In den ersten Lebensjahren sind Kopfbedeckungen unbedingt zu empfehlen, da Neugeborene viel Energie \u00fcber den Kopf verlieren. Wenn drau\u00dfen ein unangenehmer Wind herrscht, halten h\u00fcbsche Babym\u00fctzen die empfindlichen K\u00f6pfchen sch\u00f6n warm und sehen au\u00dferdem entz\u00fcckend aus.<\/p>\n<p style=\"text-align: justify;\">Ob Zipfelm\u00fctzen, Bommelm\u00fctzen oder Beanies: Beim Spielen drau\u00dfen oder bei Ausfahrten im Kinderwagen leisten entz\u00fcckende Babym\u00fctzen den Kleinen gute Dienste. Bunte M\u00fctzensets mit den passenden Handschuhen sehen aus wie von Oma handgestrickt und erg\u00e4nzen harmonisch modische Babykleidung. Kopfbedeckungen aus softem Polarfleece kratzen nicht und sind pflegeleicht. W\u00e4hlen Sie aus einer Vielzahl von kreativ gestalteten Babym\u00fctzen die passende Kopfbedeckung f\u00fcr Ihren Liebling aus!<\/p>\n<p>\u00a0<img loading=\"lazy\" decoding=\"async\" class=\"alignnone wp-image-15991\" title=\"LW091 Larkwood Baby Knotted Hat\" src=\"https:\/\/www.textilwaren24.eu\/magazin\/wp-content\/uploads\/2020\/10\/LW091-Larkwood-Baby-Knotted-Hat-1.jpg\" alt=\"LW091 Larkwood Baby Knotted Hat\" width=\"228\" height=\"285\" srcset=\"https:\/\/www.textilwaren24.eu\/magazin\/wp-content\/uploads\/2020\/10\/LW091-Larkwood-Baby-Knotted-Hat-1.jpg 355w, https:\/\/www.textilwaren24.eu\/magazin\/wp-content\/uploads\/2020\/10\/LW091-Larkwood-Baby-Knotted-Hat-1-240x300.jpg 240w\" sizes=\"(max-width: 228px) 100vw, 228px\" \/>\u00a0 \u00a0 \u00a0 \u00a0 \u00a0<img loading=\"lazy\" decoding=\"async\" class=\"alignnone wp-image-15992\" title=\"BZ44 Babybugz Baby Reversible Hat\" src=\"https:\/\/www.textilwaren24.eu\/magazin\/wp-content\/uploads\/2020\/10\/BZ44-Babybugz-Baby-Reversible-Hat-1.jpg\" alt=\"BZ44 Babybugz Baby Reversible Hat\" width=\"347\" height=\"267\" srcset=\"https:\/\/www.textilwaren24.eu\/magazin\/wp-content\/uploads\/2020\/10\/BZ44-Babybugz-Baby-Reversible-Hat-1.jpg 420w, https:\/\/www.textilwaren24.eu\/magazin\/wp-content\/uploads\/2020\/10\/BZ44-Babybugz-Baby-Reversible-Hat-1-300x231.jpg 300w\" sizes=\"(max-width: 347px) 100vw, 347px\" \/><\/p>\n<h2><span class=\"ez-toc-section\" id=\"Weiche_Winter-Strampler_Basics_zum_Einkuscheln\"><\/span>Weiche Winter-Strampler: Basics zum Einkuscheln<span class=\"ez-toc-section-end\"><\/span><\/h2>\n<p style=\"text-align: justify;\">Strampler sind lang\u00e4rmelige Einteiler f\u00fcr Kleinkinder. Die weichen Basics sind als Schlafanz\u00fcge ebenso einsetzbar wie f\u00fcr die erste winterliche Ausfahrt im Kinderwagen. Der praktische Overall mit integrierten F\u00fc\u00dflingen h\u00e4lt Ihren Schatz sch\u00f6n warm, auch wenn er sich von der Bettdecke im Wagen einmal freigestrampelt hat. Winterliche Overalls aus samtigem Nicki-Stoff f\u00fcr kleine Jungen und M\u00e4dchen z\u00e4hlen zu den beliebtesten Basics in der Baby-Ausstattung. Ob mit m\u00e4rchenhaften Motiven oder niedlichen Tierfiguren verziert, geringelt oder einfarbig: Die kuscheligen Strampelanz\u00fcge sind beliebte Geschenkideen f\u00fcr werdende oder junge Eltern.<\/p>\n<p><a href=\"https:\/\/www.textilwaren24.eu\/kinderbekleidung\/kinderbekleidung-baby-wear\/bz25-babybugz-baby-all-in-one-39135\"><img loading=\"lazy\" decoding=\"async\" class=\"alignnone wp-image-16018\" title=\"BZ25 Babybugz Baby All-in-One\" src=\"https:\/\/www.textilwaren24.eu\/magazin\/wp-content\/uploads\/2020\/10\/BZ25-Babybugz-Baby-All-in-One-2.jpg\" alt=\"BZ25 Babybugz Baby All-in-One\" width=\"317\" height=\"389\" srcset=\"https:\/\/www.textilwaren24.eu\/magazin\/wp-content\/uploads\/2020\/10\/BZ25-Babybugz-Baby-All-in-One-2.jpg 343w, https:\/\/www.textilwaren24.eu\/magazin\/wp-content\/uploads\/2020\/10\/BZ25-Babybugz-Baby-All-in-One-2-244x300.jpg 244w\" sizes=\"(max-width: 317px) 100vw, 317px\" \/><\/a>\u00a0 \u00a0 \u00a0 \u00a0<a href=\"https:\/\/www.textilwaren24.eu\/kinderbekleidung\/kinderbekleidung-baby-wear\/bz13-babybugz-baby-rompasuit-39126\"><img loading=\"lazy\" decoding=\"async\" class=\"alignnone wp-image-15997\" title=\"BZ13 Babybugz Baby Rompasuit\" src=\"https:\/\/www.textilwaren24.eu\/magazin\/wp-content\/uploads\/2020\/10\/BZ13-Babybugz-Baby-Rompasuit-1.jpg\" alt=\"BZ13 Babybugz Baby Rompasuit\" width=\"272\" height=\"357\" srcset=\"https:\/\/www.textilwaren24.eu\/magazin\/wp-content\/uploads\/2020\/10\/BZ13-Babybugz-Baby-Rompasuit-1.jpg 361w, https:\/\/www.textilwaren24.eu\/magazin\/wp-content\/uploads\/2020\/10\/BZ13-Babybugz-Baby-Rompasuit-1-228x300.jpg 228w\" sizes=\"(max-width: 272px) 100vw, 272px\" \/><\/a><\/p>\n<h2><span class=\"ez-toc-section\" id=\"Fuer_die_ersten_Ausfahrten_im_Winter_ist_waermende_Babykleidung_essenziell\"><\/span>F\u00fcr die ersten Ausfahrten im Winter ist w\u00e4rmende Babykleidung essenziell.<span class=\"ez-toc-section-end\"><\/span><\/h2>\n<p style=\"text-align: justify;\">Schichten verschiedener Kleidungsst\u00fccke im Zwiebellook erm\u00f6glichen ein flexibles Temperaturmanagement f\u00fcr Ihre Liebsten. Bei milder Wetterlage gen\u00fcgt unter der Bettdecke ein kuscheliger Strampelanzug in Kombination mit einer leichten Kopfbedeckung. F\u00fcr Spazierfahrten bei klirrender K\u00e4lte sch\u00fctzt wattierte Winterkleidung vor Ausk\u00fchlung des empfindlichen Babyk\u00f6rpers. Mit einer Babym\u00fctze und den passenden F\u00e4ustlingen ist Ihr Schatz nicht nur warm und sicher eingepackt, sondern sieht auch noch entz\u00fcckend aus.<\/p>\n","protected":false},"excerpt":{"rendered":"<p>\u00ab Winterfeste Kleidungsst\u00fccke f\u00fcr die Kleinsten \u00bb Verschneite Parklandschaften und strahlender Sonnenschein: Wenn eine Spazierfahrt mit den Kleinsten im Kinderwagen geplant ist, ist kuschelige Babykleidung im Winter unverzichtbar. M\u00e4dchen und Jungen wollen bei Minusgraden nicht nur warm und flauschig eingepackt sein, sondern k\u00f6nnen in Winterkleidung wie kleine Prinzen und Prinzessinnen aussehen. Gef\u00fctterte Overalls, h\u00fcbsche Babym\u00e4ntel &hellip;<\/p>\n","protected":false},"author":2,"featured_media":15980,"comment_status":"closed","ping_status":"open","sticky":false,"template":"","format":"standard","meta":{"footnotes":""},"categories":[1],"tags":[1217,1219,1047,1221,1223,1218,1220,1139,1224,1222,536],"class_list":["post-15977","post","type-post","status-publish","format-standard","has-post-thumbnail","hentry","category-fashion","tag-babykleidung-im-winter","tag-faeustlinge","tag-jacke","tag-kalt","tag-kleinkind","tag-muetze","tag-schnee","tag-strampler","tag-unterkuehlung","tag-waerme","tag-zwiebellook"],"yoast_head":"<!-- This site is optimized with the Yoast SEO plugin v25.6 - https:\/\/yoast.com\/wordpress\/plugins\/seo\/ -->\n<title>Babykleidung im Winter - Textilwaren Magazin<\/title>\n<meta name=\"description\" content=\"Das Textilwaren Magazin betont, wie wichtig in der kalten Jahreszeit passende Kleidung f\u00fcr die Kleinsten ist \u2714 \u2013 Alles zu Babykleidung im Winter!\" \/>\n<meta name=\"robots\" content=\"noindex, follow\" \/>\n<meta property=\"og:locale\" content=\"de_DE\" \/>\n<meta property=\"og:type\" content=\"article\" \/>\n<meta property=\"og:title\" content=\"Babykleidung im Winter - Textilwaren Magazin\" \/>\n<meta property=\"og:description\" content=\"Das Textilwaren Magazin betont, wie wichtig in der kalten Jahreszeit passende Kleidung f\u00fcr die Kleinsten ist \u2714 \u2013 Alles zu Babykleidung im Winter!\" \/>\n<meta property=\"og:url\" content=\"https:\/\/www.textilwaren24.eu\/magazin\/babykleidung-im-winter\/\" \/>\n<meta property=\"og:site_name\" content=\"Textilwaren Magazin\" \/>\n<meta property=\"article:published_time\" content=\"2019-10-21T13:37:34+00:00\" \/>\n<meta property=\"article:modified_time\" content=\"2025-01-30T14:08:10+00:00\" \/>\n<meta property=\"og:image\" content=\"https:\/\/www.textilwaren24.eu\/magazin\/wp-content\/uploads\/2020\/10\/Baby-im-Winter.jpg\" \/>\n\t<meta property=\"og:image:width\" content=\"660\" \/>\n\t<meta property=\"og:image:height\" content=\"368\" \/>\n\t<meta property=\"og:image:type\" content=\"image\/jpeg\" \/>\n<meta name=\"author\" content=\"admin\" \/>\n<meta name=\"twitter:card\" content=\"summary_large_image\" \/>\n<meta name=\"twitter:label1\" content=\"Verfasst von\" \/>\n\t<meta name=\"twitter:data1\" content=\"admin\" \/>\n\t<meta name=\"twitter:label2\" content=\"Gesch\u00e4tzte Lesezeit\" \/>\n\t<meta name=\"twitter:data2\" content=\"7\u00a0Minuten\" \/>\n<script type=\"application\/ld+json\" class=\"yoast-schema-graph\">{\"@context\":\"https:\/\/schema.org\",\"@graph\":[{\"@type\":\"WebPage\",\"@id\":\"https:\/\/www.textilwaren24.eu\/magazin\/babykleidung-im-winter\/\",\"url\":\"https:\/\/www.textilwaren24.eu\/magazin\/babykleidung-im-winter\/\",\"name\":\"Babykleidung im Winter - Textilwaren Magazin\",\"isPartOf\":{\"@id\":\"https:\/\/www.textilwaren24.eu\/magazin\/#website\"},\"primaryImageOfPage\":{\"@id\":\"https:\/\/www.textilwaren24.eu\/magazin\/babykleidung-im-winter\/#primaryimage\"},\"image\":{\"@id\":\"https:\/\/www.textilwaren24.eu\/magazin\/babykleidung-im-winter\/#primaryimage\"},\"thumbnailUrl\":\"https:\/\/www.textilwaren24.eu\/magazin\/wp-content\/uploads\/2020\/10\/Baby-im-Winter.jpg\",\"datePublished\":\"2019-10-21T13:37:34+00:00\",\"dateModified\":\"2025-01-30T14:08:10+00:00\",\"author\":{\"@id\":\"https:\/\/www.textilwaren24.eu\/magazin\/#\/schema\/person\/9c4e510f1296cc7c4a90e209f49f38b4\"},\"description\":\"Das Textilwaren Magazin betont, wie wichtig in der kalten Jahreszeit passende Kleidung f\u00fcr die Kleinsten ist \u2714 \u2013 Alles zu Babykleidung im Winter!\",\"breadcrumb\":{\"@id\":\"https:\/\/www.textilwaren24.eu\/magazin\/babykleidung-im-winter\/#breadcrumb\"},\"inLanguage\":\"de\",\"potentialAction\":[{\"@type\":\"ReadAction\",\"target\":[\"https:\/\/www.textilwaren24.eu\/magazin\/babykleidung-im-winter\/\"]}]},{\"@type\":\"ImageObject\",\"inLanguage\":\"de\",\"@id\":\"https:\/\/www.textilwaren24.eu\/magazin\/babykleidung-im-winter\/#primaryimage\",\"url\":\"https:\/\/www.textilwaren24.eu\/magazin\/wp-content\/uploads\/2020\/10\/Baby-im-Winter.jpg\",\"contentUrl\":\"https:\/\/www.textilwaren24.eu\/magazin\/wp-content\/uploads\/2020\/10\/Baby-im-Winter.jpg\",\"width\":660,\"height\":368,\"caption\":\"\u00a9 Irina84 - stock.adobe.com\"},{\"@type\":\"BreadcrumbList\",\"@id\":\"https:\/\/www.textilwaren24.eu\/magazin\/babykleidung-im-winter\/#breadcrumb\",\"itemListElement\":[{\"@type\":\"ListItem\",\"position\":1,\"name\":\"Home\",\"item\":\"https:\/\/www.textilwaren24.eu\/magazin\/\"},{\"@type\":\"ListItem\",\"position\":2,\"name\":\"Babykleidung im Winter\"}]},{\"@type\":\"WebSite\",\"@id\":\"https:\/\/www.textilwaren24.eu\/magazin\/#website\",\"url\":\"https:\/\/www.textilwaren24.eu\/magazin\/\",\"name\":\"Textilwaren Magazin\",\"description\":\"\",\"potentialAction\":[{\"@type\":\"SearchAction\",\"target\":{\"@type\":\"EntryPoint\",\"urlTemplate\":\"https:\/\/www.textilwaren24.eu\/magazin\/?s={search_term_string}\"},\"query-input\":{\"@type\":\"PropertyValueSpecification\",\"valueRequired\":true,\"valueName\":\"search_term_string\"}}],\"inLanguage\":\"de\"},{\"@type\":\"Person\",\"@id\":\"https:\/\/www.textilwaren24.eu\/magazin\/#\/schema\/person\/9c4e510f1296cc7c4a90e209f49f38b4\",\"name\":\"admin\",\"image\":{\"@type\":\"ImageObject\",\"inLanguage\":\"de\",\"@id\":\"https:\/\/www.textilwaren24.eu\/magazin\/#\/schema\/person\/image\/\",\"url\":\"https:\/\/secure.gravatar.com\/avatar\/a794a4fe8a9b9c52241597eb381dfa2e?s=96&d=mm&r=g\",\"contentUrl\":\"https:\/\/secure.gravatar.com\/avatar\/a794a4fe8a9b9c52241597eb381dfa2e?s=96&d=mm&r=g\",\"caption\":\"admin\"}}]}<\/script>\n<!-- \/ Yoast SEO plugin. -->","yoast_head_json":{"title":"Babykleidung im Winter - Textilwaren Magazin","description":"Das Textilwaren Magazin betont, wie wichtig in der kalten Jahreszeit passende Kleidung f\u00fcr die Kleinsten ist \u2714 \u2013 Alles zu Babykleidung im Winter!","robots":{"index":"noindex","follow":"follow"},"og_locale":"de_DE","og_type":"article","og_title":"Babykleidung im Winter - Textilwaren Magazin","og_description":"Das Textilwaren Magazin betont, wie wichtig in der kalten Jahreszeit passende Kleidung f\u00fcr die Kleinsten ist \u2714 \u2013 Alles zu Babykleidung im Winter!","og_url":"https:\/\/www.textilwaren24.eu\/magazin\/babykleidung-im-winter\/","og_site_name":"Textilwaren Magazin","article_published_time":"2019-10-21T13:37:34+00:00","article_modified_time":"2025-01-30T14:08:10+00:00","og_image":[{"width":660,"height":368,"url":"https:\/\/www.textilwaren24.eu\/magazin\/wp-content\/uploads\/2020\/10\/Baby-im-Winter.jpg","type":"image\/jpeg"}],"author":"admin","twitter_card":"summary_large_image","twitter_misc":{"Verfasst von":"admin","Gesch\u00e4tzte Lesezeit":"7\u00a0Minuten"},"schema":{"@context":"https:\/\/schema.org","@graph":[{"@type":"WebPage","@id":"https:\/\/www.textilwaren24.eu\/magazin\/babykleidung-im-winter\/","url":"https:\/\/www.textilwaren24.eu\/magazin\/babykleidung-im-winter\/","name":"Babykleidung im Winter - Textilwaren Magazin","isPartOf":{"@id":"https:\/\/www.textilwaren24.eu\/magazin\/#website"},"primaryImageOfPage":{"@id":"https:\/\/www.textilwaren24.eu\/magazin\/babykleidung-im-winter\/#primaryimage"},"image":{"@id":"https:\/\/www.textilwaren24.eu\/magazin\/babykleidung-im-winter\/#primaryimage"},"thumbnailUrl":"https:\/\/www.textilwaren24.eu\/magazin\/wp-content\/uploads\/2020\/10\/Baby-im-Winter.jpg","datePublished":"2019-10-21T13:37:34+00:00","dateModified":"2025-01-30T14:08:10+00:00","author":{"@id":"https:\/\/www.textilwaren24.eu\/magazin\/#\/schema\/person\/9c4e510f1296cc7c4a90e209f49f38b4"},"description":"Das Textilwaren Magazin betont, wie wichtig in der kalten Jahreszeit passende Kleidung f\u00fcr die Kleinsten ist \u2714 \u2013 Alles zu Babykleidung im Winter!","breadcrumb":{"@id":"https:\/\/www.textilwaren24.eu\/magazin\/babykleidung-im-winter\/#breadcrumb"},"inLanguage":"de","potentialAction":[{"@type":"ReadAction","target":["https:\/\/www.textilwaren24.eu\/magazin\/babykleidung-im-winter\/"]}]},{"@type":"ImageObject","inLanguage":"de","@id":"https:\/\/www.textilwaren24.eu\/magazin\/babykleidung-im-winter\/#primaryimage","url":"https:\/\/www.textilwaren24.eu\/magazin\/wp-content\/uploads\/2020\/10\/Baby-im-Winter.jpg","contentUrl":"https:\/\/www.textilwaren24.eu\/magazin\/wp-content\/uploads\/2020\/10\/Baby-im-Winter.jpg","width":660,"height":368,"caption":"\u00a9 Irina84 - stock.adobe.com"},{"@type":"BreadcrumbList","@id":"https:\/\/www.textilwaren24.eu\/magazin\/babykleidung-im-winter\/#breadcrumb","itemListElement":[{"@type":"ListItem","position":1,"name":"Home","item":"https:\/\/www.textilwaren24.eu\/magazin\/"},{"@type":"ListItem","position":2,"name":"Babykleidung im Winter"}]},{"@type":"WebSite","@id":"https:\/\/www.textilwaren24.eu\/magazin\/#website","url":"https:\/\/www.textilwaren24.eu\/magazin\/","name":"Textilwaren Magazin","description":"","potentialAction":[{"@type":"SearchAction","target":{"@type":"EntryPoint","urlTemplate":"https:\/\/www.textilwaren24.eu\/magazin\/?s={search_term_string}"},"query-input":{"@type":"PropertyValueSpecification","valueRequired":true,"valueName":"search_term_string"}}],"inLanguage":"de"},{"@type":"Person","@id":"https:\/\/www.textilwaren24.eu\/magazin\/#\/schema\/person\/9c4e510f1296cc7c4a90e209f49f38b4","name":"admin","image":{"@type":"ImageObject","inLanguage":"de","@id":"https:\/\/www.textilwaren24.eu\/magazin\/#\/schema\/person\/image\/","url":"https:\/\/secure.gravatar.com\/avatar\/a794a4fe8a9b9c52241597eb381dfa2e?s=96&d=mm&r=g","contentUrl":"https:\/\/secure.gravatar.com\/avatar\/a794a4fe8a9b9c52241597eb381dfa2e?s=96&d=mm&r=g","caption":"admin"}}]}},"_links":{"self":[{"href":"https:\/\/www.textilwaren24.eu\/magazin\/wp-json\/wp\/v2\/posts\/15977"}],"collection":[{"href":"https:\/\/www.textilwaren24.eu\/magazin\/wp-json\/wp\/v2\/posts"}],"about":[{"href":"https:\/\/www.textilwaren24.eu\/magazin\/wp-json\/wp\/v2\/types\/post"}],"author":[{"embeddable":true,"href":"https:\/\/www.textilwaren24.eu\/magazin\/wp-json\/wp\/v2\/users\/2"}],"replies":[{"embeddable":true,"href":"https:\/\/www.textilwaren24.eu\/magazin\/wp-json\/wp\/v2\/comments?post=15977"}],"version-history":[{"count":43,"href":"https:\/\/www.textilwaren24.eu\/magazin\/wp-json\/wp\/v2\/posts\/15977\/revisions"}],"predecessor-version":[{"id":34998,"href":"https:\/\/www.textilwaren24.eu\/magazin\/wp-json\/wp\/v2\/posts\/15977\/revisions\/34998"}],"wp:featuredmedia":[{"embeddable":true,"href":"https:\/\/www.textilwaren24.eu\/magazin\/wp-json\/wp\/v2\/media\/15980"}],"wp:attachment":[{"href":"https:\/\/www.textilwaren24.eu\/magazin\/wp-json\/wp\/v2\/media?parent=15977"}],"wp:term":[{"taxonomy":"category","embeddable":true,"href":"https:\/\/www.textilwaren24.eu\/magazin\/wp-json\/wp\/v2\/categories?post=15977"},{"taxonomy":"post_tag","embeddable":true,"href":"https:\/\/www.textilwaren24.eu\/magazin\/wp-json\/wp\/v2\/tags?post=15977"}],"curies":[{"name":"wp","href":"https:\/\/api.w.org\/{rel}","templated":true}]}}