{"id":17074,"date":"2019-12-19T09:03:45","date_gmt":"2019-12-19T08:03:45","guid":{"rendered":"https:\/\/www.textilwaren24.eu\/magazin\/?p=17074"},"modified":"2025-01-30T15:08:10","modified_gmt":"2025-01-30T14:08:10","slug":"glencheck-muster","status":"publish","type":"post","link":"https:\/\/www.textilwaren24.eu\/magazin\/glencheck-muster\/","title":{"rendered":"Was ist das Glencheck-Muster?"},"content":{"rendered":"<p style=\"text-align: justify;\"><strong>Karomuster gibt es viele \u2013 bei genauerem Hinsehen unterscheiden sie sich allerdings erheblich. K\u00f6nnen Sie das Glencheck-Muster von Hahnentritt oder Vichy-Karos unterscheiden? Eines sei vorweg verraten: Im Trend liegen <\/strong><a href=\"https:\/\/www.textilwaren24.eu\/hemden-blusen\"><strong>karierte Hemden, Blazer und Kleider<\/strong><\/a><strong> derzeit alle \u2013 Glencheck-Mode setzt sich aber ganz besonders ab. <\/strong><\/p>\n<div id=\"ez-toc-container\" class=\"ez-toc-v2_0_77 ez-toc-wrap-center counter-hierarchy ez-toc-counter ez-toc-grey ez-toc-container-direction\">\n<div class=\"ez-toc-title-container\">\n<p class=\"ez-toc-title\" style=\"cursor:inherit\">Inhaltsverzeichnis<\/p>\n<span class=\"ez-toc-title-toggle\"><a href=\"#\" class=\"ez-toc-pull-right ez-toc-btn ez-toc-btn-xs ez-toc-btn-default ez-toc-toggle\" aria-label=\"Toggle Table of Content\"><span class=\"ez-toc-js-icon-con\"><span class=\"\"><span class=\"eztoc-hide\" style=\"display:none;\">Toggle<\/span><span class=\"ez-toc-icon-toggle-span\"><svg style=\"fill: #999;color:#999\" xmlns=\"http:\/\/www.w3.org\/2000\/svg\" class=\"list-377408\" width=\"20px\" height=\"20px\" viewBox=\"0 0 24 24\" fill=\"none\"><path d=\"M6 6H4v2h2V6zm14 0H8v2h12V6zM4 11h2v2H4v-2zm16 0H8v2h12v-2zM4 16h2v2H4v-2zm16 0H8v2h12v-2z\" fill=\"currentColor\"><\/path><\/svg><svg style=\"fill: #999;color:#999\" class=\"arrow-unsorted-368013\" xmlns=\"http:\/\/www.w3.org\/2000\/svg\" width=\"10px\" height=\"10px\" viewBox=\"0 0 24 24\" version=\"1.2\" baseProfile=\"tiny\"><path d=\"M18.2 9.3l-6.2-6.3-6.2 6.3c-.2.2-.3.4-.3.7s.1.5.3.7c.2.2.4.3.7.3h11c.3 0 .5-.1.7-.3.2-.2.3-.5.3-.7s-.1-.5-.3-.7zM5.8 14.7l6.2 6.3 6.2-6.3c.2-.2.3-.5.3-.7s-.1-.5-.3-.7c-.2-.2-.4-.3-.7-.3h-11c-.3 0-.5.1-.7.3-.2.2-.3.5-.3.7s.1.5.3.7z\"\/><\/svg><\/span><\/span><\/span><\/a><\/span><\/div>\n<nav><ul class='ez-toc-list ez-toc-list-level-1 ' ><li class='ez-toc-page-1 ez-toc-heading-level-2'><a class=\"ez-toc-link ez-toc-heading-1\" href=\"https:\/\/www.textilwaren24.eu\/magazin\/glencheck-muster\/#Top-Trend_karierte_Mode\" >Top-Trend: karierte Mode<\/a><\/li><li class='ez-toc-page-1 ez-toc-heading-level-2'><a class=\"ez-toc-link ez-toc-heading-2\" href=\"https:\/\/www.textilwaren24.eu\/magazin\/glencheck-muster\/#Das_Glencheck-Muster\" >Das Glencheck-Muster<\/a><\/li><li class='ez-toc-page-1 ez-toc-heading-level-2'><a class=\"ez-toc-link ez-toc-heading-3\" href=\"https:\/\/www.textilwaren24.eu\/magazin\/glencheck-muster\/#Das_Design_im_Look-Check\" >Das Design im Look-Check<\/a><\/li><li class='ez-toc-page-1 ez-toc-heading-level-2'><a class=\"ez-toc-link ez-toc-heading-4\" href=\"https:\/\/www.textilwaren24.eu\/magazin\/glencheck-muster\/#Maskuline_Eleganz_fuer_alle\" >Maskuline Eleganz f\u00fcr alle<\/a><\/li><li class='ez-toc-page-1 ez-toc-heading-level-2'><a class=\"ez-toc-link ez-toc-heading-5\" href=\"https:\/\/www.textilwaren24.eu\/magazin\/glencheck-muster\/#Glencheck-Mode_kombinieren_%E2%80%93_so_gelingt_der_Style\" >Glencheck-Mode kombinieren \u2013 so gelingt der Style<\/a><\/li><li class='ez-toc-page-1 ez-toc-heading-level-2'><a class=\"ez-toc-link ez-toc-heading-6\" href=\"https:\/\/www.textilwaren24.eu\/magazin\/glencheck-muster\/#Mustermix_im_Trend\" >Mustermix im Trend<\/a><\/li><li class='ez-toc-page-1 ez-toc-heading-level-2'><a class=\"ez-toc-link ez-toc-heading-7\" href=\"https:\/\/www.textilwaren24.eu\/magazin\/glencheck-muster\/#Die_schoensten_Kombi-Farben\" >Die sch\u00f6nsten Kombi-Farben<\/a><ul class='ez-toc-list-level-3' ><li class='ez-toc-heading-level-3'><a class=\"ez-toc-link ez-toc-heading-8\" href=\"https:\/\/www.textilwaren24.eu\/magazin\/glencheck-muster\/#Variante_1_neutrale_Toene\" >Variante 1: neutrale T\u00f6ne<\/a><\/li><li class='ez-toc-page-1 ez-toc-heading-level-3'><a class=\"ez-toc-link ez-toc-heading-9\" href=\"https:\/\/www.textilwaren24.eu\/magazin\/glencheck-muster\/#Variante_2_Akzentfarben\" >Variante 2: Akzentfarben<\/a><\/li><\/ul><\/li><li class='ez-toc-page-1 ez-toc-heading-level-2'><a class=\"ez-toc-link ez-toc-heading-10\" href=\"https:\/\/www.textilwaren24.eu\/magazin\/glencheck-muster\/#Besser_vermeiden_grelle_Farben\" >Besser vermeiden: grelle Farben<\/a><\/li><\/ul><\/nav><\/div>\n<h2><span class=\"ez-toc-section\" id=\"Top-Trend_karierte_Mode\"><\/span>Top-Trend: karierte Mode<span class=\"ez-toc-section-end\"><\/span><\/h2>\n<p style=\"text-align: justify;\">Saison f\u00fcr Saison steigert sich derzeit der Beliebtheitsgrad schicker Mode im karierten Design. Ob einzelne Kleidungsst\u00fccke oder wilde Kombinationen der angesagten Quadrate und Rauten: Wer modisch up to date sein m\u00f6chte, kommt an Karos nicht vorbei. Aber auch wer das nicht will und sich grunds\u00e4tzlich \u00fcberhaupt nicht nach g\u00e4ngigen Trends richtet, kommt durch karierte Hemden, <a href=\"https:\/\/www.textilwaren24.eu\/jacken-westen\/jacken\">Jacken<\/a> oder <a href=\"https:\/\/www.textilwaren24.eu\/accessoires\/winteraccessoires\">Schals<\/a> und deren zeitloser Eleganz auf seine Kosten.<\/p>\n<p><img loading=\"lazy\" decoding=\"async\" class=\"aligncenter wp-image-17089\" title=\"CB489 Beechfield Classic Check Scarf\" src=\"https:\/\/www.textilwaren24.eu\/magazin\/wp-content\/uploads\/2020\/12\/CB489-Beechfield-Classic-Check-Scarf.jpg\" alt=\"CB489 Beechfield Classic Check Scarf\" width=\"427\" height=\"295\" srcset=\"https:\/\/www.textilwaren24.eu\/magazin\/wp-content\/uploads\/2020\/12\/CB489-Beechfield-Classic-Check-Scarf.jpg 620w, https:\/\/www.textilwaren24.eu\/magazin\/wp-content\/uploads\/2020\/12\/CB489-Beechfield-Classic-Check-Scarf-300x207.jpg 300w, https:\/\/www.textilwaren24.eu\/magazin\/wp-content\/uploads\/2020\/12\/CB489-Beechfield-Classic-Check-Scarf-110x75.jpg 110w\" sizes=\"(max-width: 427px) 100vw, 427px\" \/><\/p>\n<p style=\"text-align: justify;\">Zu verdanken haben wir diesen klassischen und dennoch frischen Wind in der Fashion-Welt in erster Linie einem Kleidungsst\u00fcck, und zwar dem Blazer. Der Evergreen edler Oberbekleidung steht seit einigen Jahren wieder ganz oben auf der Liste der St\u00fccke, die sowohl Herren als auch Damen unbedingt im Kleiderschrank haben sollten: Denn das gute St\u00fcck wirkt immer jung und modebewusst und passt \u00fcberdies zu nahezu allen Anl\u00e4ssen von sportlich casual bis hin zu seri\u00f6s und gehoben. Besonderer Beliebtheit erfreuen sich aktuell traditionelle Modelle in einem speziellen Karo-Design: dem Glencheck-Muster. Dieser Einfluss pr\u00e4gte die Modewelt so stark, dass sich der Look mittlerweile auf allen erdenklichen Kleidungsst\u00fccken und Accessoires finden l\u00e4sst. Grund genug, das Muster einmal einer genaueren Inspektion zu unterziehen.<\/p>\n<figure id=\"attachment_17092\" aria-describedby=\"caption-attachment-17092\" style=\"width: 620px\" class=\"wp-caption aligncenter\"><img loading=\"lazy\" decoding=\"async\" class=\"wp-image-17092 size-full\" title=\"Das Glencheck-Muster ist inzwischen bei allen Kleidungsst\u00fccken angesagt\" src=\"https:\/\/www.textilwaren24.eu\/magazin\/wp-content\/uploads\/2020\/12\/chequered-blazer-man.jpg\" alt=\"Junger Mann mit Blazer im Glencheck-Muster\" width=\"620\" height=\"413\" srcset=\"https:\/\/www.textilwaren24.eu\/magazin\/wp-content\/uploads\/2020\/12\/chequered-blazer-man.jpg 620w, https:\/\/www.textilwaren24.eu\/magazin\/wp-content\/uploads\/2020\/12\/chequered-blazer-man-300x200.jpg 300w\" sizes=\"(max-width: 620px) 100vw, 620px\" \/><figcaption id=\"caption-attachment-17092\" class=\"wp-caption-text\">\u00a9 Anton &#8211; stock.adobe.com<\/figcaption><\/figure>\n<h2><span class=\"ez-toc-section\" id=\"Das_Glencheck-Muster\"><\/span>Das Glencheck-Muster<span class=\"ez-toc-section-end\"><\/span><\/h2>\n<p style=\"text-align: justify;\">Glencheck-Mode, die auf den Laufstegen gro\u00dfer Designer wie Balenciaga oder Stella McCartney aktuell f\u00fcr Aufsehen sorgt, m\u00fcsste genau genommen Prince of Wales Check hei\u00dfen. Das urspr\u00fcngliche Glencheck bezeichnet mehrfarbige, traditionell in Grau, Schwarz und Wei\u00df gehaltene kleine Karos, die sich fl\u00e4chendeckend \u00fcber dem ganzen Stoff verteilt in gr\u00f6\u00dferen Quadraten wiederholen. Heute sieht man dieses Design aber besonders h\u00e4ufig mit einem luftigen weiteren Karomuster, das in kontrastierender Farbe \u00fcber dem Glencheck liegt.<\/p>\n<p style=\"text-align: justify;\">Ist dieses \u00dcberkaro enthalten, handelt es sich um eine Optik, die ihre Wurzeln im 14. Jahrhundert hat. Das Prince of Wales Check wurde damals f\u00fcr Edward II, F\u00fcrst von Wales gefertigt. Glencheck hingegen hat seinen Ursprung in der N\u00e4he von Loch Ness in den schottischen Highlands. Das Wort weist bereits darauf hin mit dem englischen &#8222;glen&#8220; f\u00fcr Bergtal und &#8222;check&#8220; f\u00fcr kariert. Schriftlich vermerkt wurde das Muster erstmals 1840 und als seine Erfinderin gilt Elizabeth Macdougall aus Lewiston. Legenden zufolge soll sie ihrem Weber das au\u00dfergew\u00f6hnliche Konzept mit einem Stock in den Schlammboden gemalt haben, um ihm ihre Innovation verst\u00e4ndlich zu machen.<\/p>\n<figure id=\"attachment_17076\" aria-describedby=\"caption-attachment-17076\" style=\"width: 660px\" class=\"wp-caption aligncenter\"><img loading=\"lazy\" decoding=\"async\" class=\"wp-image-17076 size-full\" title=\"Tradition und Style aus England - das Glencheck Muster\" src=\"https:\/\/www.textilwaren24.eu\/magazin\/wp-content\/uploads\/2020\/12\/Glencheck-Hemd.jpg\" alt=\"Junge Frau im Karohemd\" width=\"660\" height=\"360\" srcset=\"https:\/\/www.textilwaren24.eu\/magazin\/wp-content\/uploads\/2020\/12\/Glencheck-Hemd.jpg 660w, https:\/\/www.textilwaren24.eu\/magazin\/wp-content\/uploads\/2020\/12\/Glencheck-Hemd-300x164.jpg 300w\" sizes=\"(max-width: 660px) 100vw, 660px\" \/><figcaption id=\"caption-attachment-17076\" class=\"wp-caption-text\">\u00a9 deagreez &#8211; stock.adobe.com<\/figcaption><\/figure>\n<p style=\"text-align: justify;\">Dennoch sehen sich beide Designs zum Verwechseln \u00e4hnlich, nur das hauchd\u00fcnne \u00dcberkaro macht den Unterschied \u2013 der im heutigen Fashion-Jargon einfach entf\u00e4llt und zu einem variantenreichen Glencheck-Muster zusammengefasst wird.<\/p>\n<h2><span class=\"ez-toc-section\" id=\"Das_Design_im_Look-Check\"><\/span>Das Design im Look-Check<span class=\"ez-toc-section-end\"><\/span><\/h2>\n<p style=\"text-align: justify;\">Die zugleich sehr elegante und dennoch abwechslungsreiche Optik des Musters entsteht durch die Art der Herstellung: Das facettenreiche Karo-Muster wird durch verschiedene Bindungsarten beim Weben gewonnen. Dadurch sehen die einzelnen Felder relativ unterschiedlich aus und grenzen sich klar voneinander ab. Je dezenter und feiner das Glencheck gestaltet ist, desto vielseitiger erweist es sich in seinen Kombinationsm\u00f6glichkeiten. Derbere Ausf\u00fchrungen bilden stattdessen einen gezielten Blickfang.<\/p>\n<p><a href=\"https:\/\/www.textilwaren24.eu\/caps-muetzen\/6-panel-caps\/fx6196-flexfit-glen-check-39224\"><img loading=\"lazy\" decoding=\"async\" class=\"aligncenter wp-image-17098\" title=\"FX6196 FLEXFIT Glen Check\" src=\"https:\/\/www.textilwaren24.eu\/magazin\/wp-content\/uploads\/2020\/12\/FX6196-FLEXFIT-Glen-Check-2.jpg\" alt=\"FX6196 FLEXFIT Glen Check\" width=\"436\" height=\"303\" srcset=\"https:\/\/www.textilwaren24.eu\/magazin\/wp-content\/uploads\/2020\/12\/FX6196-FLEXFIT-Glen-Check-2.jpg 612w, https:\/\/www.textilwaren24.eu\/magazin\/wp-content\/uploads\/2020\/12\/FX6196-FLEXFIT-Glen-Check-2-300x208.jpg 300w, https:\/\/www.textilwaren24.eu\/magazin\/wp-content\/uploads\/2020\/12\/FX6196-FLEXFIT-Glen-Check-2-110x75.jpg 110w\" sizes=\"(max-width: 436px) 100vw, 436px\" \/><\/a><\/p>\n<p style=\"text-align: justify;\">In der Mode kam das Muster zun\u00e4chst f\u00fcr karierte Hemden, Blusen sowie allgemein auf Oberbekleidung zum Einsatz. Schrittweise folgten auch Anz\u00fcge und Kost\u00fcme. Entsprechende Mode eignet sich perfekt, um in Alltag und Job eine seri\u00f6se Eleganz ins Outfit zu bringen. Neben den Klassikern der Oberbekleidung sind heute vor allem die beliebten Blazer sowie M\u00e4ntel unverzichtbare Vertreter f\u00fcr die angesagte karierte Mode. Dank seines Revivals wirkt der Look jung und erwachsen zugleich. Spielend l\u00e4sst sich das Erscheinungsbild in eine sportive Richtung stylen oder betont elegant tragen. Aber mit welchen Kombinationen kommt das Glencheck-Muster am besten zur Geltung?<\/p>\n<h2><span class=\"ez-toc-section\" id=\"Maskuline_Eleganz_fuer_alle\"><\/span>Maskuline Eleganz f\u00fcr alle<span class=\"ez-toc-section-end\"><\/span><\/h2>\n<p style=\"text-align: justify;\">In seiner Ausstrahlung ist das Design alles andere als verspielt oder m\u00e4dchenhaft. Vielmehr wirken die pr\u00e4zisen Linien und klar getrennten K\u00e4stchen sehr geradlinig, souver\u00e4n und stark. Insbesondere in der Damenmode entfaltet der urspr\u00fcnglich auf den m\u00e4nnlichen K\u00f6rper zugeschnittene Look diese Wirkung. W\u00e4hrend Herren in Glencheck-Mode wie dem traditionellen Hemd oder einem entsprechenden Anzug einfach stilbewusst und gleicherma\u00dfen traditionsverbunden wie modern r\u00fcberkommen, bringt das Muster f\u00fcr Damen einen betont selbstsicheren und taffen Auftritt mit. Nat\u00fcrlich l\u00e4sst sich dieser Effekt mit der Wahl sonstiger Mode sowie zus\u00e4tzlicher Accessoires brechen oder verst\u00e4rken, je nach Gusto.<\/p>\n<figure id=\"attachment_17105\" aria-describedby=\"caption-attachment-17105\" style=\"width: 620px\" class=\"wp-caption aligncenter\"><img loading=\"lazy\" decoding=\"async\" class=\"wp-image-17105 size-full\" title=\"Urspr\u00fcnglich eher bei M\u00e4nnern beliebt hat sich das Karo l\u00e4ngst auch bei Frauen durchgesetzt\" src=\"https:\/\/www.textilwaren24.eu\/magazin\/wp-content\/uploads\/2020\/12\/chequered-fashion.jpg\" alt=\"Junge Frau in karierter Kleidung\" width=\"620\" height=\"412\" srcset=\"https:\/\/www.textilwaren24.eu\/magazin\/wp-content\/uploads\/2020\/12\/chequered-fashion.jpg 620w, https:\/\/www.textilwaren24.eu\/magazin\/wp-content\/uploads\/2020\/12\/chequered-fashion-300x199.jpg 300w, https:\/\/www.textilwaren24.eu\/magazin\/wp-content\/uploads\/2020\/12\/chequered-fashion-310x205.jpg 310w\" sizes=\"(max-width: 620px) 100vw, 620px\" \/><figcaption id=\"caption-attachment-17105\" class=\"wp-caption-text\">\u00a9 ClaudiK &#8211; stock.adobe.com<\/figcaption><\/figure>\n<h2><span class=\"ez-toc-section\" id=\"Glencheck-Mode_kombinieren_%E2%80%93_so_gelingt_der_Style\"><\/span>Glencheck-Mode kombinieren \u2013 so gelingt der Style<span class=\"ez-toc-section-end\"><\/span><\/h2>\n<p style=\"text-align: justify;\">Das filigrane Karo-Design ist sicherlich in der Mode auch deshalb so beliebt, weil es so verschiedenartige Styles hervorbringen kann. Ob sich das Trendmuster dezent im Hintergrund h\u00e4lt oder ganz ins Zentrum der Blicke r\u00fcckt, ist dem Geschmack der Tr\u00e4gerin \u00fcberlassen. Wer im Handumdrehen modisch en vogue aussehen will, greift sich einfach einen entsprechend karierten Blazer oder Mantel und kombiniert dazu ein <a href=\"https:\/\/www.textilwaren24.eu\/t-shirts\/basic-t-shirts-fuer-sie-und-ihn\">schlichtes wei\u00dfes T-Shirt<\/a>, eine wei\u00dfe Bluse oder ein wei\u00dfes Hemd plus gutsitzender Blue Jeans und Sneakers. Aber selbstverst\u00e4ndlich beherrscht das Design vor allem auch klassischere T\u00f6ne hervorragend.<\/p>\n<p><a href=\"https:\/\/www.textilwaren24.eu\/hosen-shorts\/hosen-shorts-freizeithosen-fuer-sie-und-ihn\/sd011-so-denim-ladies-katy-straight-jeans-43495\"><img loading=\"lazy\" decoding=\"async\" class=\"alignnone wp-image-17112\" title=\"SD011 So Denim Ladies Katy Straight Jeans\" src=\"https:\/\/www.textilwaren24.eu\/magazin\/wp-content\/uploads\/2020\/12\/SD011-So-Denim-Ladies-Katy-Straight-Jeans-1-1.jpg\" alt=\"SD011 So Denim Ladies Katy Straight Jeans\" width=\"278\" height=\"411\" srcset=\"https:\/\/www.textilwaren24.eu\/magazin\/wp-content\/uploads\/2020\/12\/SD011-So-Denim-Ladies-Katy-Straight-Jeans-1-1.jpg 262w, https:\/\/www.textilwaren24.eu\/magazin\/wp-content\/uploads\/2020\/12\/SD011-So-Denim-Ladies-Katy-Straight-Jeans-1-1-203x300.jpg 203w\" sizes=\"(max-width: 278px) 100vw, 278px\" \/><\/a> \u00a0 \u00a0 \u00a0 \u00a0 \u00a0 \u00a0 \u00a0 \u00a0 <a href=\"https:\/\/www.textilwaren24.eu\/hosen-shorts\/hosen-shorts-freizeithosen-fuer-sie-und-ihn\/sd004-so-denim-men-s-max-slim-jeans-43494\"><img loading=\"lazy\" decoding=\"async\" class=\"alignnone wp-image-17113\" title=\"SD004 So Denim Men&#96;s Max Slim Jeans\" src=\"https:\/\/www.textilwaren24.eu\/magazin\/wp-content\/uploads\/2020\/12\/SD004-So-Denim-Mens-Max-Slim-Jeans-1-1.jpg\" alt=\"SD004 So Denim Men&#96;s Max Slim Jeans\" width=\"269\" height=\"422\" srcset=\"https:\/\/www.textilwaren24.eu\/magazin\/wp-content\/uploads\/2020\/12\/SD004-So-Denim-Mens-Max-Slim-Jeans-1-1.jpg 257w, https:\/\/www.textilwaren24.eu\/magazin\/wp-content\/uploads\/2020\/12\/SD004-So-Denim-Mens-Max-Slim-Jeans-1-1-191x300.jpg 191w\" sizes=\"(max-width: 269px) 100vw, 269px\" \/><\/a><\/p>\n<h2><span class=\"ez-toc-section\" id=\"Mustermix_im_Trend\"><\/span>Mustermix im Trend<span class=\"ez-toc-section-end\"><\/span><\/h2>\n<p style=\"text-align: justify;\">Wer anstelle von Jeans und Shirt ein enges und schlichtes Kleid darunter anzieht, erzielt direkt einen schickeren Look. Besonders harmonisch wirken Teile mit Glencheck zu zur\u00fcckhaltenden klassischen Kleidungsst\u00fccken. Obwohl es aktuell im Trend liegt, ist beim Mustermix Vorsicht angesagt: Verschiedene karierte St\u00fccke zu kombinieren, gelingt selbst Modeprofis nur selten. Wer es allerdings extravagant mag und sich daran traut, sollte unbedingt in einer Farbfamilie bleiben und verschiedenartige Strukturen gr\u00f6\u00dferer und kleinerer Musterungen mischen. Ebenfalls \u00e4u\u00dferst beliebt ist es, karierte Mode mit anderen Trendmustern wie Animal Prints oder floralen Designs zu kombinieren. Auch hier ist es wieder entscheidend, dass sich die Farben gegenseitig aufgreifen: Wie so oft, geben sie den Ton an.<\/p>\n<h2><span class=\"ez-toc-section\" id=\"Die_schoensten_Kombi-Farben\"><\/span>Die sch\u00f6nsten Kombi-Farben<span class=\"ez-toc-section-end\"><\/span><\/h2>\n<p style=\"text-align: justify;\">Mit dem Glencheck-Muster stehen vor allem zwei Varianten zur Verf\u00fcgung, wenn es um das Kombinieren mit weiteren Farben geht:<\/p>\n<h3><span class=\"ez-toc-section\" id=\"Variante_1_neutrale_Toene\"><\/span>Variante 1: neutrale T\u00f6ne<span class=\"ez-toc-section-end\"><\/span><\/h3>\n<p style=\"text-align: justify;\">Aufgrund seiner zur\u00fcckhaltenden Eleganz harmoniert der britische Chic des Musters \u00e4u\u00dferst gut mit neutralen Farben. Da die meisten Glenchecks aus der Entfernung f\u00fcr das Auge wie eine einheitlich graue Oberfl\u00e4che wirken, empfiehlt es sich, bei der k\u00fchlen Farbfamilie zu bleiben. Sehr edel wirken weitere Nuancen von Grau sowie rauchiges Hellblau, k\u00fchles Beige und Taupe. Aber auch Schwarz und Reinwei\u00df verst\u00e4rken diesen zeitlos klassischen Look, mit dem das Design brilliert.<\/p>\n<p><a href=\"https:\/\/www.textilwaren24.eu\/hemden-blusen\/hemden-blusen-popeline\/z934f-russell-collection-langarm-popeline-bluse-38411\"><img loading=\"lazy\" decoding=\"async\" class=\"aligncenter wp-image-17122 size-full\" title=\"Z934F Russell Collection Langarm Popeline-Bluse\" src=\"https:\/\/www.textilwaren24.eu\/magazin\/wp-content\/uploads\/2020\/12\/Z934F-Russell-Collection-Langarm-Popeline-Bluse-1.jpg\" alt=\"Z934F Russell Collection Langarm Popeline-Bluse\" width=\"316\" height=\"428\" srcset=\"https:\/\/www.textilwaren24.eu\/magazin\/wp-content\/uploads\/2020\/12\/Z934F-Russell-Collection-Langarm-Popeline-Bluse-1.jpg 316w, https:\/\/www.textilwaren24.eu\/magazin\/wp-content\/uploads\/2020\/12\/Z934F-Russell-Collection-Langarm-Popeline-Bluse-1-221x300.jpg 221w\" sizes=\"(max-width: 316px) 100vw, 316px\" \/><\/a><\/p>\n<h3><span class=\"ez-toc-section\" id=\"Variante_2_Akzentfarben\"><\/span>Variante 2: Akzentfarben<span class=\"ez-toc-section-end\"><\/span><\/h3>\n<p style=\"text-align: justify;\">Auch wer intensive Farben liebt, muss nicht auf das Trendmuster verzichten. Denn in der Tat vertr\u00e4gt es auch die Gesellschaft kr\u00e4ftiger Akzentt\u00f6ne. Besonders passend sind Blusen, Hemden oder Accessoires in intensivem Rot oder Royalblau. Handelt es sich um eine Ausf\u00fchrung des Designs mit farbigem \u00dcberkaro, dann f\u00e4llt das Kombinieren gleich doppelt so leicht: Einfach die weitere Kleidung in der Farbe des \u00dcberkaros w\u00e4hlen und es entsteht ein perfekt durchkombiniertes Gesamtbild.<\/p>\n<p><a href=\"https:\/\/www.textilwaren24.eu\/hemden-blusen\/hemden-blusen-oxford\/z932f-russell-collection-langaermelige-oxford-bluse-38407\"><img loading=\"lazy\" decoding=\"async\" class=\"aligncenter wp-image-17119\" title=\"Z932F Russell Collection Lang\u00e4rmelige Oxford-Bluse\" src=\"https:\/\/www.textilwaren24.eu\/magazin\/wp-content\/uploads\/2020\/12\/Z932F-Russell-Collection-Lang\u00e4rmelige-Oxford-Bluse-1.jpg\" alt=\"Z932F Russell Collection Lang\u00e4rmelige Oxford-Bluse\" width=\"301\" height=\"373\" srcset=\"https:\/\/www.textilwaren24.eu\/magazin\/wp-content\/uploads\/2020\/12\/Z932F-Russell-Collection-Lang\u00e4rmelige-Oxford-Bluse-1.jpg 399w, https:\/\/www.textilwaren24.eu\/magazin\/wp-content\/uploads\/2020\/12\/Z932F-Russell-Collection-Lang\u00e4rmelige-Oxford-Bluse-1-242x300.jpg 242w\" sizes=\"(max-width: 301px) 100vw, 301px\" \/><\/a><\/p>\n<h2><span class=\"ez-toc-section\" id=\"Besser_vermeiden_grelle_Farben\"><\/span>Besser vermeiden: grelle Farben<span class=\"ez-toc-section-end\"><\/span><\/h2>\n<p style=\"text-align: justify;\">Nat\u00fcrlich ist erlaubt, was gef\u00e4llt. Grunds\u00e4tzlich sind grelle Farben wie Neont\u00f6ne aber eher ungeeignete Partner f\u00fcr das angesagte Muster. Sie w\u00fcrden sowohl seiner gedeckten Farbstimmung als auch seiner noblen Klasse widersprechen. Als Ausnahme gelten besonders hip gestaltete St\u00fccke wie Hemden, Blusen oder M\u00e4ntel, in denen bereits ein Knallton wie etwa Limettengr\u00fcn oder Neonpink verarbeitet ist.<\/p>\n","protected":false},"excerpt":{"rendered":"<p>Karomuster gibt es viele \u2013 bei genauerem Hinsehen unterscheiden sie sich allerdings erheblich. K\u00f6nnen Sie das Glencheck-Muster von Hahnentritt oder Vichy-Karos unterscheiden? Eines sei vorweg verraten: Im Trend liegen karierte Hemden, Blazer und Kleider derzeit alle \u2013 Glencheck-Mode setzt sich aber ganz besonders ab. Top-Trend: karierte Mode Saison f\u00fcr Saison steigert sich derzeit der Beliebtheitsgrad &hellip;<\/p>\n","protected":false},"author":2,"featured_media":17082,"comment_status":"closed","ping_status":"open","sticky":false,"template":"","format":"standard","meta":{"footnotes":""},"categories":[8],"tags":[1337,1336,485,685,780],"class_list":["post-17074","post","type-post","status-publish","format-standard","has-post-thumbnail","hentry","category-lifestyle","tag-britisch","tag-glencheck-muster","tag-kariert","tag-karo","tag-trend"],"yoast_head":"<!-- This site is optimized with the Yoast SEO plugin v25.6 - https:\/\/yoast.com\/wordpress\/plugins\/seo\/ -->\n<title>Was ist das Glencheck-Muster? - Textilwaren Magazin<\/title>\n<meta name=\"description\" content=\"Das Textilwaren Magazin berichtet \u00fcber das beliebte Glencheck-Muster: \u2714Unterschied zu Karomuster \u2714Wie Sie Glencheck modisch kombinieren!\" \/>\n<meta name=\"robots\" content=\"index, follow, max-snippet:-1, max-image-preview:large, max-video-preview:-1\" \/>\n<link rel=\"canonical\" href=\"https:\/\/www.textilwaren24.eu\/magazin\/glencheck-muster\/\" \/>\n<meta property=\"og:locale\" content=\"de_DE\" \/>\n<meta property=\"og:type\" content=\"article\" \/>\n<meta property=\"og:title\" content=\"Was ist das Glencheck-Muster? - Textilwaren Magazin\" \/>\n<meta property=\"og:description\" content=\"Das Textilwaren Magazin berichtet \u00fcber das beliebte Glencheck-Muster: \u2714Unterschied zu Karomuster \u2714Wie Sie Glencheck modisch kombinieren!\" \/>\n<meta property=\"og:url\" content=\"https:\/\/www.textilwaren24.eu\/magazin\/glencheck-muster\/\" \/>\n<meta property=\"og:site_name\" content=\"Textilwaren Magazin\" \/>\n<meta property=\"article:published_time\" content=\"2019-12-19T08:03:45+00:00\" \/>\n<meta property=\"article:modified_time\" content=\"2025-01-30T14:08:10+00:00\" \/>\n<meta property=\"og:image\" content=\"https:\/\/www.textilwaren24.eu\/magazin\/wp-content\/uploads\/2020\/12\/chequered-dress.jpg\" \/>\n\t<meta property=\"og:image:width\" content=\"660\" \/>\n\t<meta property=\"og:image:height\" content=\"377\" \/>\n\t<meta property=\"og:image:type\" content=\"image\/jpeg\" \/>\n<meta name=\"author\" content=\"admin\" \/>\n<meta name=\"twitter:card\" content=\"summary_large_image\" \/>\n<meta name=\"twitter:label1\" content=\"Verfasst von\" \/>\n\t<meta name=\"twitter:data1\" content=\"admin\" \/>\n\t<meta name=\"twitter:label2\" content=\"Gesch\u00e4tzte Lesezeit\" \/>\n\t<meta name=\"twitter:data2\" content=\"6\u00a0Minuten\" \/>\n<script type=\"application\/ld+json\" class=\"yoast-schema-graph\">{\"@context\":\"https:\/\/schema.org\",\"@graph\":[{\"@type\":\"WebPage\",\"@id\":\"https:\/\/www.textilwaren24.eu\/magazin\/glencheck-muster\/\",\"url\":\"https:\/\/www.textilwaren24.eu\/magazin\/glencheck-muster\/\",\"name\":\"Was ist das Glencheck-Muster? - Textilwaren Magazin\",\"isPartOf\":{\"@id\":\"https:\/\/www.textilwaren24.eu\/magazin\/#website\"},\"primaryImageOfPage\":{\"@id\":\"https:\/\/www.textilwaren24.eu\/magazin\/glencheck-muster\/#primaryimage\"},\"image\":{\"@id\":\"https:\/\/www.textilwaren24.eu\/magazin\/glencheck-muster\/#primaryimage\"},\"thumbnailUrl\":\"https:\/\/www.textilwaren24.eu\/magazin\/wp-content\/uploads\/2020\/12\/chequered-dress.jpg\",\"datePublished\":\"2019-12-19T08:03:45+00:00\",\"dateModified\":\"2025-01-30T14:08:10+00:00\",\"author\":{\"@id\":\"https:\/\/www.textilwaren24.eu\/magazin\/#\/schema\/person\/9c4e510f1296cc7c4a90e209f49f38b4\"},\"description\":\"Das Textilwaren Magazin berichtet \u00fcber das beliebte Glencheck-Muster: \u2714Unterschied zu Karomuster \u2714Wie Sie Glencheck modisch kombinieren!\",\"breadcrumb\":{\"@id\":\"https:\/\/www.textilwaren24.eu\/magazin\/glencheck-muster\/#breadcrumb\"},\"inLanguage\":\"de\",\"potentialAction\":[{\"@type\":\"ReadAction\",\"target\":[\"https:\/\/www.textilwaren24.eu\/magazin\/glencheck-muster\/\"]}]},{\"@type\":\"ImageObject\",\"inLanguage\":\"de\",\"@id\":\"https:\/\/www.textilwaren24.eu\/magazin\/glencheck-muster\/#primaryimage\",\"url\":\"https:\/\/www.textilwaren24.eu\/magazin\/wp-content\/uploads\/2020\/12\/chequered-dress.jpg\",\"contentUrl\":\"https:\/\/www.textilwaren24.eu\/magazin\/wp-content\/uploads\/2020\/12\/chequered-dress.jpg\",\"width\":660,\"height\":377,\"caption\":\"\u00a9 Victoria Chudinova - stock.adobe.com\"},{\"@type\":\"BreadcrumbList\",\"@id\":\"https:\/\/www.textilwaren24.eu\/magazin\/glencheck-muster\/#breadcrumb\",\"itemListElement\":[{\"@type\":\"ListItem\",\"position\":1,\"name\":\"Home\",\"item\":\"https:\/\/www.textilwaren24.eu\/magazin\/\"},{\"@type\":\"ListItem\",\"position\":2,\"name\":\"Was ist das Glencheck-Muster?\"}]},{\"@type\":\"WebSite\",\"@id\":\"https:\/\/www.textilwaren24.eu\/magazin\/#website\",\"url\":\"https:\/\/www.textilwaren24.eu\/magazin\/\",\"name\":\"Textilwaren Magazin\",\"description\":\"\",\"potentialAction\":[{\"@type\":\"SearchAction\",\"target\":{\"@type\":\"EntryPoint\",\"urlTemplate\":\"https:\/\/www.textilwaren24.eu\/magazin\/?s={search_term_string}\"},\"query-input\":{\"@type\":\"PropertyValueSpecification\",\"valueRequired\":true,\"valueName\":\"search_term_string\"}}],\"inLanguage\":\"de\"},{\"@type\":\"Person\",\"@id\":\"https:\/\/www.textilwaren24.eu\/magazin\/#\/schema\/person\/9c4e510f1296cc7c4a90e209f49f38b4\",\"name\":\"admin\",\"image\":{\"@type\":\"ImageObject\",\"inLanguage\":\"de\",\"@id\":\"https:\/\/www.textilwaren24.eu\/magazin\/#\/schema\/person\/image\/\",\"url\":\"https:\/\/secure.gravatar.com\/avatar\/a794a4fe8a9b9c52241597eb381dfa2e?s=96&d=mm&r=g\",\"contentUrl\":\"https:\/\/secure.gravatar.com\/avatar\/a794a4fe8a9b9c52241597eb381dfa2e?s=96&d=mm&r=g\",\"caption\":\"admin\"}}]}<\/script>\n<!-- \/ Yoast SEO plugin. -->","yoast_head_json":{"title":"Was ist das Glencheck-Muster? - Textilwaren Magazin","description":"Das Textilwaren Magazin berichtet \u00fcber das beliebte Glencheck-Muster: \u2714Unterschied zu Karomuster \u2714Wie Sie Glencheck modisch kombinieren!","robots":{"index":"index","follow":"follow","max-snippet":"max-snippet:-1","max-image-preview":"max-image-preview:large","max-video-preview":"max-video-preview:-1"},"canonical":"https:\/\/www.textilwaren24.eu\/magazin\/glencheck-muster\/","og_locale":"de_DE","og_type":"article","og_title":"Was ist das Glencheck-Muster? - Textilwaren Magazin","og_description":"Das Textilwaren Magazin berichtet \u00fcber das beliebte Glencheck-Muster: \u2714Unterschied zu Karomuster \u2714Wie Sie Glencheck modisch kombinieren!","og_url":"https:\/\/www.textilwaren24.eu\/magazin\/glencheck-muster\/","og_site_name":"Textilwaren Magazin","article_published_time":"2019-12-19T08:03:45+00:00","article_modified_time":"2025-01-30T14:08:10+00:00","og_image":[{"width":660,"height":377,"url":"https:\/\/www.textilwaren24.eu\/magazin\/wp-content\/uploads\/2020\/12\/chequered-dress.jpg","type":"image\/jpeg"}],"author":"admin","twitter_card":"summary_large_image","twitter_misc":{"Verfasst von":"admin","Gesch\u00e4tzte Lesezeit":"6\u00a0Minuten"},"schema":{"@context":"https:\/\/schema.org","@graph":[{"@type":"WebPage","@id":"https:\/\/www.textilwaren24.eu\/magazin\/glencheck-muster\/","url":"https:\/\/www.textilwaren24.eu\/magazin\/glencheck-muster\/","name":"Was ist das Glencheck-Muster? - Textilwaren Magazin","isPartOf":{"@id":"https:\/\/www.textilwaren24.eu\/magazin\/#website"},"primaryImageOfPage":{"@id":"https:\/\/www.textilwaren24.eu\/magazin\/glencheck-muster\/#primaryimage"},"image":{"@id":"https:\/\/www.textilwaren24.eu\/magazin\/glencheck-muster\/#primaryimage"},"thumbnailUrl":"https:\/\/www.textilwaren24.eu\/magazin\/wp-content\/uploads\/2020\/12\/chequered-dress.jpg","datePublished":"2019-12-19T08:03:45+00:00","dateModified":"2025-01-30T14:08:10+00:00","author":{"@id":"https:\/\/www.textilwaren24.eu\/magazin\/#\/schema\/person\/9c4e510f1296cc7c4a90e209f49f38b4"},"description":"Das Textilwaren Magazin berichtet \u00fcber das beliebte Glencheck-Muster: \u2714Unterschied zu Karomuster \u2714Wie Sie Glencheck modisch kombinieren!","breadcrumb":{"@id":"https:\/\/www.textilwaren24.eu\/magazin\/glencheck-muster\/#breadcrumb"},"inLanguage":"de","potentialAction":[{"@type":"ReadAction","target":["https:\/\/www.textilwaren24.eu\/magazin\/glencheck-muster\/"]}]},{"@type":"ImageObject","inLanguage":"de","@id":"https:\/\/www.textilwaren24.eu\/magazin\/glencheck-muster\/#primaryimage","url":"https:\/\/www.textilwaren24.eu\/magazin\/wp-content\/uploads\/2020\/12\/chequered-dress.jpg","contentUrl":"https:\/\/www.textilwaren24.eu\/magazin\/wp-content\/uploads\/2020\/12\/chequered-dress.jpg","width":660,"height":377,"caption":"\u00a9 Victoria Chudinova - stock.adobe.com"},{"@type":"BreadcrumbList","@id":"https:\/\/www.textilwaren24.eu\/magazin\/glencheck-muster\/#breadcrumb","itemListElement":[{"@type":"ListItem","position":1,"name":"Home","item":"https:\/\/www.textilwaren24.eu\/magazin\/"},{"@type":"ListItem","position":2,"name":"Was ist das Glencheck-Muster?"}]},{"@type":"WebSite","@id":"https:\/\/www.textilwaren24.eu\/magazin\/#website","url":"https:\/\/www.textilwaren24.eu\/magazin\/","name":"Textilwaren Magazin","description":"","potentialAction":[{"@type":"SearchAction","target":{"@type":"EntryPoint","urlTemplate":"https:\/\/www.textilwaren24.eu\/magazin\/?s={search_term_string}"},"query-input":{"@type":"PropertyValueSpecification","valueRequired":true,"valueName":"search_term_string"}}],"inLanguage":"de"},{"@type":"Person","@id":"https:\/\/www.textilwaren24.eu\/magazin\/#\/schema\/person\/9c4e510f1296cc7c4a90e209f49f38b4","name":"admin","image":{"@type":"ImageObject","inLanguage":"de","@id":"https:\/\/www.textilwaren24.eu\/magazin\/#\/schema\/person\/image\/","url":"https:\/\/secure.gravatar.com\/avatar\/a794a4fe8a9b9c52241597eb381dfa2e?s=96&d=mm&r=g","contentUrl":"https:\/\/secure.gravatar.com\/avatar\/a794a4fe8a9b9c52241597eb381dfa2e?s=96&d=mm&r=g","caption":"admin"}}]}},"_links":{"self":[{"href":"https:\/\/www.textilwaren24.eu\/magazin\/wp-json\/wp\/v2\/posts\/17074"}],"collection":[{"href":"https:\/\/www.textilwaren24.eu\/magazin\/wp-json\/wp\/v2\/posts"}],"about":[{"href":"https:\/\/www.textilwaren24.eu\/magazin\/wp-json\/wp\/v2\/types\/post"}],"author":[{"embeddable":true,"href":"https:\/\/www.textilwaren24.eu\/magazin\/wp-json\/wp\/v2\/users\/2"}],"replies":[{"embeddable":true,"href":"https:\/\/www.textilwaren24.eu\/magazin\/wp-json\/wp\/v2\/comments?post=17074"}],"version-history":[{"count":44,"href":"https:\/\/www.textilwaren24.eu\/magazin\/wp-json\/wp\/v2\/posts\/17074\/revisions"}],"predecessor-version":[{"id":34990,"href":"https:\/\/www.textilwaren24.eu\/magazin\/wp-json\/wp\/v2\/posts\/17074\/revisions\/34990"}],"wp:featuredmedia":[{"embeddable":true,"href":"https:\/\/www.textilwaren24.eu\/magazin\/wp-json\/wp\/v2\/media\/17082"}],"wp:attachment":[{"href":"https:\/\/www.textilwaren24.eu\/magazin\/wp-json\/wp\/v2\/media?parent=17074"}],"wp:term":[{"taxonomy":"category","embeddable":true,"href":"https:\/\/www.textilwaren24.eu\/magazin\/wp-json\/wp\/v2\/categories?post=17074"},{"taxonomy":"post_tag","embeddable":true,"href":"https:\/\/www.textilwaren24.eu\/magazin\/wp-json\/wp\/v2\/tags?post=17074"}],"curies":[{"name":"wp","href":"https:\/\/api.w.org\/{rel}","templated":true}]}}