{"id":21613,"date":"2020-08-25T11:14:50","date_gmt":"2020-08-25T09:14:50","guid":{"rendered":"https:\/\/www.textilwaren24.eu\/magazin\/?p=21613"},"modified":"2025-01-30T15:08:52","modified_gmt":"2025-01-30T14:08:52","slug":"unterwegs-mit-daypacks","status":"publish","type":"post","link":"https:\/\/www.textilwaren24.eu\/magazin\/unterwegs-mit-daypacks\/","title":{"rendered":"Unterwegs mit Daypacks"},"content":{"rendered":"<div id=\"ez-toc-container\" class=\"ez-toc-v2_0_77 ez-toc-wrap-center counter-hierarchy ez-toc-counter ez-toc-grey ez-toc-container-direction\">\n<div class=\"ez-toc-title-container\">\n<p class=\"ez-toc-title\" style=\"cursor:inherit\">Inhaltsverzeichnis<\/p>\n<span class=\"ez-toc-title-toggle\"><a href=\"#\" class=\"ez-toc-pull-right ez-toc-btn ez-toc-btn-xs ez-toc-btn-default ez-toc-toggle\" aria-label=\"Toggle Table of Content\"><span class=\"ez-toc-js-icon-con\"><span class=\"\"><span class=\"eztoc-hide\" style=\"display:none;\">Toggle<\/span><span class=\"ez-toc-icon-toggle-span\"><svg style=\"fill: #999;color:#999\" xmlns=\"http:\/\/www.w3.org\/2000\/svg\" class=\"list-377408\" width=\"20px\" height=\"20px\" viewBox=\"0 0 24 24\" fill=\"none\"><path d=\"M6 6H4v2h2V6zm14 0H8v2h12V6zM4 11h2v2H4v-2zm16 0H8v2h12v-2zM4 16h2v2H4v-2zm16 0H8v2h12v-2z\" fill=\"currentColor\"><\/path><\/svg><svg style=\"fill: #999;color:#999\" class=\"arrow-unsorted-368013\" xmlns=\"http:\/\/www.w3.org\/2000\/svg\" width=\"10px\" height=\"10px\" viewBox=\"0 0 24 24\" version=\"1.2\" baseProfile=\"tiny\"><path d=\"M18.2 9.3l-6.2-6.3-6.2 6.3c-.2.2-.3.4-.3.7s.1.5.3.7c.2.2.4.3.7.3h11c.3 0 .5-.1.7-.3.2-.2.3-.5.3-.7s-.1-.5-.3-.7zM5.8 14.7l6.2 6.3 6.2-6.3c.2-.2.3-.5.3-.7s-.1-.5-.3-.7c-.2-.2-.4-.3-.7-.3h-11c-.3 0-.5.1-.7.3-.2.2-.3.5-.3.7s.1.5.3.7z\"\/><\/svg><\/span><\/span><\/span><\/a><\/span><\/div>\n<nav><ul class='ez-toc-list ez-toc-list-level-1 ' ><li class='ez-toc-page-1 ez-toc-heading-level-2'><a class=\"ez-toc-link ez-toc-heading-1\" href=\"https:\/\/www.textilwaren24.eu\/magazin\/unterwegs-mit-daypacks\/#%C2%AB_Die_idealen_Rucksaecke_fuer_Tagesausfluege_%C2%BB\" >\u00ab Die idealen Rucks\u00e4cke f\u00fcr Tagesausfl\u00fcge \u00bb<\/a><\/li><li class='ez-toc-page-1 ez-toc-heading-level-2'><a class=\"ez-toc-link ez-toc-heading-2\" href=\"https:\/\/www.textilwaren24.eu\/magazin\/unterwegs-mit-daypacks\/#Der_perfekte_Begleiter_fuer_Tagesausfluege\" >Der perfekte Begleiter f\u00fcr Tagesausfl\u00fcge<\/a><\/li><li class='ez-toc-page-1 ez-toc-heading-level-2'><a class=\"ez-toc-link ez-toc-heading-3\" href=\"https:\/\/www.textilwaren24.eu\/magazin\/unterwegs-mit-daypacks\/#Das_muss_ein_Daypack_koennen\" >Das muss ein Daypack k\u00f6nnen<\/a><\/li><li class='ez-toc-page-1 ez-toc-heading-level-2'><a class=\"ez-toc-link ez-toc-heading-4\" href=\"https:\/\/www.textilwaren24.eu\/magazin\/unterwegs-mit-daypacks\/#Auf_die_richtige_Groesse_achten\" >Auf die richtige Gr\u00f6\u00dfe achten<\/a><\/li><li class='ez-toc-page-1 ez-toc-heading-level-2'><a class=\"ez-toc-link ez-toc-heading-5\" href=\"https:\/\/www.textilwaren24.eu\/magazin\/unterwegs-mit-daypacks\/#Praktisch_stylisch_und_bequem_%E2%80%93_Einige_Top-Modelle_in_der_Uebersicht\" >Praktisch, stylisch und bequem \u2013 Einige Top-Modelle in der \u00dcbersicht<\/a><ul class='ez-toc-list-level-3' ><li class='ez-toc-heading-level-3'><a class=\"ez-toc-link ez-toc-heading-6\" href=\"https:\/\/www.textilwaren24.eu\/magazin\/unterwegs-mit-daypacks\/#Quadra_Pitch_Black_%E2%80%93_Passt_immer\" >Quadra Pitch Black \u2013 Passt immer!<\/a><\/li><li class='ez-toc-page-1 ez-toc-heading-level-3'><a class=\"ez-toc-link ez-toc-heading-7\" href=\"https:\/\/www.textilwaren24.eu\/magazin\/unterwegs-mit-daypacks\/#Edinburgh_%E2%80%93_Das_stylisches_Raumwunder\" >Edinburgh \u2013 Das stylisches Raumwunder<\/a><\/li><li class='ez-toc-page-1 ez-toc-heading-level-3'><a class=\"ez-toc-link ez-toc-heading-8\" href=\"https:\/\/www.textilwaren24.eu\/magazin\/unterwegs-mit-daypacks\/#Backpack_Express_%E2%80%93_Designs_fuer_jeden_Geschmack\" >Backpack Express \u2013 Designs f\u00fcr jeden Geschmack<\/a><\/li><\/ul><\/li><\/ul><\/nav><\/div>\n<h2><span class=\"ez-toc-section\" id=\"%C2%AB_Die_idealen_Rucksaecke_fuer_Tagesausfluege_%C2%BB\"><\/span>\u00ab Die idealen Rucks\u00e4cke f\u00fcr Tagesausfl\u00fcge \u00bb<span class=\"ez-toc-section-end\"><\/span><\/h2>\n<p style=\"text-align: justify;\"><strong>Daypacks erfreuen sich immer gr\u00f6\u00dferer Beliebtheit. Sowohl f\u00fcr St\u00e4dtetouren, im Alltag, zum Shoppen oder auf kleineren Tageswanderungen verwendet man sie gerne. Der kleine Bruder des herk\u00f6mmlichen Wanderrucksacks bietet genug Platz f\u00fcr k\u00fcrzere Ausfl\u00fcge, ist praktisch und kann ein Outfit akzentuieren oder erg\u00e4nzen. Was ein Daypack k\u00f6nnen muss und wie Sie das richtige Modell f\u00fcr Ihre Anspr\u00fcche finden, erfahren Sie in diesem Artikel. Au\u00dferdem stellen wir Ihnen einige schicke <\/strong><a href=\"https:\/\/www.textilwaren24.eu\/taschen-rucksaecke\/rucksaecke\"><strong>Rucksackmodelle<\/strong><\/a><strong> vor.<\/strong><\/p>\n<h2><span class=\"ez-toc-section\" id=\"Der_perfekte_Begleiter_fuer_Tagesausfluege\"><\/span>Der perfekte Begleiter f\u00fcr Tagesausfl\u00fcge<span class=\"ez-toc-section-end\"><\/span><\/h2>\n<p style=\"text-align: justify;\">Aufgrund seines geringen Volumens von maximal 30 Litern ist ein Daypack nicht nur beim Wandern ein optimaler Rucksack f\u00fcr die kleineren Tagestouren. Auch im Alltag ist eine derartige Rucksackgr\u00f6\u00dfe optimal: W\u00e4hrend Ihres Strandurlaubs k\u00f6nnen Sie dort bequem alle Badesachen oder Wechselkleidung wie <a href=\"https:\/\/www.textilwaren24.eu\/t-shirts\">T-Shirts<\/a> und <a href=\"https:\/\/www.textilwaren24.eu\/hosen-shorts\">Shorts<\/a> f\u00fcr sich und Ihre Kinder verstauen. Die Seitentaschen bieten zudem noch Platz f\u00fcr Trinkflasche und Sonnencreme. Doch auch f\u00fcr einen kleineren, schnellen Einkauf ist der Tagesrucksack perfekt. Aufgrund ihrer praktischen Gr\u00f6\u00dfe sch\u00e4tzen immer mehr Menschen Daypacks als praktische Alltagsbegleiter, auch wenn der Urlaub vorbei ist.<\/p>\n<p><a href=\"https:\/\/www.textilwaren24.eu\/taschen-rucksaecke\/rucksaecke\/hf3310-halfar-daypack-city-36313\"><img loading=\"lazy\" decoding=\"async\" class=\"aligncenter wp-image-21641\" title=\"Halfar Daypack City | Hauptfach | Rei\u00dfverschluss-Vortasche mit Organizer-Elementen\" src=\"https:\/\/www.textilwaren24.eu\/magazin\/wp-content\/uploads\/2020\/09\/halfar-daypack-city.jpg\" alt=\"halfar-daypack-city-unterwegs-mit-daypacks\" width=\"500\" height=\"480\" srcset=\"https:\/\/www.textilwaren24.eu\/magazin\/wp-content\/uploads\/2020\/09\/halfar-daypack-city.jpg 500w, https:\/\/www.textilwaren24.eu\/magazin\/wp-content\/uploads\/2020\/09\/halfar-daypack-city-300x288.jpg 300w\" sizes=\"(max-width: 500px) 100vw, 500px\" \/><\/a><\/p>\n<p style=\"text-align: justify;\">Egal, ob als Ersatz f\u00fcr den herk\u00f6mmlichen, aus der Mode gekommenen Schulranzen, auf dem Weg zur Arbeit oder als <a href=\"https:\/\/www.textilwaren24.eu\/taschen-rucksaecke\/freizeittaschen\">Freizeittasche<\/a> &#8211; Daypacks sind echte Allrounder. Trotzdem gibt es die Rucksackmodelle in speziellen Ausf\u00fchrungen: F\u00fcr die Arbeit, Universit\u00e4t, Schule oder als Shopper.<\/p>\n<h2><span class=\"ez-toc-section\" id=\"Das_muss_ein_Daypack_koennen\"><\/span>Das muss ein Daypack k\u00f6nnen<span class=\"ez-toc-section-end\"><\/span><\/h2>\n<p style=\"text-align: justify;\">Auch wenn bei Tagesrucks\u00e4cken das Tragesystem am R\u00fccken weniger entscheidend ist als bei Trekkingrucks\u00e4cken, sollten Sie auf Tragekomfort gro\u00dfen Wert legen. Gepolsterte und ergonomisch optimierte Trageriemen sorgen daf\u00fcr, dass die Tasche bequem auf dem R\u00fccken sitzt. Zus\u00e4tzlich sollten Rucks\u00e4cke f\u00fcr kleinere Wanderungen mit einem Beckengurt bzw. H\u00fcftriemen ausgestattet sein. Dieser entlastet den R\u00fccken, da er das Gewicht verteilt.<\/p>\n<figure id=\"attachment_21631\" aria-describedby=\"caption-attachment-21631\" style=\"width: 600px\" class=\"wp-caption aligncenter\"><img loading=\"lazy\" decoding=\"async\" class=\"wp-image-21631 size-full\" title=\"Daypacks sind die perfekten Begleiter f\u00fcr Tagesausfl\u00fcge\" src=\"https:\/\/www.textilwaren24.eu\/magazin\/wp-content\/uploads\/2020\/09\/Daypacks-Tagesausfluege.jpg\" alt=\"Daypacks-Tagesausfluege-unterwegs-mit-daypacks\" width=\"600\" height=\"400\" srcset=\"https:\/\/www.textilwaren24.eu\/magazin\/wp-content\/uploads\/2020\/09\/Daypacks-Tagesausfluege.jpg 600w, https:\/\/www.textilwaren24.eu\/magazin\/wp-content\/uploads\/2020\/09\/Daypacks-Tagesausfluege-300x200.jpg 300w\" sizes=\"(max-width: 600px) 100vw, 600px\" \/><figcaption id=\"caption-attachment-21631\" class=\"wp-caption-text\">\u00a9 alexbrylovhk \u2013 stock.adobe.com<\/figcaption><\/figure>\n<p style=\"text-align: justify;\">Selbstverst\u00e4ndlich sollte der allt\u00e4gliche Begleiter wasserdicht sein. Die meisten Modelle lassen sich zus\u00e4tzlich mit einer Regenhaube versehen. Das ist ein wasserdichter \u00dcberzug, der schnell \u00fcbergest\u00fclpt werden kann, wenn Sie in den Regen geraten. F\u00fcr die Universit\u00e4t oder die Schule ist es praktisch, wenn der Daypack \u00fcber ein Laptopfach verf\u00fcgt. So ist das Notebook gesch\u00fctzt und l\u00e4sst sich bequem transportieren. \u00dcberhaupt gilt: praktische Taschen kann ein Rucksack gar nicht genug haben, denn so lassen sich viele kleine Dinge, wie das Portemonnaie, der Schl\u00fcssel oder das Handy \u00fcbersichtlich verstauen und sind schnell zur Hand, wenn Sie ben\u00f6tigt werden. Genau das bringt ein guter Daypack mit.<\/p>\n<p><a href=\"https:\/\/www.textilwaren24.eu\/taschen-rucksaecke\/rucksaecke\/qx520-quadra-slx-20-litre-daypack-37867\"><img loading=\"lazy\" decoding=\"async\" class=\"aligncenter wp-image-21634\" title=\"Quadra SLX 20 Litre Daypack | ergonomisch geformtes, atmungsaktives R\u00fcckenteil\" src=\"https:\/\/www.textilwaren24.eu\/magazin\/wp-content\/uploads\/2020\/09\/quadra-slx-20-litre-daypack.jpg\" alt=\"quadra-slx-20-litre-daypack-unterwegs-mit-daypacks\" width=\"450\" height=\"398\" srcset=\"https:\/\/www.textilwaren24.eu\/magazin\/wp-content\/uploads\/2020\/09\/quadra-slx-20-litre-daypack.jpg 600w, https:\/\/www.textilwaren24.eu\/magazin\/wp-content\/uploads\/2020\/09\/quadra-slx-20-litre-daypack-300x265.jpg 300w\" sizes=\"(max-width: 450px) 100vw, 450px\" \/><\/a><\/p>\n<p style=\"text-align: justify;\">Das gilt auch f\u00fcr Tagesrucks\u00e4cke, die f\u00fcr Urlaubs- und Wanderreisen gebraucht werden sollen. Hier sollte vor allem darauf Wert gelegt werden, dass die Modelle \u00fcber Seitentaschen verf\u00fcgen. Darin lassen sich Wasser und andere Getr\u00e4nke transportieren. L\u00e4uft eine der Flaschen aus, dann gelangt die Feuchtigkeit nicht ins Innere. Generell gilt f\u00fcr alle Formen der Tagesrucks\u00e4cke: Wer zu starkem Schwitzen neigt, sollte sich ein Modell beschaffen, das mit einem Netztragesystem f\u00fcr den R\u00fccken versehen ist. Dieses sorgt daf\u00fcr, dass der Daypack nicht zu eng am R\u00fccken anliegt und die Luft zwischen R\u00fccken und dem Rucksack zirkulieren kann. Dadurch werden unsch\u00f6ne Schwei\u00dfflecken und unangenehme N\u00e4sse am R\u00fccken vermieden.<\/p>\n<h2><span class=\"ez-toc-section\" id=\"Auf_die_richtige_Groesse_achten\"><\/span>Auf die richtige Gr\u00f6\u00dfe achten<span class=\"ez-toc-section-end\"><\/span><\/h2>\n<p style=\"text-align: justify;\">Einen Tagesrucksack gibt es \u00fcblicherweise mit einem Volumen von 10 bis 30 Liter. F\u00fcr Kinder gibt es kleinere Modelle, die weniger als 10 Liter Stauraum bieten, um den empfindlichen R\u00fccken des Nachwuchses zu schonen.<\/p>\n<p><img loading=\"lazy\" decoding=\"async\" class=\"aligncenter wp-image-21637\" title=\"BagBase Retro Day Bag | verstellbarer Schultergurt | Hauptfach &amp; Fronttasche mit Rei\u00dfverschluss\" src=\"https:\/\/www.textilwaren24.eu\/magazin\/wp-content\/uploads\/2020\/09\/bagbase-retro-day-bag.jpg\" alt=\"bagbase-retro-day-bag\" width=\"350\" height=\"315\" srcset=\"https:\/\/www.textilwaren24.eu\/magazin\/wp-content\/uploads\/2020\/09\/bagbase-retro-day-bag.jpg 500w, https:\/\/www.textilwaren24.eu\/magazin\/wp-content\/uploads\/2020\/09\/bagbase-retro-day-bag-300x270.jpg 300w\" sizes=\"(max-width: 350px) 100vw, 350px\" \/><\/p>\n<p style=\"text-align: justify;\">Um die richtige Gr\u00f6\u00dfe zu finden, sollte man grob kalkulieren, wie viel Stauraum man w\u00e4hrend der Tagestour bzw. im Alltag ben\u00f6tigt. Wenn man geschickt packt, dann bietet ein Rucksack mit 30 Litern Stauvolumen gen\u00fcgend Platz f\u00fcr ein Wochenendtrip. M\u00f6chte man nur Proviant, eine Flasche Wasser und ein leichtes J\u00e4ckchen transportieren, werden keine 30 Liter ben\u00f6tigt.<\/p>\n<p><a href=\"https:\/\/www.textilwaren24.eu\/taschen-rucksaecke\/rucksaecke\/qx325-quadra-slx-lite-25-litre-daypack-47340\"><img loading=\"lazy\" decoding=\"async\" class=\"aligncenter wp-image-21643 size-full\" title=\"Quadra SLX-Lite 25 Litre Daypack | ultraleicht, aber sehr robust | abnehmbarer, wasserdichter Regenschutz\" src=\"https:\/\/www.textilwaren24.eu\/magazin\/wp-content\/uploads\/2020\/09\/quadra-slx-lite-25-litre-daypack.jpg\" alt=\"quadra-slx-lite-25-litre-daypack-unterwegs-mit-daypacks\" width=\"500\" height=\"380\" srcset=\"https:\/\/www.textilwaren24.eu\/magazin\/wp-content\/uploads\/2020\/09\/quadra-slx-lite-25-litre-daypack.jpg 500w, https:\/\/www.textilwaren24.eu\/magazin\/wp-content\/uploads\/2020\/09\/quadra-slx-lite-25-litre-daypack-300x228.jpg 300w\" sizes=\"(max-width: 500px) 100vw, 500px\" \/><\/a><\/p>\n<p style=\"text-align: justify;\">Ein 20 Liter-Backpack reicht aus, um alles Notwendige f\u00fcr einen Ausflug mit einer \u00dcbernachtung, zu transportieren. Diese Rucksackgr\u00f6\u00dfe ist auch f\u00fcr die Uni oder den Berufsalltag meistens v\u00f6llig ausreichend. Aber auch Rucks\u00e4cke, die kleiner als 20 Liter sind, k\u00f6nnen im Alltag gute Dienste leisten. Auf einer Shoppingtour k\u00f6nnen so Geldbeutel, Handy und Schl\u00fcssel mitgef\u00fchrt werden. Auch beim Gassigehen mit dem vierbeinigen Freund sind sie ein n\u00fctzliches Utensil. Leckerlis und das ein oder andere Hundespielzeug finden im Daypack ihren Platz.<\/p>\n<h2><span class=\"ez-toc-section\" id=\"Praktisch_stylisch_und_bequem_%E2%80%93_Einige_Top-Modelle_in_der_Uebersicht\"><\/span>Praktisch, stylisch und bequem \u2013 Einige Top-Modelle in der \u00dcbersicht<span class=\"ez-toc-section-end\"><\/span><\/h2>\n<p style=\"text-align: justify;\">Einige praktische Daypacks f\u00fcr Ihre Tageswanderungen stellen wir Ihnen etwas genauer vor:<\/p>\n<h3><span class=\"ez-toc-section\" id=\"Quadra_Pitch_Black_%E2%80%93_Passt_immer\"><\/span>Quadra Pitch Black \u2013 Passt immer!<span class=\"ez-toc-section-end\"><\/span><\/h3>\n<p style=\"text-align: justify;\">Der moderne Allrounder &#8222;Quadra Pitch Black&#8220; ist ein schicker 12 Hour-Daypack. Besonders praktisch: Dank des schlichten und zeitlosen schwarzen Designs l\u00e4sst er sich zu vielen unterschiedlichen Outfits tragen. Zudem ist er aus wasser- und abriebfesten Materialien hergestellt und bietet ein gepolstertes Laptopfach mit praktischem Au\u00dfenzugang f\u00fcr Notebooks bis zu 13 Zoll.<\/p>\n<p><img loading=\"lazy\" decoding=\"async\" class=\"aligncenter wp-image-21623\" title=\"Quadra Pitch Black 12 Hour Daypack | wasserabweisendes, abriebfestes Material\" src=\"https:\/\/www.textilwaren24.eu\/magazin\/wp-content\/uploads\/2020\/09\/quadra-pitch-black-12-hour-daypack.jpg\" alt=\"quadra-pitch-black-12-hour-daypack\" width=\"288\" height=\"370\" srcset=\"https:\/\/www.textilwaren24.eu\/magazin\/wp-content\/uploads\/2020\/09\/quadra-pitch-black-12-hour-daypack.jpg 420w, https:\/\/www.textilwaren24.eu\/magazin\/wp-content\/uploads\/2020\/09\/quadra-pitch-black-12-hour-daypack-233x300.jpg 233w\" sizes=\"(max-width: 288px) 100vw, 288px\" \/><\/p>\n<h3><span class=\"ez-toc-section\" id=\"Edinburgh_%E2%80%93_Das_stylisches_Raumwunder\"><\/span>Edinburgh \u2013 Das stylisches Raumwunder<span class=\"ez-toc-section-end\"><\/span><\/h3>\n<p style=\"text-align: justify;\">Auch das Modell &#8222;Edinburgh&#8220; von bags2GO macht sowohl auf Tagesausfl\u00fcgen als auch im Alltag eine gute Figur: Er bietet Vintage-Optik im edlen Blau und jede Menge F\u00e4cher. Sodass sich alles, was Sie im Alltag ben\u00f6tigen bequem transportieren l\u00e4sst. Die stylischen Kunstlederapplikationen des Modells harmonieren perfekt mit dem blauen Design. Neben den zahlreichen und ger\u00e4umigen Nebenf\u00e4chern verf\u00fcgt dieser treue Begleiter zus\u00e4tzlich \u00fcber ein gepolstertes R\u00fcckenteil und verstellbare Schultergurte.<\/p>\n<p><img loading=\"lazy\" decoding=\"async\" class=\"aligncenter wp-image-21620\" title=\"bags2GO Daypack - Edinburgh | blauer Canvas Rucksack im Vintage-Look\" src=\"https:\/\/www.textilwaren24.eu\/magazin\/wp-content\/uploads\/2020\/09\/bags2go-daypack-edinburgh.jpg\" alt=\"bags2go-daypack-edinburgh\" width=\"313\" height=\"350\" srcset=\"https:\/\/www.textilwaren24.eu\/magazin\/wp-content\/uploads\/2020\/09\/bags2go-daypack-edinburgh.jpg 420w, https:\/\/www.textilwaren24.eu\/magazin\/wp-content\/uploads\/2020\/09\/bags2go-daypack-edinburgh-268x300.jpg 268w\" sizes=\"(max-width: 313px) 100vw, 313px\" \/><\/p>\n<h3><span class=\"ez-toc-section\" id=\"Backpack_Express_%E2%80%93_Designs_fuer_jeden_Geschmack\"><\/span>Backpack Express \u2013 Designs f\u00fcr jeden Geschmack<span class=\"ez-toc-section-end\"><\/span><\/h3>\n<p style=\"text-align: justify;\">Das Modell &#8222;Backpack Express&#8220; von SOL&#8217;S Bags macht seinem Namen alle Ehre: Die verschiedenen Haupt-, Mittel- und Nebenf\u00e4chern sorgen daf\u00fcr, dass alle Gegenst\u00e4nde, die Sie in diesem Rucksackmodell transportiert schnell verstaut werden k\u00f6nnen. Das Modell ist in unterschiedlichen Designs erh\u00e4ltlich, sodass mit Sicherheit auch eine Ausf\u00fchrung finden, die Ihrem Geschmack entspricht. F\u00fcr hohen Tragekomfort sorgen die verstellbaren Schultergurte und das gepolsterte R\u00fcckenteil.<\/p>\n<p><img loading=\"lazy\" decoding=\"async\" class=\"aligncenter wp-image-21617\" title=\"SOL\u00b4S Bags Backpack Express | verstellbare Schultergurte | gef\u00fcttertes R\u00fcckenteil\" src=\"https:\/\/www.textilwaren24.eu\/magazin\/wp-content\/uploads\/2020\/09\/sol-s-bags-backpack-express.jpg\" alt=\"sol-s-bags-backpack-express\" width=\"426\" height=\"400\" srcset=\"https:\/\/www.textilwaren24.eu\/magazin\/wp-content\/uploads\/2020\/09\/sol-s-bags-backpack-express.jpg 500w, https:\/\/www.textilwaren24.eu\/magazin\/wp-content\/uploads\/2020\/09\/sol-s-bags-backpack-express-300x282.jpg 300w\" sizes=\"(max-width: 426px) 100vw, 426px\" \/><\/p>\n","protected":false},"excerpt":{"rendered":"<p>\u00ab Die idealen Rucks\u00e4cke f\u00fcr Tagesausfl\u00fcge \u00bb Daypacks erfreuen sich immer gr\u00f6\u00dferer Beliebtheit. Sowohl f\u00fcr St\u00e4dtetouren, im Alltag, zum Shoppen oder auf kleineren Tageswanderungen verwendet man sie gerne. Der kleine Bruder des herk\u00f6mmlichen Wanderrucksacks bietet genug Platz f\u00fcr k\u00fcrzere Ausfl\u00fcge, ist praktisch und kann ein Outfit akzentuieren oder erg\u00e4nzen. Was ein Daypack k\u00f6nnen muss und &hellip;<\/p>\n","protected":false},"author":2,"featured_media":21629,"comment_status":"closed","ping_status":"open","sticky":false,"template":"","format":"standard","meta":{"footnotes":""},"categories":[7],"tags":[273,169,1705,1703,167,168,811,20,590,1704,45],"class_list":["post-21613","post","type-post","status-publish","format-standard","has-post-thumbnail","hentry","category-accessoires","tag-backpack","tag-bagbase","tag-bags2go","tag-daypacks","tag-halfar","tag-quadra","tag-retro","tag-rucksaecke","tag-sols","tag-tagesausfluege","tag-vintage"],"yoast_head":"<!-- This site is optimized with the Yoast SEO plugin v25.6 - https:\/\/yoast.com\/wordpress\/plugins\/seo\/ -->\n<title>Unterwegs mit Daypacks - Textilwaren Magazin<\/title>\n<meta name=\"description\" content=\"Das Textilwaren Magazin \u00fcber Daypacks: wie Sie die richtige Gr\u00f6\u00dfe \u2714 finden, worauf Sie achten sollten und einige schicke Modelle \u2714 in der \u00dcbersicht!\" \/>\n<meta name=\"robots\" content=\"noindex, follow\" \/>\n<meta property=\"og:locale\" content=\"de_DE\" \/>\n<meta property=\"og:type\" content=\"article\" \/>\n<meta property=\"og:title\" content=\"Unterwegs mit Daypacks - Textilwaren Magazin\" \/>\n<meta property=\"og:description\" content=\"Das Textilwaren Magazin \u00fcber Daypacks: wie Sie die richtige Gr\u00f6\u00dfe \u2714 finden, worauf Sie achten sollten und einige schicke Modelle \u2714 in der \u00dcbersicht!\" \/>\n<meta property=\"og:url\" content=\"https:\/\/www.textilwaren24.eu\/magazin\/unterwegs-mit-daypacks\/\" \/>\n<meta property=\"og:site_name\" content=\"Textilwaren Magazin\" \/>\n<meta property=\"article:published_time\" content=\"2020-08-25T09:14:50+00:00\" \/>\n<meta property=\"article:modified_time\" content=\"2025-01-30T14:08:52+00:00\" \/>\n<meta property=\"og:image\" content=\"https:\/\/www.textilwaren24.eu\/magazin\/wp-content\/uploads\/2020\/09\/unterwegs-mit-daypacks.jpg\" \/>\n\t<meta property=\"og:image:width\" content=\"800\" \/>\n\t<meta property=\"og:image:height\" content=\"534\" \/>\n\t<meta property=\"og:image:type\" content=\"image\/jpeg\" \/>\n<meta name=\"author\" content=\"admin\" \/>\n<meta name=\"twitter:card\" content=\"summary_large_image\" \/>\n<meta name=\"twitter:label1\" content=\"Verfasst von\" \/>\n\t<meta name=\"twitter:data1\" content=\"admin\" \/>\n\t<meta name=\"twitter:label2\" content=\"Gesch\u00e4tzte Lesezeit\" \/>\n\t<meta name=\"twitter:data2\" content=\"7\u00a0Minuten\" \/>\n<script type=\"application\/ld+json\" class=\"yoast-schema-graph\">{\"@context\":\"https:\/\/schema.org\",\"@graph\":[{\"@type\":\"WebPage\",\"@id\":\"https:\/\/www.textilwaren24.eu\/magazin\/unterwegs-mit-daypacks\/\",\"url\":\"https:\/\/www.textilwaren24.eu\/magazin\/unterwegs-mit-daypacks\/\",\"name\":\"Unterwegs mit Daypacks - Textilwaren Magazin\",\"isPartOf\":{\"@id\":\"https:\/\/www.textilwaren24.eu\/magazin\/#website\"},\"primaryImageOfPage\":{\"@id\":\"https:\/\/www.textilwaren24.eu\/magazin\/unterwegs-mit-daypacks\/#primaryimage\"},\"image\":{\"@id\":\"https:\/\/www.textilwaren24.eu\/magazin\/unterwegs-mit-daypacks\/#primaryimage\"},\"thumbnailUrl\":\"https:\/\/www.textilwaren24.eu\/magazin\/wp-content\/uploads\/2020\/09\/unterwegs-mit-daypacks.jpg\",\"datePublished\":\"2020-08-25T09:14:50+00:00\",\"dateModified\":\"2025-01-30T14:08:52+00:00\",\"author\":{\"@id\":\"https:\/\/www.textilwaren24.eu\/magazin\/#\/schema\/person\/9c4e510f1296cc7c4a90e209f49f38b4\"},\"description\":\"Das Textilwaren Magazin \u00fcber Daypacks: wie Sie die richtige Gr\u00f6\u00dfe \u2714 finden, worauf Sie achten sollten und einige schicke Modelle \u2714 in der \u00dcbersicht!\",\"breadcrumb\":{\"@id\":\"https:\/\/www.textilwaren24.eu\/magazin\/unterwegs-mit-daypacks\/#breadcrumb\"},\"inLanguage\":\"de\",\"potentialAction\":[{\"@type\":\"ReadAction\",\"target\":[\"https:\/\/www.textilwaren24.eu\/magazin\/unterwegs-mit-daypacks\/\"]}]},{\"@type\":\"ImageObject\",\"inLanguage\":\"de\",\"@id\":\"https:\/\/www.textilwaren24.eu\/magazin\/unterwegs-mit-daypacks\/#primaryimage\",\"url\":\"https:\/\/www.textilwaren24.eu\/magazin\/wp-content\/uploads\/2020\/09\/unterwegs-mit-daypacks.jpg\",\"contentUrl\":\"https:\/\/www.textilwaren24.eu\/magazin\/wp-content\/uploads\/2020\/09\/unterwegs-mit-daypacks.jpg\",\"width\":800,\"height\":534,\"caption\":\"\u00a9 JoergSteber \u2013 stock.adobe.com\"},{\"@type\":\"BreadcrumbList\",\"@id\":\"https:\/\/www.textilwaren24.eu\/magazin\/unterwegs-mit-daypacks\/#breadcrumb\",\"itemListElement\":[{\"@type\":\"ListItem\",\"position\":1,\"name\":\"Home\",\"item\":\"https:\/\/www.textilwaren24.eu\/magazin\/\"},{\"@type\":\"ListItem\",\"position\":2,\"name\":\"Unterwegs mit Daypacks\"}]},{\"@type\":\"WebSite\",\"@id\":\"https:\/\/www.textilwaren24.eu\/magazin\/#website\",\"url\":\"https:\/\/www.textilwaren24.eu\/magazin\/\",\"name\":\"Textilwaren Magazin\",\"description\":\"\",\"potentialAction\":[{\"@type\":\"SearchAction\",\"target\":{\"@type\":\"EntryPoint\",\"urlTemplate\":\"https:\/\/www.textilwaren24.eu\/magazin\/?s={search_term_string}\"},\"query-input\":{\"@type\":\"PropertyValueSpecification\",\"valueRequired\":true,\"valueName\":\"search_term_string\"}}],\"inLanguage\":\"de\"},{\"@type\":\"Person\",\"@id\":\"https:\/\/www.textilwaren24.eu\/magazin\/#\/schema\/person\/9c4e510f1296cc7c4a90e209f49f38b4\",\"name\":\"admin\",\"image\":{\"@type\":\"ImageObject\",\"inLanguage\":\"de\",\"@id\":\"https:\/\/www.textilwaren24.eu\/magazin\/#\/schema\/person\/image\/\",\"url\":\"https:\/\/secure.gravatar.com\/avatar\/a794a4fe8a9b9c52241597eb381dfa2e?s=96&d=mm&r=g\",\"contentUrl\":\"https:\/\/secure.gravatar.com\/avatar\/a794a4fe8a9b9c52241597eb381dfa2e?s=96&d=mm&r=g\",\"caption\":\"admin\"}}]}<\/script>\n<!-- \/ Yoast SEO plugin. -->","yoast_head_json":{"title":"Unterwegs mit Daypacks - Textilwaren Magazin","description":"Das Textilwaren Magazin \u00fcber Daypacks: wie Sie die richtige Gr\u00f6\u00dfe \u2714 finden, worauf Sie achten sollten und einige schicke Modelle \u2714 in der \u00dcbersicht!","robots":{"index":"noindex","follow":"follow"},"og_locale":"de_DE","og_type":"article","og_title":"Unterwegs mit Daypacks - Textilwaren Magazin","og_description":"Das Textilwaren Magazin \u00fcber Daypacks: wie Sie die richtige Gr\u00f6\u00dfe \u2714 finden, worauf Sie achten sollten und einige schicke Modelle \u2714 in der \u00dcbersicht!","og_url":"https:\/\/www.textilwaren24.eu\/magazin\/unterwegs-mit-daypacks\/","og_site_name":"Textilwaren Magazin","article_published_time":"2020-08-25T09:14:50+00:00","article_modified_time":"2025-01-30T14:08:52+00:00","og_image":[{"width":800,"height":534,"url":"https:\/\/www.textilwaren24.eu\/magazin\/wp-content\/uploads\/2020\/09\/unterwegs-mit-daypacks.jpg","type":"image\/jpeg"}],"author":"admin","twitter_card":"summary_large_image","twitter_misc":{"Verfasst von":"admin","Gesch\u00e4tzte Lesezeit":"7\u00a0Minuten"},"schema":{"@context":"https:\/\/schema.org","@graph":[{"@type":"WebPage","@id":"https:\/\/www.textilwaren24.eu\/magazin\/unterwegs-mit-daypacks\/","url":"https:\/\/www.textilwaren24.eu\/magazin\/unterwegs-mit-daypacks\/","name":"Unterwegs mit Daypacks - Textilwaren Magazin","isPartOf":{"@id":"https:\/\/www.textilwaren24.eu\/magazin\/#website"},"primaryImageOfPage":{"@id":"https:\/\/www.textilwaren24.eu\/magazin\/unterwegs-mit-daypacks\/#primaryimage"},"image":{"@id":"https:\/\/www.textilwaren24.eu\/magazin\/unterwegs-mit-daypacks\/#primaryimage"},"thumbnailUrl":"https:\/\/www.textilwaren24.eu\/magazin\/wp-content\/uploads\/2020\/09\/unterwegs-mit-daypacks.jpg","datePublished":"2020-08-25T09:14:50+00:00","dateModified":"2025-01-30T14:08:52+00:00","author":{"@id":"https:\/\/www.textilwaren24.eu\/magazin\/#\/schema\/person\/9c4e510f1296cc7c4a90e209f49f38b4"},"description":"Das Textilwaren Magazin \u00fcber Daypacks: wie Sie die richtige Gr\u00f6\u00dfe \u2714 finden, worauf Sie achten sollten und einige schicke Modelle \u2714 in der \u00dcbersicht!","breadcrumb":{"@id":"https:\/\/www.textilwaren24.eu\/magazin\/unterwegs-mit-daypacks\/#breadcrumb"},"inLanguage":"de","potentialAction":[{"@type":"ReadAction","target":["https:\/\/www.textilwaren24.eu\/magazin\/unterwegs-mit-daypacks\/"]}]},{"@type":"ImageObject","inLanguage":"de","@id":"https:\/\/www.textilwaren24.eu\/magazin\/unterwegs-mit-daypacks\/#primaryimage","url":"https:\/\/www.textilwaren24.eu\/magazin\/wp-content\/uploads\/2020\/09\/unterwegs-mit-daypacks.jpg","contentUrl":"https:\/\/www.textilwaren24.eu\/magazin\/wp-content\/uploads\/2020\/09\/unterwegs-mit-daypacks.jpg","width":800,"height":534,"caption":"\u00a9 JoergSteber \u2013 stock.adobe.com"},{"@type":"BreadcrumbList","@id":"https:\/\/www.textilwaren24.eu\/magazin\/unterwegs-mit-daypacks\/#breadcrumb","itemListElement":[{"@type":"ListItem","position":1,"name":"Home","item":"https:\/\/www.textilwaren24.eu\/magazin\/"},{"@type":"ListItem","position":2,"name":"Unterwegs mit Daypacks"}]},{"@type":"WebSite","@id":"https:\/\/www.textilwaren24.eu\/magazin\/#website","url":"https:\/\/www.textilwaren24.eu\/magazin\/","name":"Textilwaren Magazin","description":"","potentialAction":[{"@type":"SearchAction","target":{"@type":"EntryPoint","urlTemplate":"https:\/\/www.textilwaren24.eu\/magazin\/?s={search_term_string}"},"query-input":{"@type":"PropertyValueSpecification","valueRequired":true,"valueName":"search_term_string"}}],"inLanguage":"de"},{"@type":"Person","@id":"https:\/\/www.textilwaren24.eu\/magazin\/#\/schema\/person\/9c4e510f1296cc7c4a90e209f49f38b4","name":"admin","image":{"@type":"ImageObject","inLanguage":"de","@id":"https:\/\/www.textilwaren24.eu\/magazin\/#\/schema\/person\/image\/","url":"https:\/\/secure.gravatar.com\/avatar\/a794a4fe8a9b9c52241597eb381dfa2e?s=96&d=mm&r=g","contentUrl":"https:\/\/secure.gravatar.com\/avatar\/a794a4fe8a9b9c52241597eb381dfa2e?s=96&d=mm&r=g","caption":"admin"}}]}},"_links":{"self":[{"href":"https:\/\/www.textilwaren24.eu\/magazin\/wp-json\/wp\/v2\/posts\/21613"}],"collection":[{"href":"https:\/\/www.textilwaren24.eu\/magazin\/wp-json\/wp\/v2\/posts"}],"about":[{"href":"https:\/\/www.textilwaren24.eu\/magazin\/wp-json\/wp\/v2\/types\/post"}],"author":[{"embeddable":true,"href":"https:\/\/www.textilwaren24.eu\/magazin\/wp-json\/wp\/v2\/users\/2"}],"replies":[{"embeddable":true,"href":"https:\/\/www.textilwaren24.eu\/magazin\/wp-json\/wp\/v2\/comments?post=21613"}],"version-history":[{"count":34,"href":"https:\/\/www.textilwaren24.eu\/magazin\/wp-json\/wp\/v2\/posts\/21613\/revisions"}],"predecessor-version":[{"id":35127,"href":"https:\/\/www.textilwaren24.eu\/magazin\/wp-json\/wp\/v2\/posts\/21613\/revisions\/35127"}],"wp:featuredmedia":[{"embeddable":true,"href":"https:\/\/www.textilwaren24.eu\/magazin\/wp-json\/wp\/v2\/media\/21629"}],"wp:attachment":[{"href":"https:\/\/www.textilwaren24.eu\/magazin\/wp-json\/wp\/v2\/media?parent=21613"}],"wp:term":[{"taxonomy":"category","embeddable":true,"href":"https:\/\/www.textilwaren24.eu\/magazin\/wp-json\/wp\/v2\/categories?post=21613"},{"taxonomy":"post_tag","embeddable":true,"href":"https:\/\/www.textilwaren24.eu\/magazin\/wp-json\/wp\/v2\/tags?post=21613"}],"curies":[{"name":"wp","href":"https:\/\/api.w.org\/{rel}","templated":true}]}}