{"id":23328,"date":"2020-11-27T09:00:51","date_gmt":"2020-11-27T08:00:51","guid":{"rendered":"https:\/\/www.textilwaren24.eu\/magazin\/?p=23328"},"modified":"2025-01-30T15:07:38","modified_gmt":"2025-01-30T14:07:38","slug":"alleskoenner-weiss-kombinieren","status":"publish","type":"post","link":"https:\/\/www.textilwaren24.eu\/magazin\/alleskoenner-weiss-kombinieren\/","title":{"rendered":"Allesk\u00f6nner Wei\u00df kombinieren"},"content":{"rendered":"<div id=\"ez-toc-container\" class=\"ez-toc-v2_0_77 ez-toc-wrap-center counter-hierarchy ez-toc-counter ez-toc-grey ez-toc-container-direction\">\n<div class=\"ez-toc-title-container\">\n<p class=\"ez-toc-title\" style=\"cursor:inherit\">Inhaltsverzeichnis<\/p>\n<span class=\"ez-toc-title-toggle\"><a href=\"#\" class=\"ez-toc-pull-right ez-toc-btn ez-toc-btn-xs ez-toc-btn-default ez-toc-toggle\" aria-label=\"Toggle Table of Content\"><span class=\"ez-toc-js-icon-con\"><span class=\"\"><span class=\"eztoc-hide\" style=\"display:none;\">Toggle<\/span><span class=\"ez-toc-icon-toggle-span\"><svg style=\"fill: #999;color:#999\" xmlns=\"http:\/\/www.w3.org\/2000\/svg\" class=\"list-377408\" width=\"20px\" height=\"20px\" viewBox=\"0 0 24 24\" fill=\"none\"><path d=\"M6 6H4v2h2V6zm14 0H8v2h12V6zM4 11h2v2H4v-2zm16 0H8v2h12v-2zM4 16h2v2H4v-2zm16 0H8v2h12v-2z\" fill=\"currentColor\"><\/path><\/svg><svg style=\"fill: #999;color:#999\" class=\"arrow-unsorted-368013\" xmlns=\"http:\/\/www.w3.org\/2000\/svg\" width=\"10px\" height=\"10px\" viewBox=\"0 0 24 24\" version=\"1.2\" baseProfile=\"tiny\"><path d=\"M18.2 9.3l-6.2-6.3-6.2 6.3c-.2.2-.3.4-.3.7s.1.5.3.7c.2.2.4.3.7.3h11c.3 0 .5-.1.7-.3.2-.2.3-.5.3-.7s-.1-.5-.3-.7zM5.8 14.7l6.2 6.3 6.2-6.3c.2-.2.3-.5.3-.7s-.1-.5-.3-.7c-.2-.2-.4-.3-.7-.3h-11c-.3 0-.5.1-.7.3-.2.2-.3.5-.3.7s.1.5.3.7z\"\/><\/svg><\/span><\/span><\/span><\/a><\/span><\/div>\n<nav><ul class='ez-toc-list ez-toc-list-level-1 ' ><li class='ez-toc-page-1 ez-toc-heading-level-2'><a class=\"ez-toc-link ez-toc-heading-1\" href=\"https:\/\/www.textilwaren24.eu\/magazin\/alleskoenner-weiss-kombinieren\/#%C2%ABModischer_Allrounder_richtig_in_Szene_gesetzt%C2%BB\" >\u00abModischer Allrounder richtig in Szene gesetzt\u00bb<\/a><\/li><li class='ez-toc-page-1 ez-toc-heading-level-2'><a class=\"ez-toc-link ez-toc-heading-2\" href=\"https:\/\/www.textilwaren24.eu\/magazin\/alleskoenner-weiss-kombinieren\/#Wofuer_steht_die_Farbe_Weiss\" >Wof\u00fcr steht die Farbe Wei\u00df?<\/a><\/li><li class='ez-toc-page-1 ez-toc-heading-level-2'><a class=\"ez-toc-link ez-toc-heading-3\" href=\"https:\/\/www.textilwaren24.eu\/magazin\/alleskoenner-weiss-kombinieren\/#Wozu_passt_die_Farbe_besonders_gut\" >Wozu passt die Farbe besonders gut?<\/a><\/li><li class='ez-toc-page-1 ez-toc-heading-level-2'><a class=\"ez-toc-link ez-toc-heading-4\" href=\"https:\/\/www.textilwaren24.eu\/magazin\/alleskoenner-weiss-kombinieren\/#Weisse_Hosen_stilvoll_kombinieren\" >Wei\u00dfe Hosen stilvoll kombinieren<\/a><\/li><li class='ez-toc-page-1 ez-toc-heading-level-2'><a class=\"ez-toc-link ez-toc-heading-5\" href=\"https:\/\/www.textilwaren24.eu\/magazin\/alleskoenner-weiss-kombinieren\/#Wie_werden_weisse_Schuhe_stilsicher_kombiniert\" >Wie werden wei\u00dfe Schuhe stilsicher kombiniert?<\/a><\/li><li class='ez-toc-page-1 ez-toc-heading-level-2'><a class=\"ez-toc-link ez-toc-heading-6\" href=\"https:\/\/www.textilwaren24.eu\/magazin\/alleskoenner-weiss-kombinieren\/#Weisse_Blusen_fuer_das_Buero_und_den_Alltag_richtig_kombinieren\" >Wei\u00dfe Blusen f\u00fcr das B\u00fcro und den Alltag richtig kombinieren<\/a><\/li><li class='ez-toc-page-1 ez-toc-heading-level-2'><a class=\"ez-toc-link ez-toc-heading-7\" href=\"https:\/\/www.textilwaren24.eu\/magazin\/alleskoenner-weiss-kombinieren\/#Perfekt_abgerundet_Accessoires_zu_weisser_Kleidung\" >Perfekt abgerundet: Accessoires zu wei\u00dfer Kleidung<\/a><\/li><\/ul><\/nav><\/div>\n<h2><span class=\"ez-toc-section\" id=\"%C2%ABModischer_Allrounder_richtig_in_Szene_gesetzt%C2%BB\"><\/span>\u00abModischer Allrounder richtig in Szene gesetzt\u00bb<span class=\"ez-toc-section-end\"><\/span><\/h2>\n<p style=\"text-align: justify;\">Karl Lagerfeld sagte einst: \u201eWenn Sie von mir wissen wollen, was ich mir w\u00fcnschte, entworfen zu haben, w\u00e4re es das wei\u00dfe Hemd. Ein Hemd ist der Ausgangspunkt von allem. Alles andere kommt danach.\u201c Die aktuelle Mode folgt dem Zitat des Modesch\u00f6pfers mit wundervollen Kreationen in Wei\u00df, die sich frisch, lebendig und vielseitig im Jahr 2020 pr\u00e4sentieren. Holen Sie sich den Allrounder in Ihren Kleiderschrank und realisieren Sie vielseitige Outfits von sportlich \u00fcber romantisch bis elegant! Wir zeigen Ihnen, wie Sie stilsicher Wei\u00df kombinieren und worauf Sie achten sollten, wenn Sie diese zeitlose Farbe in Ihr Outfit integrieren m\u00f6chten.<\/p>\n<h2><span class=\"ez-toc-section\" id=\"Wofuer_steht_die_Farbe_Weiss\"><\/span>Wof\u00fcr steht die Farbe Wei\u00df?<span class=\"ez-toc-section-end\"><\/span><\/h2>\n<p style=\"text-align: justify;\">Wussten Sie, dass im Deutschen die W\u00f6rter \u201ewei\u00df\u201c und \u201eWeizen\u201c auf denselben Wortstamm \u201ehw\u012bta\u201c zur\u00fcckzuf\u00fchren sind? Gemahlen wird das Getreide zum wei\u00dfen Mehl. In anderen Sprachen ist die Farbe mit dem Gl\u00e4nzen und Leuchten des Lichts gleichzusetzen, zum Beispiel im Griechischen, wo \u201eleukos\u201c sowohl \u201eWei\u00df\u201c als auch \u201eleuchtend\u201c oder \u201egl\u00e4nzend\u201c bedeutet.<\/p>\n<figure id=\"attachment_23338\" aria-describedby=\"caption-attachment-23338\" style=\"width: 620px\" class=\"wp-caption aligncenter\"><img loading=\"lazy\" decoding=\"async\" class=\"wp-image-23338 size-full\" title=\"Mit wei\u00dfer Kleidung wirken Sie immer frisch und trendy\" src=\"https:\/\/www.textilwaren24.eu\/magazin\/wp-content\/uploads\/2022\/11\/weisse-damen-bluse.jpg\" alt=\"Junge Frau mit wei\u00dfer Bluse - Wei\u00df kombinieren\" width=\"620\" height=\"413\" srcset=\"https:\/\/www.textilwaren24.eu\/magazin\/wp-content\/uploads\/2022\/11\/weisse-damen-bluse.jpg 620w, https:\/\/www.textilwaren24.eu\/magazin\/wp-content\/uploads\/2022\/11\/weisse-damen-bluse-300x200.jpg 300w\" sizes=\"(max-width: 620px) 100vw, 620px\" \/><figcaption id=\"caption-attachment-23338\" class=\"wp-caption-text\">\u00a9 alonesdj &#8211; stock.adobe.com<\/figcaption><\/figure>\n<p style=\"text-align: justify;\">Da ist es kein Wunder, dass mit Wei\u00df unter anderem das Licht assoziiert wird. Die Farbe, mit der man so viel Positives assoziiert, in die allt\u00e4gliche Mode zu integrieren, ist daher naheliegend. Strahlen Sie mit dem Sonnenlicht um die Wette, indem Sie unsere Modetipps beherzigen, um wundersch\u00f6ne Looks zu kreieren, die das ganze Jahr \u00fcber alle Blicke auf sich ziehen.<\/p>\n<h2><span class=\"ez-toc-section\" id=\"Wozu_passt_die_Farbe_besonders_gut\"><\/span>Wozu passt die Farbe besonders gut?<span class=\"ez-toc-section-end\"><\/span><\/h2>\n<p style=\"text-align: justify;\">Auf keiner Fashion Week darf sie fehlen: Wei\u00dfe Kleidung ist ein Dauerbrenner, der immer wieder neu kombiniert werden kann. Der Vorteil ist, dass sie zu allen Farben kombiniert werden kann. Je nachdem, welchen Eindruck man vermitteln m\u00f6chte und in welchem Umfeld man sich befindet, sind manche Farben in Kombination besser und manche schlechter geeignet.<\/p>\n<p style=\"text-align: justify;\">Marilyn Monroe hat es mit ihrem ber\u00fchmten Kleid aus dem Film \u201eManche m\u00f6gen\u2019s hei\u00df\u201c vorgemacht: Pure Eleganz in Form eines schlichten wei\u00dfen Kleides hat in den 50er Jahren bereits Millionen Frauen auf der Welt modisch inspiriert. Auch 2020 ist Wei\u00df der Trendsetter schlechthin: Claudia Schiffer pr\u00e4sentierte j\u00fcngst ein wundersch\u00f6nes langes Maxikleid, das im romantischen R\u00fcschenlook kommt und ihre 1,4 Millionen Fans auf Instagram begeistern konnte.<\/p>\n<figure id=\"attachment_23360\" aria-describedby=\"caption-attachment-23360\" style=\"width: 620px\" class=\"wp-caption aligncenter\"><img loading=\"lazy\" decoding=\"async\" class=\"wp-image-23360 size-full\" title=\"Mit einem wei\u00dfen Kleid stehen Sie den gro\u00dfen Stars der Modeb\u00fchne in nichts nach\" src=\"https:\/\/www.textilwaren24.eu\/magazin\/wp-content\/uploads\/2020\/11\/strand-frau-weisses-kleid.jpg\" alt=\"Dame im wei\u00dfen Kleid am Strand\" width=\"620\" height=\"413\" srcset=\"https:\/\/www.textilwaren24.eu\/magazin\/wp-content\/uploads\/2020\/11\/strand-frau-weisses-kleid.jpg 620w, https:\/\/www.textilwaren24.eu\/magazin\/wp-content\/uploads\/2020\/11\/strand-frau-weisses-kleid-300x200.jpg 300w\" sizes=\"(max-width: 620px) 100vw, 620px\" \/><figcaption id=\"caption-attachment-23360\" class=\"wp-caption-text\">\u00a9 Yuriy Seleznyov &#8211; stock.adobe.com<\/figcaption><\/figure>\n<p style=\"text-align: justify;\">Beim Tragen eines puren wei\u00dfen Outfits sollten Sie beachten, dass Sie verschiedene Materialien in Ihrem Outfit miteinander vereinen sollten, die den Look spannend und interessant machen. Ein Oberteil mit Lochmuster passt zum Beispiel zu einer schlichten wei\u00dfen Jeans. Greifen Sie auch gerne zu verschiedenen Farbnuancen, wie Offwhite-T\u00f6ne oder cremefarbenen Abstufungen.<\/p>\n<p style=\"text-align: justify;\">Wenn Sie auf elegante Art Wei\u00df kombinieren wollen, dann gelingt Ihnen das mit Pastell-, Beige- und Graut\u00f6nen. Diese Farben erscheinen zusammen besonders weich und fr\u00fchlingshaft. So wirken <a href=\"https:\/\/www.textilwaren24.eu\/t-shirts\">Basic-Shirts<\/a> zum Beispiel besonders gut zu hellblauen oder grauen Hosen. Zartrosa oder graue Blazer passen ebenfalls wunderbar zu diesen Basics, die jeder im Schrank haben sollte.<\/p>\n<p><a href=\"https:\/\/www.textilwaren24.eu\/t-shirts\/damen-t-shirts-fuer-sie-und-ihn\/damen-t-shirts-kurzarm-v-neck\/fruit-of-the-loom-lady-fit-valueweight-v-neck-t-14948\"><img loading=\"lazy\" decoding=\"async\" class=\"aligncenter wp-image-23340 size-full\" title=\"Fruit of the Loom Lady-Fit Valueweight V-Neck T\" src=\"https:\/\/www.textilwaren24.eu\/magazin\/wp-content\/uploads\/2022\/11\/Fruit-of-the-Loom-Lady-Fit-Valueweight-V-Neck-T-1-1.jpg\" alt=\"Fruit of the Loom Lady-Fit Valueweight V-Neck T\" width=\"320\" height=\"340\" srcset=\"https:\/\/www.textilwaren24.eu\/magazin\/wp-content\/uploads\/2022\/11\/Fruit-of-the-Loom-Lady-Fit-Valueweight-V-Neck-T-1-1.jpg 320w, https:\/\/www.textilwaren24.eu\/magazin\/wp-content\/uploads\/2022\/11\/Fruit-of-the-Loom-Lady-Fit-Valueweight-V-Neck-T-1-1-282x300.jpg 282w\" sizes=\"(max-width: 320px) 100vw, 320px\" \/><\/a><\/p>\n<p style=\"text-align: justify;\">Es kann aber auch in eine andere Richtung gehen: Kombinieren Sie das sommerliche Wei\u00df mit einem dunklen Jeansblau oder Schwarz. Passen Sie dabei jedoch auf, dass der Kontrast nicht zu hart wirkt. Dieser Look ist businnesstauglich und eignet sich f\u00fcr den B\u00fcroalltag.<\/p>\n<p style=\"text-align: justify;\">Wer es hingegen sommerlich knallig mag, der kann sein Outfit mit kr\u00e4ftigen Farben kombinieren. Ein unifarbenes Shirt in kr\u00e4ftigem T\u00fcrkis, Gelb oder Gr\u00fcn aus Ihren Basics aus dem Kleiderschrank passt beispielsweise zu wei\u00dfen Hosen oder R\u00f6cken.<\/p>\n<h2><span class=\"ez-toc-section\" id=\"Weisse_Hosen_stilvoll_kombinieren\"><\/span>Wei\u00dfe Hosen stilvoll kombinieren<span class=\"ez-toc-section-end\"><\/span><\/h2>\n<p style=\"text-align: justify;\">Wei\u00dfe Hosen geh\u00f6ren im Sommer einfach zum modischen Repertoire. Sie fragen sich, worauf Sie achten m\u00fcssen, wenn Sie Hosen in Wei\u00df kombinieren? Da die eleganten Begleiter nicht gerade einfach zu stylen sind und man einige Fehler machen kann, verraten wir Ihnen, wie die perfekten Outfits zu diesem Thema aussehen und was Sie beachten m\u00fcssen.<\/p>\n<p style=\"text-align: justify;\">Es sind vor allem die Damen, die <a href=\"https:\/\/www.textilwaren24.eu\/hosen-shorts\">wei\u00dfe Hosen<\/a> tragen. Da die Farbe allerdings kein Figurschmeichler ist, sollten Frauen mit etwas kr\u00e4ftigeren Beinen darauf achten, eher zu gerade oder etwas weiter geschnittenen Hosen zu greifen, wie zum Beispiel zu den angesagten Culottes.<\/p>\n<p style=\"text-align: justify;\">Schwelgen Sie in Erinnerungen an sommerliche Gefilde wie Griechenland oder Italien mit den passenden Oberteilen zu Ihrer Hose: So lassen sich die Hosen zum Beispiel mit sommerlich-luftigen Blusen tragen. Maritime Shirts und sanfte Farben wie Ros\u00e9, Hellgelb, Grau und Hellblau sind hier die richtigen Begleiter. Gemusterte Blusen sind gleicherma\u00dfen perfekt zur wei\u00dfen Jeans geeignet. Die einfarbige Hose sorgt f\u00fcr einen ruhigen Ausgleich zu sommerlichen Mustern.<\/p>\n<p><a href=\"https:\/\/www.textilwaren24.eu\/t-shirts\/fashion-t-shirts-fuer-sie-und-ihn\/fashion-t-shirts-fuer-sie-ihn-v-neck\/jhk271-jhk-ladies-v-neck-sicilia-38052\"><img loading=\"lazy\" decoding=\"async\" class=\"aligncenter wp-image-23347\" title=\"JHK Ladies V-Neck Sicilia\" src=\"https:\/\/www.textilwaren24.eu\/magazin\/wp-content\/uploads\/2022\/11\/JHK-Ladies-V-Neck-Sicilia-1.jpg\" alt=\"JHK Ladies V-Neck Sicilia\" width=\"453\" height=\"489\" srcset=\"https:\/\/www.textilwaren24.eu\/magazin\/wp-content\/uploads\/2022\/11\/JHK-Ladies-V-Neck-Sicilia-1.jpg 620w, https:\/\/www.textilwaren24.eu\/magazin\/wp-content\/uploads\/2022\/11\/JHK-Ladies-V-Neck-Sicilia-1-278x300.jpg 278w\" sizes=\"(max-width: 453px) 100vw, 453px\" \/><\/a><\/p>\n<p style=\"text-align: justify;\">Nat\u00fcrlich kommt man um die passenden Schuhe zum Outfit nicht herum. Diese sollten keinesfalls eine dunkle Farbe haben oder gar schwarz sein, denn das kann Ihre Beine optisch verk\u00fcrzen und wirkt schnell klobig. Passend sind hier hingegen Ballerinas, Keilsandaletten oder sommerliche Sneaker in Pastell-, Grau- oder Beiget\u00f6nen.<\/p>\n<h2><span class=\"ez-toc-section\" id=\"Wie_werden_weisse_Schuhe_stilsicher_kombiniert\"><\/span>Wie werden wei\u00dfe Schuhe stilsicher kombiniert?<span class=\"ez-toc-section-end\"><\/span><\/h2>\n<p style=\"text-align: justify;\">Echte Allrounder sind wei\u00dfe Schuhe. Mit diesen lassen sich viele Outfits realisieren. Zu Basics wie unifarbenen Oberteilen und einer dunkelblauen oder schwarzen Jeans sind Sneaker in dieser Trendfarbe beispielsweise eine gro\u00dfartige Wahl.<\/p>\n<p><img loading=\"lazy\" decoding=\"async\" class=\"aligncenter wp-image-23358\" title=\"Low Top Printable Canvas Shoe Unisex\" src=\"https:\/\/www.textilwaren24.eu\/magazin\/wp-content\/uploads\/2022\/11\/Low-Top-Printable-Canvas-Shoe-Unisex-1.jpg\" alt=\"Low Top Printable Canvas Shoe Unisex\" width=\"409\" height=\"223\" srcset=\"https:\/\/www.textilwaren24.eu\/magazin\/wp-content\/uploads\/2022\/11\/Low-Top-Printable-Canvas-Shoe-Unisex-1.jpg 620w, https:\/\/www.textilwaren24.eu\/magazin\/wp-content\/uploads\/2022\/11\/Low-Top-Printable-Canvas-Shoe-Unisex-1-300x164.jpg 300w\" sizes=\"(max-width: 409px) 100vw, 409px\" \/><\/p>\n<p style=\"text-align: justify;\">F\u00fcr den romantischen Look sind weiterhin Keilsandaletten oder klassische Ballerinas wunderbar geeignet. Wenn Sie verspielte R\u00f6cke oder Kleider mit diesen wei\u00dfen Schuhen kombinieren, dann ist der stilsichere Auftritt garantiert!<\/p>\n<p style=\"text-align: justify;\">Zum Businesslook passen wei\u00dfe Schuhe wunderbar, sowohl bei Damen als auch bei Herren. Trauen Sie sich ruhig zu, Ihre Schuhe zu Mustern in dezenten Farben oder helle Schuhe zu dunkelblauen Anz\u00fcgen zu tragen. So wirken Sie sommerlich-frisch, aber trotzdem noch seri\u00f6s f\u00fcr die Arbeit!<\/p>\n<h2><span class=\"ez-toc-section\" id=\"Weisse_Blusen_fuer_das_Buero_und_den_Alltag_richtig_kombinieren\"><\/span>Wei\u00dfe Blusen f\u00fcr das B\u00fcro und den Alltag richtig kombinieren<span class=\"ez-toc-section-end\"><\/span><\/h2>\n<p style=\"text-align: justify;\">Die Sonne scheint und der Tag verspricht, wundersch\u00f6n und warm zu werden. Haben Sie sich auch schon einmal gefragt, wie Sie Ihr Businessoutfit im Sommer zusammenstellen sollen? Wer einen lockeren Look f\u00fcr das B\u00fcro schaffen m\u00f6chte, der entscheidet sich f\u00fcr eine sanft flie\u00dfende <a href=\"https:\/\/www.textilwaren24.eu\/hemden-blusen\/hemden-blusen\">wei\u00dfe Bluse<\/a>, die angenehm sitzt. Dazu einfach den Saum der Bluse locker in den Hosenbund stecken und schon ist das Businessoutfit perfekt.<\/p>\n<p>\u00a0 \u00a0 \u00a0 <a href=\"https:\/\/www.textilwaren24.eu\/hemden-blusen\/blazer-sakkos-westen\/br800-brook-taverner-women-s-riola-long-sleeve-42977\"><img loading=\"lazy\" decoding=\"async\" class=\"alignnone wp-image-23341\" title=\"Brook Taverner Women&#96;s Riola Long Sleeve\" src=\"https:\/\/www.textilwaren24.eu\/magazin\/wp-content\/uploads\/2022\/11\/Brook-Taverner-Womens-Riola-Long-Sleeve-1.jpg\" alt=\"Brook Taverner Women&#96;s Riola Long Sleeve - Wei\u00df kombinieren\" width=\"280\" height=\"358\" srcset=\"https:\/\/www.textilwaren24.eu\/magazin\/wp-content\/uploads\/2022\/11\/Brook-Taverner-Womens-Riola-Long-Sleeve-1.jpg 300w, https:\/\/www.textilwaren24.eu\/magazin\/wp-content\/uploads\/2022\/11\/Brook-Taverner-Womens-Riola-Long-Sleeve-1-235x300.jpg 235w\" sizes=\"(max-width: 280px) 100vw, 280px\" \/><\/a>\u00a0 \u00a0 \u00a0 \u00a0 \u00a0 <img loading=\"lazy\" decoding=\"async\" class=\"alignnone wp-image-23342\" title=\"Brook Taverner Sophisticated Collection Numana Straight Skirt\" src=\"https:\/\/www.textilwaren24.eu\/magazin\/wp-content\/uploads\/2022\/11\/Brook-Taverner-Sophisticated-Collection-Numana-Straight-Skirt-1.jpg\" alt=\"Brook Taverner Sophisticated Collection Numana Straight Skirt\" width=\"246\" height=\"361\" srcset=\"https:\/\/www.textilwaren24.eu\/magazin\/wp-content\/uploads\/2022\/11\/Brook-Taverner-Sophisticated-Collection-Numana-Straight-Skirt-1.jpg 337w, https:\/\/www.textilwaren24.eu\/magazin\/wp-content\/uploads\/2022\/11\/Brook-Taverner-Sophisticated-Collection-Numana-Straight-Skirt-1-205x300.jpg 205w\" sizes=\"(max-width: 246px) 100vw, 246px\" \/><\/p>\n<p style=\"text-align: justify;\">Auch im Alltag k\u00f6nnen Sie mit einer wei\u00dfen Bluse gl\u00e4nzen und Ihre beste Seite pr\u00e4sentieren. Im Sommer ist eine Bluse im verspielten Boho-Look zu einer kurzen Jeansshort ein wahrer Hingucker. Wei\u00df kombinieren hat nie mehr Spa\u00df gemacht! Mit dunklen Jeanswaschungen oder zu Boyfriend-Jeans sehen moderne Blusen mit weitem V-Ausschnitt oder verziert mit Schleifen ebenfalls stilsicher aus.<\/p>\n<p style=\"text-align: justify;\">Ein Tipp: Beim Tragen von wei\u00dfen Blusen sollten Sie unbedingt auf den BH achten! W\u00e4hlen Sie einen T-Shirt-BH in Beige, der sich ohne N\u00e4hte an den K\u00f6rper anschmiegt und sicherstellt, dass unter der Bluse nichts hervorschimmert. Ein sanftes Rosa eignet sich unter Umst\u00e4nden ebenso gut.<\/p>\n<figure id=\"attachment_23349\" aria-describedby=\"caption-attachment-23349\" style=\"width: 620px\" class=\"wp-caption aligncenter\"><img loading=\"lazy\" decoding=\"async\" class=\"wp-image-23349 size-full\" title=\"Wei\u00dfe Blusen und Kleider setzen Ihre sommergebr\u00e4unte Haut in Szene\" src=\"https:\/\/www.textilwaren24.eu\/magazin\/wp-content\/uploads\/2022\/11\/frau-weisses-kleid-feld.jpg\" alt=\"Dame mit wei\u00dfem Boho-Kleid und Sonnenhut - Wei\u00df kombinieren\" width=\"620\" height=\"413\" srcset=\"https:\/\/www.textilwaren24.eu\/magazin\/wp-content\/uploads\/2022\/11\/frau-weisses-kleid-feld.jpg 620w, https:\/\/www.textilwaren24.eu\/magazin\/wp-content\/uploads\/2022\/11\/frau-weisses-kleid-feld-300x200.jpg 300w\" sizes=\"(max-width: 620px) 100vw, 620px\" \/><figcaption id=\"caption-attachment-23349\" class=\"wp-caption-text\">\u00a9 Evgeniia &#8211; stock.adobe.com<\/figcaption><\/figure>\n<h2><span class=\"ez-toc-section\" id=\"Perfekt_abgerundet_Accessoires_zu_weisser_Kleidung\"><\/span>Perfekt abgerundet: Accessoires zu wei\u00dfer Kleidung<span class=\"ez-toc-section-end\"><\/span><\/h2>\n<p style=\"text-align: justify;\">Prada, Dior und Chanel machen es vor: Die richtigen Accessoires runden Ihr wei\u00dfes Outfit ab. Beim Schmuck haben Sie die freie Wahl: Ob silberfarbene Statement-Kette oder mehrlagige zarte Kette in einem Wei\u00dfgold oder Ros\u00e9gold, erlaubt ist, was gef\u00e4llt!<\/p>\n<p style=\"text-align: justify;\">Weitere Accessoires wie <a href=\"https:\/\/www.textilwaren24.eu\/taschen-rucksaecke\">Taschen<\/a> k\u00f6nnen Sie in Naturt\u00f6nen w\u00e4hlen, wenn diese zum Rest des Outfits passen. Generell gilt: Farben, die in den Accessoires vorkommen, sollten sich in den Kleidungsst\u00fccken wiederholen, um ein stimmiges Bild zu ergeben.<\/p>\n<p><img loading=\"lazy\" decoding=\"async\" class=\"aligncenter wp-image-23346\" title=\"Quadra NuHide Handbag\" src=\"https:\/\/www.textilwaren24.eu\/magazin\/wp-content\/uploads\/2022\/11\/Quadra-NuHide_-Handbag.jpg\" alt=\"Quadra NuHide Handbag\" width=\"346\" height=\"416\" srcset=\"https:\/\/www.textilwaren24.eu\/magazin\/wp-content\/uploads\/2022\/11\/Quadra-NuHide_-Handbag.jpg 620w, https:\/\/www.textilwaren24.eu\/magazin\/wp-content\/uploads\/2022\/11\/Quadra-NuHide_-Handbag-250x300.jpg 250w\" sizes=\"(max-width: 346px) 100vw, 346px\" \/><\/p>\n<p style=\"text-align: justify;\">Wei\u00df kombinieren birgt viele verschiedene M\u00f6glichkeiten interessanter Outfits. Entdecken Sie die Bandbreite dieser vielf\u00e4ltig einsetzbaren Farbe und kreieren Sie neue Looks!<\/p>\n","protected":false},"excerpt":{"rendered":"<p>\u00abModischer Allrounder richtig in Szene gesetzt\u00bb Karl Lagerfeld sagte einst: \u201eWenn Sie von mir wissen wollen, was ich mir w\u00fcnschte, entworfen zu haben, w\u00e4re es das wei\u00dfe Hemd. Ein Hemd ist der Ausgangspunkt von allem. Alles andere kommt danach.\u201c Die aktuelle Mode folgt dem Zitat des Modesch\u00f6pfers mit wundervollen Kreationen in Wei\u00df, die sich frisch, &hellip;<\/p>\n","protected":false},"author":2,"featured_media":23339,"comment_status":"closed","ping_status":"open","sticky":false,"template":"","format":"standard","meta":{"footnotes":""},"categories":[1],"tags":[1851,1852,1847,1849,1848,1846,1850],"class_list":["post-23328","post","type-post","status-publish","format-standard","has-post-thumbnail","hentry","category-fashion","tag-boho-look","tag-business-outfit","tag-weiss-kombinieren","tag-weisse-blusen","tag-weisse-hosen","tag-weisse-kleidung","tag-weisse-schuhe"],"yoast_head":"<!-- This site is optimized with the Yoast SEO plugin v25.6 - https:\/\/yoast.com\/wordpress\/plugins\/seo\/ -->\n<title>Allesk\u00f6nner Wei\u00df kombinieren - Textilwaren Magazin<\/title>\n<meta name=\"description\" content=\"Das Textilwaren Magazin mit vielen Beispielen, wie Sie den Allrounder \u201eWei\u00df\u201c stillvoll &amp; schick kombinieren \u2714 Mode-Ratgeber \u2665\ufe0f f\u00fcr sch\u00f6ne Outfits!\" \/>\n<meta name=\"robots\" content=\"index, follow, max-snippet:-1, max-image-preview:large, max-video-preview:-1\" \/>\n<link rel=\"canonical\" href=\"https:\/\/www.textilwaren24.eu\/magazin\/alleskoenner-weiss-kombinieren\/\" \/>\n<meta property=\"og:locale\" content=\"de_DE\" \/>\n<meta property=\"og:type\" content=\"article\" \/>\n<meta property=\"og:title\" content=\"Allesk\u00f6nner Wei\u00df kombinieren - Textilwaren Magazin\" \/>\n<meta property=\"og:description\" content=\"Das Textilwaren Magazin mit vielen Beispielen, wie Sie den Allrounder \u201eWei\u00df\u201c stillvoll &amp; schick kombinieren \u2714 Mode-Ratgeber \u2665\ufe0f f\u00fcr sch\u00f6ne Outfits!\" \/>\n<meta property=\"og:url\" content=\"https:\/\/www.textilwaren24.eu\/magazin\/alleskoenner-weiss-kombinieren\/\" \/>\n<meta property=\"og:site_name\" content=\"Textilwaren Magazin\" \/>\n<meta property=\"article:published_time\" content=\"2020-11-27T08:00:51+00:00\" \/>\n<meta property=\"article:modified_time\" content=\"2025-01-30T14:07:38+00:00\" \/>\n<meta property=\"og:image\" content=\"https:\/\/www.textilwaren24.eu\/magazin\/wp-content\/uploads\/2022\/11\/weisse-mode-damen.jpg\" \/>\n\t<meta property=\"og:image:width\" content=\"620\" \/>\n\t<meta property=\"og:image:height\" content=\"388\" \/>\n\t<meta property=\"og:image:type\" content=\"image\/jpeg\" \/>\n<meta name=\"author\" content=\"admin\" \/>\n<meta name=\"twitter:card\" content=\"summary_large_image\" \/>\n<meta name=\"twitter:label1\" content=\"Verfasst von\" \/>\n\t<meta name=\"twitter:data1\" content=\"admin\" \/>\n\t<meta name=\"twitter:label2\" content=\"Gesch\u00e4tzte Lesezeit\" \/>\n\t<meta name=\"twitter:data2\" content=\"6\u00a0Minuten\" \/>\n<script type=\"application\/ld+json\" class=\"yoast-schema-graph\">{\"@context\":\"https:\/\/schema.org\",\"@graph\":[{\"@type\":\"WebPage\",\"@id\":\"https:\/\/www.textilwaren24.eu\/magazin\/alleskoenner-weiss-kombinieren\/\",\"url\":\"https:\/\/www.textilwaren24.eu\/magazin\/alleskoenner-weiss-kombinieren\/\",\"name\":\"Allesk\u00f6nner Wei\u00df kombinieren - Textilwaren Magazin\",\"isPartOf\":{\"@id\":\"https:\/\/www.textilwaren24.eu\/magazin\/#website\"},\"primaryImageOfPage\":{\"@id\":\"https:\/\/www.textilwaren24.eu\/magazin\/alleskoenner-weiss-kombinieren\/#primaryimage\"},\"image\":{\"@id\":\"https:\/\/www.textilwaren24.eu\/magazin\/alleskoenner-weiss-kombinieren\/#primaryimage\"},\"thumbnailUrl\":\"https:\/\/www.textilwaren24.eu\/magazin\/wp-content\/uploads\/2022\/11\/weisse-mode-damen.jpg\",\"datePublished\":\"2020-11-27T08:00:51+00:00\",\"dateModified\":\"2025-01-30T14:07:38+00:00\",\"author\":{\"@id\":\"https:\/\/www.textilwaren24.eu\/magazin\/#\/schema\/person\/9c4e510f1296cc7c4a90e209f49f38b4\"},\"description\":\"Das Textilwaren Magazin mit vielen Beispielen, wie Sie den Allrounder \u201eWei\u00df\u201c stillvoll & schick kombinieren \u2714 Mode-Ratgeber \u2665\ufe0f f\u00fcr sch\u00f6ne Outfits!\",\"breadcrumb\":{\"@id\":\"https:\/\/www.textilwaren24.eu\/magazin\/alleskoenner-weiss-kombinieren\/#breadcrumb\"},\"inLanguage\":\"de\",\"potentialAction\":[{\"@type\":\"ReadAction\",\"target\":[\"https:\/\/www.textilwaren24.eu\/magazin\/alleskoenner-weiss-kombinieren\/\"]}]},{\"@type\":\"ImageObject\",\"inLanguage\":\"de\",\"@id\":\"https:\/\/www.textilwaren24.eu\/magazin\/alleskoenner-weiss-kombinieren\/#primaryimage\",\"url\":\"https:\/\/www.textilwaren24.eu\/magazin\/wp-content\/uploads\/2022\/11\/weisse-mode-damen.jpg\",\"contentUrl\":\"https:\/\/www.textilwaren24.eu\/magazin\/wp-content\/uploads\/2022\/11\/weisse-mode-damen.jpg\",\"width\":620,\"height\":388,\"caption\":\"\u00a9 Syda Productions - stock.adobe.com\"},{\"@type\":\"BreadcrumbList\",\"@id\":\"https:\/\/www.textilwaren24.eu\/magazin\/alleskoenner-weiss-kombinieren\/#breadcrumb\",\"itemListElement\":[{\"@type\":\"ListItem\",\"position\":1,\"name\":\"Home\",\"item\":\"https:\/\/www.textilwaren24.eu\/magazin\/\"},{\"@type\":\"ListItem\",\"position\":2,\"name\":\"Allesk\u00f6nner Wei\u00df kombinieren\"}]},{\"@type\":\"WebSite\",\"@id\":\"https:\/\/www.textilwaren24.eu\/magazin\/#website\",\"url\":\"https:\/\/www.textilwaren24.eu\/magazin\/\",\"name\":\"Textilwaren Magazin\",\"description\":\"\",\"potentialAction\":[{\"@type\":\"SearchAction\",\"target\":{\"@type\":\"EntryPoint\",\"urlTemplate\":\"https:\/\/www.textilwaren24.eu\/magazin\/?s={search_term_string}\"},\"query-input\":{\"@type\":\"PropertyValueSpecification\",\"valueRequired\":true,\"valueName\":\"search_term_string\"}}],\"inLanguage\":\"de\"},{\"@type\":\"Person\",\"@id\":\"https:\/\/www.textilwaren24.eu\/magazin\/#\/schema\/person\/9c4e510f1296cc7c4a90e209f49f38b4\",\"name\":\"admin\",\"image\":{\"@type\":\"ImageObject\",\"inLanguage\":\"de\",\"@id\":\"https:\/\/www.textilwaren24.eu\/magazin\/#\/schema\/person\/image\/\",\"url\":\"https:\/\/secure.gravatar.com\/avatar\/a794a4fe8a9b9c52241597eb381dfa2e?s=96&d=mm&r=g\",\"contentUrl\":\"https:\/\/secure.gravatar.com\/avatar\/a794a4fe8a9b9c52241597eb381dfa2e?s=96&d=mm&r=g\",\"caption\":\"admin\"}}]}<\/script>\n<!-- \/ Yoast SEO plugin. -->","yoast_head_json":{"title":"Allesk\u00f6nner Wei\u00df kombinieren - Textilwaren Magazin","description":"Das Textilwaren Magazin mit vielen Beispielen, wie Sie den Allrounder \u201eWei\u00df\u201c stillvoll & schick kombinieren \u2714 Mode-Ratgeber \u2665\ufe0f f\u00fcr sch\u00f6ne Outfits!","robots":{"index":"index","follow":"follow","max-snippet":"max-snippet:-1","max-image-preview":"max-image-preview:large","max-video-preview":"max-video-preview:-1"},"canonical":"https:\/\/www.textilwaren24.eu\/magazin\/alleskoenner-weiss-kombinieren\/","og_locale":"de_DE","og_type":"article","og_title":"Allesk\u00f6nner Wei\u00df kombinieren - Textilwaren Magazin","og_description":"Das Textilwaren Magazin mit vielen Beispielen, wie Sie den Allrounder \u201eWei\u00df\u201c stillvoll & schick kombinieren \u2714 Mode-Ratgeber \u2665\ufe0f f\u00fcr sch\u00f6ne Outfits!","og_url":"https:\/\/www.textilwaren24.eu\/magazin\/alleskoenner-weiss-kombinieren\/","og_site_name":"Textilwaren Magazin","article_published_time":"2020-11-27T08:00:51+00:00","article_modified_time":"2025-01-30T14:07:38+00:00","og_image":[{"width":620,"height":388,"url":"https:\/\/www.textilwaren24.eu\/magazin\/wp-content\/uploads\/2022\/11\/weisse-mode-damen.jpg","type":"image\/jpeg"}],"author":"admin","twitter_card":"summary_large_image","twitter_misc":{"Verfasst von":"admin","Gesch\u00e4tzte Lesezeit":"6\u00a0Minuten"},"schema":{"@context":"https:\/\/schema.org","@graph":[{"@type":"WebPage","@id":"https:\/\/www.textilwaren24.eu\/magazin\/alleskoenner-weiss-kombinieren\/","url":"https:\/\/www.textilwaren24.eu\/magazin\/alleskoenner-weiss-kombinieren\/","name":"Allesk\u00f6nner Wei\u00df kombinieren - Textilwaren Magazin","isPartOf":{"@id":"https:\/\/www.textilwaren24.eu\/magazin\/#website"},"primaryImageOfPage":{"@id":"https:\/\/www.textilwaren24.eu\/magazin\/alleskoenner-weiss-kombinieren\/#primaryimage"},"image":{"@id":"https:\/\/www.textilwaren24.eu\/magazin\/alleskoenner-weiss-kombinieren\/#primaryimage"},"thumbnailUrl":"https:\/\/www.textilwaren24.eu\/magazin\/wp-content\/uploads\/2022\/11\/weisse-mode-damen.jpg","datePublished":"2020-11-27T08:00:51+00:00","dateModified":"2025-01-30T14:07:38+00:00","author":{"@id":"https:\/\/www.textilwaren24.eu\/magazin\/#\/schema\/person\/9c4e510f1296cc7c4a90e209f49f38b4"},"description":"Das Textilwaren Magazin mit vielen Beispielen, wie Sie den Allrounder \u201eWei\u00df\u201c stillvoll & schick kombinieren \u2714 Mode-Ratgeber \u2665\ufe0f f\u00fcr sch\u00f6ne Outfits!","breadcrumb":{"@id":"https:\/\/www.textilwaren24.eu\/magazin\/alleskoenner-weiss-kombinieren\/#breadcrumb"},"inLanguage":"de","potentialAction":[{"@type":"ReadAction","target":["https:\/\/www.textilwaren24.eu\/magazin\/alleskoenner-weiss-kombinieren\/"]}]},{"@type":"ImageObject","inLanguage":"de","@id":"https:\/\/www.textilwaren24.eu\/magazin\/alleskoenner-weiss-kombinieren\/#primaryimage","url":"https:\/\/www.textilwaren24.eu\/magazin\/wp-content\/uploads\/2022\/11\/weisse-mode-damen.jpg","contentUrl":"https:\/\/www.textilwaren24.eu\/magazin\/wp-content\/uploads\/2022\/11\/weisse-mode-damen.jpg","width":620,"height":388,"caption":"\u00a9 Syda Productions - stock.adobe.com"},{"@type":"BreadcrumbList","@id":"https:\/\/www.textilwaren24.eu\/magazin\/alleskoenner-weiss-kombinieren\/#breadcrumb","itemListElement":[{"@type":"ListItem","position":1,"name":"Home","item":"https:\/\/www.textilwaren24.eu\/magazin\/"},{"@type":"ListItem","position":2,"name":"Allesk\u00f6nner Wei\u00df kombinieren"}]},{"@type":"WebSite","@id":"https:\/\/www.textilwaren24.eu\/magazin\/#website","url":"https:\/\/www.textilwaren24.eu\/magazin\/","name":"Textilwaren Magazin","description":"","potentialAction":[{"@type":"SearchAction","target":{"@type":"EntryPoint","urlTemplate":"https:\/\/www.textilwaren24.eu\/magazin\/?s={search_term_string}"},"query-input":{"@type":"PropertyValueSpecification","valueRequired":true,"valueName":"search_term_string"}}],"inLanguage":"de"},{"@type":"Person","@id":"https:\/\/www.textilwaren24.eu\/magazin\/#\/schema\/person\/9c4e510f1296cc7c4a90e209f49f38b4","name":"admin","image":{"@type":"ImageObject","inLanguage":"de","@id":"https:\/\/www.textilwaren24.eu\/magazin\/#\/schema\/person\/image\/","url":"https:\/\/secure.gravatar.com\/avatar\/a794a4fe8a9b9c52241597eb381dfa2e?s=96&d=mm&r=g","contentUrl":"https:\/\/secure.gravatar.com\/avatar\/a794a4fe8a9b9c52241597eb381dfa2e?s=96&d=mm&r=g","caption":"admin"}}]}},"_links":{"self":[{"href":"https:\/\/www.textilwaren24.eu\/magazin\/wp-json\/wp\/v2\/posts\/23328"}],"collection":[{"href":"https:\/\/www.textilwaren24.eu\/magazin\/wp-json\/wp\/v2\/posts"}],"about":[{"href":"https:\/\/www.textilwaren24.eu\/magazin\/wp-json\/wp\/v2\/types\/post"}],"author":[{"embeddable":true,"href":"https:\/\/www.textilwaren24.eu\/magazin\/wp-json\/wp\/v2\/users\/2"}],"replies":[{"embeddable":true,"href":"https:\/\/www.textilwaren24.eu\/magazin\/wp-json\/wp\/v2\/comments?post=23328"}],"version-history":[{"count":20,"href":"https:\/\/www.textilwaren24.eu\/magazin\/wp-json\/wp\/v2\/posts\/23328\/revisions"}],"predecessor-version":[{"id":34971,"href":"https:\/\/www.textilwaren24.eu\/magazin\/wp-json\/wp\/v2\/posts\/23328\/revisions\/34971"}],"wp:featuredmedia":[{"embeddable":true,"href":"https:\/\/www.textilwaren24.eu\/magazin\/wp-json\/wp\/v2\/media\/23339"}],"wp:attachment":[{"href":"https:\/\/www.textilwaren24.eu\/magazin\/wp-json\/wp\/v2\/media?parent=23328"}],"wp:term":[{"taxonomy":"category","embeddable":true,"href":"https:\/\/www.textilwaren24.eu\/magazin\/wp-json\/wp\/v2\/categories?post=23328"},{"taxonomy":"post_tag","embeddable":true,"href":"https:\/\/www.textilwaren24.eu\/magazin\/wp-json\/wp\/v2\/tags?post=23328"}],"curies":[{"name":"wp","href":"https:\/\/api.w.org\/{rel}","templated":true}]}}