{"id":26361,"date":"2021-07-28T16:13:44","date_gmt":"2021-07-28T14:13:44","guid":{"rendered":"https:\/\/www.textilwaren24.eu\/magazin\/?p=26361"},"modified":"2025-01-30T15:09:22","modified_gmt":"2025-01-30T14:09:22","slug":"kopfbedeckungen-im-sommer","status":"publish","type":"post","link":"https:\/\/www.textilwaren24.eu\/magazin\/kopfbedeckungen-im-sommer\/","title":{"rendered":"Kopfbedeckungen im Sommer"},"content":{"rendered":"<div id=\"ez-toc-container\" class=\"ez-toc-v2_0_77 ez-toc-wrap-center counter-hierarchy ez-toc-counter ez-toc-grey ez-toc-container-direction\">\n<div class=\"ez-toc-title-container\">\n<p class=\"ez-toc-title\" style=\"cursor:inherit\">Inhaltsverzeichnis<\/p>\n<span class=\"ez-toc-title-toggle\"><a href=\"#\" class=\"ez-toc-pull-right ez-toc-btn ez-toc-btn-xs ez-toc-btn-default ez-toc-toggle\" aria-label=\"Toggle Table of Content\"><span class=\"ez-toc-js-icon-con\"><span class=\"\"><span class=\"eztoc-hide\" style=\"display:none;\">Toggle<\/span><span class=\"ez-toc-icon-toggle-span\"><svg style=\"fill: #999;color:#999\" xmlns=\"http:\/\/www.w3.org\/2000\/svg\" class=\"list-377408\" width=\"20px\" height=\"20px\" viewBox=\"0 0 24 24\" fill=\"none\"><path d=\"M6 6H4v2h2V6zm14 0H8v2h12V6zM4 11h2v2H4v-2zm16 0H8v2h12v-2zM4 16h2v2H4v-2zm16 0H8v2h12v-2z\" fill=\"currentColor\"><\/path><\/svg><svg style=\"fill: #999;color:#999\" class=\"arrow-unsorted-368013\" xmlns=\"http:\/\/www.w3.org\/2000\/svg\" width=\"10px\" height=\"10px\" viewBox=\"0 0 24 24\" version=\"1.2\" baseProfile=\"tiny\"><path d=\"M18.2 9.3l-6.2-6.3-6.2 6.3c-.2.2-.3.4-.3.7s.1.5.3.7c.2.2.4.3.7.3h11c.3 0 .5-.1.7-.3.2-.2.3-.5.3-.7s-.1-.5-.3-.7zM5.8 14.7l6.2 6.3 6.2-6.3c.2-.2.3-.5.3-.7s-.1-.5-.3-.7c-.2-.2-.4-.3-.7-.3h-11c-.3 0-.5.1-.7.3-.2.2-.3.5-.3.7s.1.5.3.7z\"\/><\/svg><\/span><\/span><\/span><\/a><\/span><\/div>\n<nav><ul class='ez-toc-list ez-toc-list-level-1 ' ><li class='ez-toc-page-1 ez-toc-heading-level-2'><a class=\"ez-toc-link ez-toc-heading-1\" href=\"https:\/\/www.textilwaren24.eu\/magazin\/kopfbedeckungen-im-sommer\/#%C2%AB_Strohhut_Caps_Bandanas_%C2%BB\" >\u00ab Strohhut, Caps, Bandanas \u00bb<\/a><\/li><li class='ez-toc-page-1 ez-toc-heading-level-2'><a class=\"ez-toc-link ez-toc-heading-2\" href=\"https:\/\/www.textilwaren24.eu\/magazin\/kopfbedeckungen-im-sommer\/#3_angesagte_Kopfbedeckungen_fuer_Damen\" >3 angesagte Kopfbedeckungen f\u00fcr Damen<\/a><ul class='ez-toc-list-level-3' ><li class='ez-toc-heading-level-3'><a class=\"ez-toc-link ez-toc-heading-3\" href=\"https:\/\/www.textilwaren24.eu\/magazin\/kopfbedeckungen-im-sommer\/#Der_sommerliche_Sonnenhut\" >Der sommerliche Sonnenhut<\/a><\/li><li class='ez-toc-page-1 ez-toc-heading-level-3'><a class=\"ez-toc-link ez-toc-heading-4\" href=\"https:\/\/www.textilwaren24.eu\/magazin\/kopfbedeckungen-im-sommer\/#Das_glamouroese_Tuch\" >Das glamour\u00f6se Tuch<\/a><\/li><li class='ez-toc-page-1 ez-toc-heading-level-3'><a class=\"ez-toc-link ez-toc-heading-5\" href=\"https:\/\/www.textilwaren24.eu\/magazin\/kopfbedeckungen-im-sommer\/#Der_modische_Baker_Boy-Hat\" >Der modische Baker Boy-Hat<\/a><\/li><\/ul><\/li><li class='ez-toc-page-1 ez-toc-heading-level-2'><a class=\"ez-toc-link ez-toc-heading-6\" href=\"https:\/\/www.textilwaren24.eu\/magazin\/kopfbedeckungen-im-sommer\/#3_stylische_Kopfbedeckungen_fuer_Herren\" >3 stylische Kopfbedeckungen f\u00fcr Herren<\/a><ul class='ez-toc-list-level-3' ><li class='ez-toc-heading-level-3'><a class=\"ez-toc-link ez-toc-heading-7\" href=\"https:\/\/www.textilwaren24.eu\/magazin\/kopfbedeckungen-im-sommer\/#Der_klassische_Bucket_Hat\" >Der klassische Bucket Hat<\/a><\/li><li class='ez-toc-page-1 ez-toc-heading-level-3'><a class=\"ez-toc-link ez-toc-heading-8\" href=\"https:\/\/www.textilwaren24.eu\/magazin\/kopfbedeckungen-im-sommer\/#Der_schicke_Fedora-Hut\" >Der schicke Fedora-Hut<\/a><\/li><li class='ez-toc-page-1 ez-toc-heading-level-3'><a class=\"ez-toc-link ez-toc-heading-9\" href=\"https:\/\/www.textilwaren24.eu\/magazin\/kopfbedeckungen-im-sommer\/#Die_laessige_Cap\" >Die l\u00e4ssige Cap<\/a><\/li><\/ul><\/li><li class='ez-toc-page-1 ez-toc-heading-level-2'><a class=\"ez-toc-link ez-toc-heading-10\" href=\"https:\/\/www.textilwaren24.eu\/magazin\/kopfbedeckungen-im-sommer\/#Froehlich-bunter_Kopfschutz_fuer_Kinder\" >Fr\u00f6hlich-bunter Kopfschutz f\u00fcr Kinder<\/a><\/li><\/ul><\/nav><\/div>\n<h2><span class=\"ez-toc-section\" id=\"%C2%AB_Strohhut_Caps_Bandanas_%C2%BB\"><\/span>\u00ab Strohhut, Caps, Bandanas \u00bb<span class=\"ez-toc-section-end\"><\/span><\/h2>\n<p style=\"text-align: justify;\"><strong>Wenn die Temperaturen in die H\u00f6he klettern und wir uns endlich wieder in der Sonne br\u00e4unen k\u00f6nnen, gilt es, nicht nur die Haut vor der UV-Strahlung mit einem Sonnenschutz zu sch\u00fctzen. Auch Kopfbedeckungen f\u00fcr den Sommer m\u00fcssen nicht nur stylisch aussehen, sondern den perfekten Sonnenschutz vor glei\u00dfendem Licht bieten. Breite Krempen setzen dabei beispielsweise h\u00fcbsche Akzente und liefern den ben\u00f6tigten Schatten. Unter einer gro\u00dfen Vielzahl an sommerlichen Kopfbedeckungen haben wir Ihnen angesagte Pieces f\u00fcr den Sommer 2021 zusammengestellt. In unserer \u00dcbersicht finden Sie nun die sch\u00f6nsten Sommerh\u00fcte f\u00fcr Damen, die modernsten Herrenh\u00fcte und die besten Kopfbedeckungen f\u00fcr kleine, freche Kinderk\u00f6pfe.<\/strong><\/p>\n<h2><span class=\"ez-toc-section\" id=\"3_angesagte_Kopfbedeckungen_fuer_Damen\"><\/span>3 angesagte Kopfbedeckungen f\u00fcr Damen<span class=\"ez-toc-section-end\"><\/span><\/h2>\n<p style=\"text-align: justify;\">Schicke Sommer-H\u00fcte und sommerliche T\u00fccher auf dem weiblichen Haupt verspr\u00fchen Urlaubsfeeling und sind mit ihren leichten Materialien die perfekten Begleiter f\u00fcr den Tag am Meer oder in der Stadt. Perfekt f\u00fcr die hei\u00dfen Temperaturen, setzen die praktischen und sch\u00fctzenden Kopfbedeckungen gleichzeitig ein modisches Statement und vervollst\u00e4ndigen das Sommer-Outfit.<\/p>\n<figure id=\"attachment_26401\" aria-describedby=\"caption-attachment-26401\" style=\"width: 800px\" class=\"wp-caption aligncenter\"><img loading=\"lazy\" decoding=\"async\" class=\"wp-image-26401 size-full\" title=\"Schicke Sommer-H\u00fcte sind mit ihren leichten Materialien die perfekten Begleiter\" src=\"https:\/\/www.textilwaren24.eu\/magazin\/wp-content\/uploads\/2021\/08\/Angesagte-Kopfbedeckungen-fuer-Damen.jpg\" alt=\"Angesagte Kopfbedeckungen fuer Damen\" width=\"800\" height=\"533\" srcset=\"https:\/\/www.textilwaren24.eu\/magazin\/wp-content\/uploads\/2021\/08\/Angesagte-Kopfbedeckungen-fuer-Damen.jpg 800w, https:\/\/www.textilwaren24.eu\/magazin\/wp-content\/uploads\/2021\/08\/Angesagte-Kopfbedeckungen-fuer-Damen-300x200.jpg 300w, https:\/\/www.textilwaren24.eu\/magazin\/wp-content\/uploads\/2021\/08\/Angesagte-Kopfbedeckungen-fuer-Damen-768x512.jpg 768w\" sizes=\"(max-width: 800px) 100vw, 800px\" \/><figcaption id=\"caption-attachment-26401\" class=\"wp-caption-text\">\u00a9 Kateryna \u2013 stock.adobe.com<\/figcaption><\/figure>\n<h3><span class=\"ez-toc-section\" id=\"Der_sommerliche_Sonnenhut\"><\/span>Der sommerliche Sonnenhut<span class=\"ez-toc-section-end\"><\/span><\/h3>\n<p style=\"text-align: justify;\">Die gro\u00dfe Sommer-Hitze k\u00f6nnen Sie mit einem <a href=\"https:\/\/www.textilwaren24.eu\/caps-muetzen\/huete\">mond\u00e4nen Sonnenhut<\/a> von Ihren Haaren fernhalten. Mit einer breiten Krempe spendet die Kopfbedeckung Schatten und ist dazu noch ein besonders angesagtes Accessoire. Sie k\u00f6nnen den klassischen Sonnenhut zu einem sommerlichen Maxikleid in der Stadt, aber auch zu einem Bikini am Strand tragen. W\u00e4hrend klassische Formen wie der Cowboyhut oder der sogenannte &#8222;Panama-Hut&#8220; keine breiten Krempen besitzen, sind 2021 Exemplare mit einem ausgestellten Rand in den L\u00e4den zu finden.<\/p>\n<p><a href=\"https:\/\/www.textilwaren24.eu\/caps-muetzen\/huete\/cb740-beechfield-marbella-wide-brimmed-sun-hat-46051\"><img loading=\"lazy\" decoding=\"async\" class=\"aligncenter wp-image-26391 size-full\" title=\"Beechfield Marbella Wide-Brimmed Sun Hat\" src=\"https:\/\/www.textilwaren24.eu\/magazin\/wp-content\/uploads\/2021\/08\/CB740-Beechfield-Marbella-Wide-Brimmed-Sun-Hat.jpg\" alt=\"CB740 Beechfield Marbella Wide-Brimmed Sun Hat Kopfbedeckungen im Sommer\" width=\"600\" height=\"470\" srcset=\"https:\/\/www.textilwaren24.eu\/magazin\/wp-content\/uploads\/2021\/08\/CB740-Beechfield-Marbella-Wide-Brimmed-Sun-Hat.jpg 600w, https:\/\/www.textilwaren24.eu\/magazin\/wp-content\/uploads\/2021\/08\/CB740-Beechfield-Marbella-Wide-Brimmed-Sun-Hat-300x235.jpg 300w\" sizes=\"(max-width: 600px) 100vw, 600px\" \/><\/a><\/p>\n<p style=\"text-align: justify;\">Je nach Outfit-Wahl finden Sie neutrale T\u00f6ne in Beige und Braun oder aber farbige Fashion-Statements. Kleine Details wie Federn, Perlen oder Blumen am Hutrand geben der Kopfbedeckung eine elegante Note. Aber Achtung: Achten Sie darauf, dass Ihr Sommer-Hut richtig sitzt.<\/p>\n<div class=\"box info  \"><div class=\"box-inner-block\"><i class=\"fa tie-shortcode-boxicon\"><\/i>\n\t\t\tEine zu enge Kopfbedeckung kann zu Kopfschmerzen f\u00fchren, w\u00e4hrend weite Strohh\u00fcte bereits bei einem kleinen Windsto\u00df davonfliegen k\u00f6nnen.\n\t\t\t<\/div><\/div>\n<h3><span class=\"ez-toc-section\" id=\"Das_glamouroese_Tuch\"><\/span>Das glamour\u00f6se Tuch<span class=\"ez-toc-section-end\"><\/span><\/h3>\n<p style=\"text-align: justify;\">Sie favorisieren eine Kopfbedeckung, die urban, stylisch und geheimnisvoll zugleich ist? Dann sollten Sie zu einem Tuch greifen. F\u00fcr einen glamour\u00f6sen Look beim abendlichen Sommer-Dinner im Au\u00dfenbereich eines Restaurants oder an der Beach-Bar haben Sie beispielsweise die Auswahl zwischen einem Seidentuch oder einem Piece in Pailletten-Optik. Dabei machen verschiedene Wickel- und Knotentechniken diese Art des Sonnenschutzes zu etwas ganz Besonderem. M\u00f6chten Sie Ihr Tuch selbst binden, k\u00f6nnen Sie die folgende Kurz-Anleitung anwenden:<\/p>\n<ol style=\"text-align: justify;\">\n<li>Falten Sie Ihr Lieblingstuch zu einem Dreieck.<\/li>\n<li>Binden Sie sich das Dreieck mittig um den Kopf.<\/li>\n<li>F\u00fchren Sie nun die beiden Enden \u00fcber Kreuz \u00fcber Ihre Stirn und wieder Richtung Nacken.<\/li>\n<li>Abschlie\u00dfend stecken Sie die beiden Enden unter das Tuch.<\/li>\n<\/ol>\n<p style=\"text-align: justify;\">Dank der gro\u00dfen Auswahl an T\u00fcchern in verschiedenen Materialien k\u00f6nnen Sie stets eins Exemplar w\u00e4hlen, was sich Ihrem restlichen Sommerlook anpasst.<\/p>\n<p><a href=\"https:\/\/www.textilwaren24.eu\/caps-muetzen\/bandanas\/mb040-myrtle-beach-bandana-39494\"><img loading=\"lazy\" decoding=\"async\" class=\"aligncenter wp-image-26395\" title=\"myrtle beach Bandana\" src=\"https:\/\/www.textilwaren24.eu\/magazin\/wp-content\/uploads\/2021\/08\/MB040-myrtle-beach-Bandana.jpg\" alt=\"MB040 myrtle beach Bandana\" width=\"500\" height=\"462\" srcset=\"https:\/\/www.textilwaren24.eu\/magazin\/wp-content\/uploads\/2021\/08\/MB040-myrtle-beach-Bandana.jpg 600w, https:\/\/www.textilwaren24.eu\/magazin\/wp-content\/uploads\/2021\/08\/MB040-myrtle-beach-Bandana-300x278.jpg 300w\" sizes=\"(max-width: 500px) 100vw, 500px\" \/><\/a><\/p>\n<p style=\"text-align: justify;\">F\u00fcr dezente Outfits in hellen Beige- oder Wei\u00dft\u00f6nen eignen sich bunte Kopft\u00fccher, um aufregende Akzente zu setzen.<\/p>\n<h3><span class=\"ez-toc-section\" id=\"Der_modische_Baker_Boy-Hat\"><\/span>Der modische Baker Boy-Hat<span class=\"ez-toc-section-end\"><\/span><\/h3>\n<p style=\"text-align: justify;\">Die Schirmm\u00fctze wurde fr\u00fcher haupts\u00e4chlich von Herren getragen. Heute ist sie auch ein beliebtes Piece f\u00fcr Frauen. Sie gibt dem sommerlichen Look das gewisse Etwas und kann vielf\u00e4ltig gestylt werden. Kreieren Sie zum Beispiel mit einer dunklen Baker Boy-Hat und einem Bl\u00fcmchenkleid ein verspielt-elegantes Outfit oder einen casual Look mit <a href=\"https:\/\/www.textilwaren24.eu\/t-shirts\">Oversized-Shirt<\/a>. Auch <a href=\"https:\/\/www.textilwaren24.eu\/hemden-blusen\/hemden-blusen\">s\u00fc\u00dfe Blusen<\/a> mit Lochstickereien oder l\u00e4ssige Cut-Out-Tops k\u00f6nnen zu der Schirmm\u00fctze kombiniert werden. Der kurze Schirm ist gleichzeitig zu seinem interessanten Stil funktional, da er die Augen vor dem Sonnenlicht sch\u00fctzt.<\/p>\n<p><a href=\"https:\/\/www.textilwaren24.eu\/caps-muetzen\/muetzenwintermuetzen\/cb628-beechfield-heritage-baker-boy-cap-47015\"><img loading=\"lazy\" decoding=\"async\" class=\"aligncenter wp-image-26386 size-full\" title=\"Beechfield Heritage Baker Boy Cap\" src=\"https:\/\/www.textilwaren24.eu\/magazin\/wp-content\/uploads\/2021\/08\/CB628-Beechfield-Heritage-Baker-Boy-Cap.jpg\" alt=\"CB628 Beechfield Heritage Baker Boy Cap\" width=\"500\" height=\"400\" srcset=\"https:\/\/www.textilwaren24.eu\/magazin\/wp-content\/uploads\/2021\/08\/CB628-Beechfield-Heritage-Baker-Boy-Cap.jpg 500w, https:\/\/www.textilwaren24.eu\/magazin\/wp-content\/uploads\/2021\/08\/CB628-Beechfield-Heritage-Baker-Boy-Cap-300x240.jpg 300w\" sizes=\"(max-width: 500px) 100vw, 500px\" \/><\/a><\/p>\n<p style=\"text-align: justify;\">Experten-Tipp: F\u00fcr einen eleganten Look k\u00f6nnen Sie Ihre Haare leicht wellen und auf einer Seite tragen. So wirken Sie chic, ohne dass der Baker Boy-Hat seine Coolness verliert. Alternativ k\u00f6nnen Sie Ihre Haare auch im Zopf zusammengebunden tragen.<\/p>\n<h2><span class=\"ez-toc-section\" id=\"3_stylische_Kopfbedeckungen_fuer_Herren\"><\/span>3 stylische Kopfbedeckungen f\u00fcr Herren<span class=\"ez-toc-section-end\"><\/span><\/h2>\n<p style=\"text-align: justify;\">Auch die Herren der Sch\u00f6pfung verdienen einen praktischen und gleichzeitig modischen Schutz f\u00fcr die empfindliche Kopfhaut. W\u00e4hrend der zeitlose Strohhut nach wie vor ein Dauerbrenner unter den H\u00fcten ist, erleben auch Bucket Hats und Caps ihr gro\u00dfes Comeback in der M\u00e4nner-Mode:<\/p>\n<figure id=\"attachment_26393\" aria-describedby=\"caption-attachment-26393\" style=\"width: 800px\" class=\"wp-caption aligncenter\"><img loading=\"lazy\" decoding=\"async\" class=\"wp-image-26393 size-full\" title=\"Der zeitlose Strohhut ist nach wie vor ein Dauerbrenner unter den H\u00fcten\" src=\"https:\/\/www.textilwaren24.eu\/magazin\/wp-content\/uploads\/2021\/08\/Stylische-Kopfbedeckungen-fuer-Herren.jpg\" alt=\"Stylische Kopfbedeckungen fuer Herren Kopfbedeckungen im Sommer\" width=\"800\" height=\"533\" srcset=\"https:\/\/www.textilwaren24.eu\/magazin\/wp-content\/uploads\/2021\/08\/Stylische-Kopfbedeckungen-fuer-Herren.jpg 800w, https:\/\/www.textilwaren24.eu\/magazin\/wp-content\/uploads\/2021\/08\/Stylische-Kopfbedeckungen-fuer-Herren-300x200.jpg 300w, https:\/\/www.textilwaren24.eu\/magazin\/wp-content\/uploads\/2021\/08\/Stylische-Kopfbedeckungen-fuer-Herren-768x512.jpg 768w\" sizes=\"(max-width: 800px) 100vw, 800px\" \/><figcaption id=\"caption-attachment-26393\" class=\"wp-caption-text\">\u00a9 Art_Photo \u2013 stock.adobe.com<\/figcaption><\/figure>\n<h3><span class=\"ez-toc-section\" id=\"Der_klassische_Bucket_Hat\"><\/span>Der klassische Bucket Hat<span class=\"ez-toc-section-end\"><\/span><\/h3>\n<p style=\"text-align: justify;\">Bucket Hats wurden in der letzten Zeit wieder bewusst von namhaften Modeh\u00e4usern als Stilelement und Accessoires auf M\u00e4nner-K\u00f6pfen eingesetzt. Die Fischerh\u00fcte haben sich diese Saison zu einem regelrechten Must-Have innerhalb der <a href=\"https:\/\/www.textilwaren24.eu\/sportbekleidung\">Sportswear<\/a> herauskristallisiert.<\/p>\n<p><a href=\"https:\/\/www.textilwaren24.eu\/caps-muetzen\/huete\/at314-atlantis-bucket-cotton-hat-36464\"><img loading=\"lazy\" decoding=\"async\" class=\"aligncenter wp-image-26384 size-full\" title=\"Atlantis Bucket Cotton Hat\" src=\"https:\/\/www.textilwaren24.eu\/magazin\/wp-content\/uploads\/2021\/08\/AT314-Atlantis-Bucket-Cotton-Hat.jpg\" alt=\"AT314 Atlantis Bucket Cotton Hat\" width=\"500\" height=\"440\" srcset=\"https:\/\/www.textilwaren24.eu\/magazin\/wp-content\/uploads\/2021\/08\/AT314-Atlantis-Bucket-Cotton-Hat.jpg 500w, https:\/\/www.textilwaren24.eu\/magazin\/wp-content\/uploads\/2021\/08\/AT314-Atlantis-Bucket-Cotton-Hat-300x264.jpg 300w\" sizes=\"(max-width: 500px) 100vw, 500px\" \/><\/a><\/p>\n<p style=\"text-align: justify;\">Modebewusste Herren w\u00e4hlen schlichte Bucket Hats in erdigen oder beigen Grundfarben zu einer schicken Jeans und einem <a href=\"https:\/\/www.textilwaren24.eu\/t-shirts\/fashion-t-shirts-fuer-sie-und-ihn\">T-Shirt in Schwarz, Wei\u00df oder Grau<\/a>. Alternativ k\u00f6nnen Sie, um einen knalligen 90er-Streetstyle zu kreieren, auf einen Anglerhut in Statement-Farben wie Neongr\u00fcn, Signalrot oder Babyblau zur\u00fcckgreifen. Dann sollte das restliche Outfit allerdings schlicht ausfallen.<\/p>\n<h3><span class=\"ez-toc-section\" id=\"Der_schicke_Fedora-Hut\"><\/span>Der schicke Fedora-Hut<span class=\"ez-toc-section-end\"><\/span><\/h3>\n<p style=\"text-align: justify;\">Der klassische Strohhut (auch &#8222;Fedora&#8220; genannt), ist die beliebteste Hutform und besitzt eine breite Krempe sowie eine leicht eingedellte Krone. Die sommerliche Version aus geflochtenem Stroh ist eine sehr luftige und gleichzeitig schicke Wahl.<\/p>\n<p><a href=\"https:\/\/www.textilwaren24.eu\/caps-muetzen\/huete\/cb720-beechfield-festival-trilby-39466\"><img loading=\"lazy\" decoding=\"async\" class=\"aligncenter wp-image-26380\" title=\"Beechfield Festival Trilby\" src=\"https:\/\/www.textilwaren24.eu\/magazin\/wp-content\/uploads\/2021\/08\/CB720-Beechfield-Festival-Trilby.jpg\" alt=\"CB720 Beechfield Festival Trilby Kopfbedeckungen im Sommer\" width=\"382\" height=\"300\" srcset=\"https:\/\/www.textilwaren24.eu\/magazin\/wp-content\/uploads\/2021\/08\/CB720-Beechfield-Festival-Trilby.jpg 420w, https:\/\/www.textilwaren24.eu\/magazin\/wp-content\/uploads\/2021\/08\/CB720-Beechfield-Festival-Trilby-300x236.jpg 300w\" sizes=\"(max-width: 382px) 100vw, 382px\" \/><\/a><\/p>\n<p style=\"text-align: justify;\">F\u00fcr den eleganten Auftritt tragen Sie den Strohhut zu einem hellen Anzug aus Leinen oder d\u00fcnner Wolle. So schaffen Sie den perfekten Look f\u00fcr die Sommer-Party oder eine Sommer-Hochzeit und sind gleichzeitig vor der Hitze gesch\u00fctzt.<\/p>\n<h3><span class=\"ez-toc-section\" id=\"Die_laessige_Cap\"><\/span>Die l\u00e4ssige Cap<span class=\"ez-toc-section-end\"><\/span><\/h3>\n<p style=\"text-align: justify;\">Bereits seit Anfang des 19. Jahrhunderts ist das <a href=\"https:\/\/www.textilwaren24.eu\/caps-muetzen\/6-panel-caps\">Baseball-Cap<\/a> ein beliebtes Stilelement der 80er-Jahre. Dank der Hip-Hop-Bewegung hat sich das Cap zu einer beliebten Kopfbedeckung etabliert: Rap-Ikonen wie Dr. Dre, Eazy-E und Ice Cube pr\u00e4gten den l\u00e4ssigen Style und kombinierten die l\u00e4ssige M\u00fctze zu Oversized-Shirts und Baggy-Pants. Alltagstaugliche Cap-Modelle werden aktuell durch puristische Exemplare ohne Logo-Prints oder Muster pr\u00e4sentiert.<\/p>\n<p><a href=\"https:\/\/www.textilwaren24.eu\/caps-muetzen\/6-panel-caps\/rh83-result-headwear-bronx-cap-37506\"><img loading=\"lazy\" decoding=\"async\" class=\"aligncenter wp-image-26364\" title=\"Result Headwear Bronx Cap\" src=\"https:\/\/www.textilwaren24.eu\/magazin\/wp-content\/uploads\/2021\/08\/RH83-Result-Headwear-Bronx-Cap.jpg\" alt=\"RH83 Result Headwear Bronx Cap\" width=\"400\" height=\"384\" srcset=\"https:\/\/www.textilwaren24.eu\/magazin\/wp-content\/uploads\/2021\/08\/RH83-Result-Headwear-Bronx-Cap.jpg 500w, https:\/\/www.textilwaren24.eu\/magazin\/wp-content\/uploads\/2021\/08\/RH83-Result-Headwear-Bronx-Cap-300x288.jpg 300w\" sizes=\"(max-width: 400px) 100vw, 400px\" \/><\/a><\/p>\n<p style=\"text-align: justify;\">Diese unifarbenen Versionen k\u00f6nnen optimal in ein schickes Outfit integriert werden und einen sportlichen Athleisure-Look erschaffen. Eine Kopfbedeckung f\u00fcr den Sommer, die so schnell nicht aus der Mode kommen wird!<\/p>\n<h2><span class=\"ez-toc-section\" id=\"Froehlich-bunter_Kopfschutz_fuer_Kinder\"><\/span>Fr\u00f6hlich-bunter Kopfschutz f\u00fcr Kinder<span class=\"ez-toc-section-end\"><\/span><\/h2>\n<p style=\"text-align: justify;\">Wenn die Sonne vom strahlenden Himmel lacht, m\u00f6chten sich viele Kinder all ihrer Kleidungsst\u00fccke entledigen. Dabei sollte der Sonnenhut, die Cap oder <a href=\"https:\/\/www.textilwaren24.eu\/caps-muetzen\/bandanas\">das bunte Bandana<\/a> allerdings am Kopf bleiben. Denn die praktischen Kopfbedeckungen sch\u00fctzen unsere Kleinsten vor \u00dcberhitzung, Sonneneinstrahlung oder einem Sonnenstich.<\/p>\n<p><a href=\"https:\/\/www.textilwaren24.eu\/caps-muetzen\/bandanas\/mb6530-myrtle-beach-functional-bandana-hat-40248\"><img loading=\"lazy\" decoding=\"async\" class=\"aligncenter wp-image-26371\" title=\"myrtle beach Functional Bandana Hat\" src=\"https:\/\/www.textilwaren24.eu\/magazin\/wp-content\/uploads\/2021\/08\/MB6530-myrtle-beach-Functional-Bandana-Hat.jpg\" alt=\"MB6530 myrtle beach Functional Bandana Hat\" width=\"450\" height=\"450\" srcset=\"https:\/\/www.textilwaren24.eu\/magazin\/wp-content\/uploads\/2021\/08\/MB6530-myrtle-beach-Functional-Bandana-Hat.jpg 500w, https:\/\/www.textilwaren24.eu\/magazin\/wp-content\/uploads\/2021\/08\/MB6530-myrtle-beach-Functional-Bandana-Hat-300x300.jpg 300w, https:\/\/www.textilwaren24.eu\/magazin\/wp-content\/uploads\/2021\/08\/MB6530-myrtle-beach-Functional-Bandana-Hat-150x150.jpg 150w\" sizes=\"(max-width: 450px) 100vw, 450px\" \/><\/a><\/p>\n<p style=\"text-align: justify;\">Ein Bandana ist ein praktisches Tuch, welches Ihren kleinen Schatz vor der Sonne bewahrt und gleichzeitig dank des leichten Materials nicht beim Spielen st\u00f6rt. Ein gro\u00dfer Vorteil der bunten T\u00fccher: Mit dem Bandana-Look kann sich Ihr Kind wie ein cooler Pirat oder eine freche R\u00e4uberstochter f\u00fchlen.<\/p>\n<div class=\"box note  \"><div class=\"box-inner-block\"><i class=\"fa tie-shortcode-boxicon\"><\/i>\n\t\t\tAuch eine Cap \u2013 optional mit praktischem Nackenschutz \u2013 oder ein s\u00fc\u00dfer Strohhut geben Schutz gegen UV-Licht.\n\t\t\t<\/div><\/div>\n<p style=\"text-align: justify;\">F\u00fcr beide Modelle gilt: Je dunkler das Material, desto gr\u00f6\u00dfer ist der Sonnenschutz. W\u00e4hlen Sie daher gedecktere Farben (zum Beispiel ein dunkelblaues Cap oder einen dunkelbraunen Strohhut), um Ihr Kind optimal zu sch\u00fctzen. Auch ein Hut aus Stoff kann im Sommer n\u00fctzlich sein: Materialien wie Bio-Baumwolle oder Leinen haben k\u00fchlende Eigenschaften und eignen sich f\u00fcr die hei\u00dfe Jahreszeit daher optimal.<\/p>\n<p><img loading=\"lazy\" decoding=\"async\" class=\"aligncenter wp-image-26374 size-full\" title=\"Atlantis Kid Star Cap\" src=\"https:\/\/www.textilwaren24.eu\/magazin\/wp-content\/uploads\/2021\/08\/AT617-Atlantis-Kid-Star-Cap.jpg\" alt=\"AT617 Atlantis Kid Star Cap Kopfbedeckungen im Sommer\" width=\"500\" height=\"450\" srcset=\"https:\/\/www.textilwaren24.eu\/magazin\/wp-content\/uploads\/2021\/08\/AT617-Atlantis-Kid-Star-Cap.jpg 500w, https:\/\/www.textilwaren24.eu\/magazin\/wp-content\/uploads\/2021\/08\/AT617-Atlantis-Kid-Star-Cap-300x270.jpg 300w\" sizes=\"(max-width: 500px) 100vw, 500px\" \/><\/p>\n<p style=\"text-align: justify;\">Experten-Tipp: Haben Sie eine helle Cap und m\u00f6chten das Kind dennoch vor der Hitze sch\u00fctzen, k\u00f6nnen Sie spezielle UV-Schutzsprays f\u00fcr die Haare verwenden. Diese spr\u00fchen Sie auf das Haupt Ihres Nachwuchses, lassen den Schutz antrocknen und setzen anschlie\u00dfend die Cap oder den Hut auf.<\/p>\n","protected":false},"excerpt":{"rendered":"<p>\u00ab Strohhut, Caps, Bandanas \u00bb Wenn die Temperaturen in die H\u00f6he klettern und wir uns endlich wieder in der Sonne br\u00e4unen k\u00f6nnen, gilt es, nicht nur die Haut vor der UV-Strahlung mit einem Sonnenschutz zu sch\u00fctzen. Auch Kopfbedeckungen f\u00fcr den Sommer m\u00fcssen nicht nur stylisch aussehen, sondern den perfekten Sonnenschutz vor glei\u00dfendem Licht bieten. Breite &hellip;<\/p>\n","protected":false},"author":2,"featured_media":26403,"comment_status":"closed","ping_status":"open","sticky":false,"template":"","format":"standard","meta":{"footnotes":""},"categories":[7],"tags":[2163,364,12,90,1328,67,818,214,819,1251,405,2161,36,268,1043,758,2162],"class_list":["post-26361","post","type-post","status-publish","format-standard","has-post-thumbnail","hentry","category-accessoires","tag-baker-boy-hat","tag-bandana","tag-bandanas","tag-bucket-hat","tag-cap","tag-caps","tag-damen","tag-fedora","tag-herren","tag-hut","tag-kinder","tag-kopfbedeckungen","tag-mode","tag-sommer","tag-sonnenhut","tag-strohhut","tag-tuch"],"yoast_head":"<!-- This site is optimized with the Yoast SEO plugin v25.6 - https:\/\/yoast.com\/wordpress\/plugins\/seo\/ -->\n<title>Kopfbedeckungen im Sommer - Textilwaren Magazin<\/title>\n<meta name=\"description\" content=\"Das Textilwaren24 Magazin stellt Kopfbedeckungen f\u00fcr den Sommer vor. \u2714 Entdecken Sie stylische Trends \u2714 f\u00fcr Damen, Herren und Kinder.\" \/>\n<meta name=\"robots\" content=\"index, follow, max-snippet:-1, max-image-preview:large, max-video-preview:-1\" \/>\n<link rel=\"canonical\" href=\"https:\/\/www.textilwaren24.eu\/magazin\/kopfbedeckungen-im-sommer\/\" \/>\n<meta property=\"og:locale\" content=\"de_DE\" \/>\n<meta property=\"og:type\" content=\"article\" \/>\n<meta property=\"og:title\" content=\"Kopfbedeckungen im Sommer - Textilwaren Magazin\" \/>\n<meta property=\"og:description\" content=\"Das Textilwaren24 Magazin stellt Kopfbedeckungen f\u00fcr den Sommer vor. \u2714 Entdecken Sie stylische Trends \u2714 f\u00fcr Damen, Herren und Kinder.\" \/>\n<meta property=\"og:url\" content=\"https:\/\/www.textilwaren24.eu\/magazin\/kopfbedeckungen-im-sommer\/\" \/>\n<meta property=\"og:site_name\" content=\"Textilwaren Magazin\" \/>\n<meta property=\"article:published_time\" content=\"2021-07-28T14:13:44+00:00\" \/>\n<meta property=\"article:modified_time\" content=\"2025-01-30T14:09:22+00:00\" \/>\n<meta property=\"og:image\" content=\"https:\/\/www.textilwaren24.eu\/magazin\/wp-content\/uploads\/2021\/08\/Kopfbedeckungen-im-Sommer.jpg\" \/>\n\t<meta property=\"og:image:width\" content=\"800\" \/>\n\t<meta property=\"og:image:height\" content=\"533\" \/>\n\t<meta property=\"og:image:type\" content=\"image\/jpeg\" \/>\n<meta name=\"author\" content=\"admin\" \/>\n<meta name=\"twitter:card\" content=\"summary_large_image\" \/>\n<meta name=\"twitter:label1\" content=\"Verfasst von\" \/>\n\t<meta name=\"twitter:data1\" content=\"admin\" \/>\n\t<meta name=\"twitter:label2\" content=\"Gesch\u00e4tzte Lesezeit\" \/>\n\t<meta name=\"twitter:data2\" content=\"6\u00a0Minuten\" \/>\n<script type=\"application\/ld+json\" class=\"yoast-schema-graph\">{\"@context\":\"https:\/\/schema.org\",\"@graph\":[{\"@type\":\"WebPage\",\"@id\":\"https:\/\/www.textilwaren24.eu\/magazin\/kopfbedeckungen-im-sommer\/\",\"url\":\"https:\/\/www.textilwaren24.eu\/magazin\/kopfbedeckungen-im-sommer\/\",\"name\":\"Kopfbedeckungen im Sommer - Textilwaren Magazin\",\"isPartOf\":{\"@id\":\"https:\/\/www.textilwaren24.eu\/magazin\/#website\"},\"primaryImageOfPage\":{\"@id\":\"https:\/\/www.textilwaren24.eu\/magazin\/kopfbedeckungen-im-sommer\/#primaryimage\"},\"image\":{\"@id\":\"https:\/\/www.textilwaren24.eu\/magazin\/kopfbedeckungen-im-sommer\/#primaryimage\"},\"thumbnailUrl\":\"https:\/\/www.textilwaren24.eu\/magazin\/wp-content\/uploads\/2021\/08\/Kopfbedeckungen-im-Sommer.jpg\",\"datePublished\":\"2021-07-28T14:13:44+00:00\",\"dateModified\":\"2025-01-30T14:09:22+00:00\",\"author\":{\"@id\":\"https:\/\/www.textilwaren24.eu\/magazin\/#\/schema\/person\/9c4e510f1296cc7c4a90e209f49f38b4\"},\"description\":\"Das Textilwaren24 Magazin stellt Kopfbedeckungen f\u00fcr den Sommer vor. \u2714 Entdecken Sie stylische Trends \u2714 f\u00fcr Damen, Herren und Kinder.\",\"breadcrumb\":{\"@id\":\"https:\/\/www.textilwaren24.eu\/magazin\/kopfbedeckungen-im-sommer\/#breadcrumb\"},\"inLanguage\":\"de\",\"potentialAction\":[{\"@type\":\"ReadAction\",\"target\":[\"https:\/\/www.textilwaren24.eu\/magazin\/kopfbedeckungen-im-sommer\/\"]}]},{\"@type\":\"ImageObject\",\"inLanguage\":\"de\",\"@id\":\"https:\/\/www.textilwaren24.eu\/magazin\/kopfbedeckungen-im-sommer\/#primaryimage\",\"url\":\"https:\/\/www.textilwaren24.eu\/magazin\/wp-content\/uploads\/2021\/08\/Kopfbedeckungen-im-Sommer.jpg\",\"contentUrl\":\"https:\/\/www.textilwaren24.eu\/magazin\/wp-content\/uploads\/2021\/08\/Kopfbedeckungen-im-Sommer.jpg\",\"width\":800,\"height\":533,\"caption\":\"\u00a9 Rido \u2013 stock.adobe.com\"},{\"@type\":\"BreadcrumbList\",\"@id\":\"https:\/\/www.textilwaren24.eu\/magazin\/kopfbedeckungen-im-sommer\/#breadcrumb\",\"itemListElement\":[{\"@type\":\"ListItem\",\"position\":1,\"name\":\"Home\",\"item\":\"https:\/\/www.textilwaren24.eu\/magazin\/\"},{\"@type\":\"ListItem\",\"position\":2,\"name\":\"Kopfbedeckungen im Sommer\"}]},{\"@type\":\"WebSite\",\"@id\":\"https:\/\/www.textilwaren24.eu\/magazin\/#website\",\"url\":\"https:\/\/www.textilwaren24.eu\/magazin\/\",\"name\":\"Textilwaren Magazin\",\"description\":\"\",\"potentialAction\":[{\"@type\":\"SearchAction\",\"target\":{\"@type\":\"EntryPoint\",\"urlTemplate\":\"https:\/\/www.textilwaren24.eu\/magazin\/?s={search_term_string}\"},\"query-input\":{\"@type\":\"PropertyValueSpecification\",\"valueRequired\":true,\"valueName\":\"search_term_string\"}}],\"inLanguage\":\"de\"},{\"@type\":\"Person\",\"@id\":\"https:\/\/www.textilwaren24.eu\/magazin\/#\/schema\/person\/9c4e510f1296cc7c4a90e209f49f38b4\",\"name\":\"admin\",\"image\":{\"@type\":\"ImageObject\",\"inLanguage\":\"de\",\"@id\":\"https:\/\/www.textilwaren24.eu\/magazin\/#\/schema\/person\/image\/\",\"url\":\"https:\/\/secure.gravatar.com\/avatar\/a794a4fe8a9b9c52241597eb381dfa2e?s=96&d=mm&r=g\",\"contentUrl\":\"https:\/\/secure.gravatar.com\/avatar\/a794a4fe8a9b9c52241597eb381dfa2e?s=96&d=mm&r=g\",\"caption\":\"admin\"}}]}<\/script>\n<!-- \/ Yoast SEO plugin. -->","yoast_head_json":{"title":"Kopfbedeckungen im Sommer - Textilwaren Magazin","description":"Das Textilwaren24 Magazin stellt Kopfbedeckungen f\u00fcr den Sommer vor. \u2714 Entdecken Sie stylische Trends \u2714 f\u00fcr Damen, Herren und Kinder.","robots":{"index":"index","follow":"follow","max-snippet":"max-snippet:-1","max-image-preview":"max-image-preview:large","max-video-preview":"max-video-preview:-1"},"canonical":"https:\/\/www.textilwaren24.eu\/magazin\/kopfbedeckungen-im-sommer\/","og_locale":"de_DE","og_type":"article","og_title":"Kopfbedeckungen im Sommer - Textilwaren Magazin","og_description":"Das Textilwaren24 Magazin stellt Kopfbedeckungen f\u00fcr den Sommer vor. \u2714 Entdecken Sie stylische Trends \u2714 f\u00fcr Damen, Herren und Kinder.","og_url":"https:\/\/www.textilwaren24.eu\/magazin\/kopfbedeckungen-im-sommer\/","og_site_name":"Textilwaren Magazin","article_published_time":"2021-07-28T14:13:44+00:00","article_modified_time":"2025-01-30T14:09:22+00:00","og_image":[{"width":800,"height":533,"url":"https:\/\/www.textilwaren24.eu\/magazin\/wp-content\/uploads\/2021\/08\/Kopfbedeckungen-im-Sommer.jpg","type":"image\/jpeg"}],"author":"admin","twitter_card":"summary_large_image","twitter_misc":{"Verfasst von":"admin","Gesch\u00e4tzte Lesezeit":"6\u00a0Minuten"},"schema":{"@context":"https:\/\/schema.org","@graph":[{"@type":"WebPage","@id":"https:\/\/www.textilwaren24.eu\/magazin\/kopfbedeckungen-im-sommer\/","url":"https:\/\/www.textilwaren24.eu\/magazin\/kopfbedeckungen-im-sommer\/","name":"Kopfbedeckungen im Sommer - Textilwaren Magazin","isPartOf":{"@id":"https:\/\/www.textilwaren24.eu\/magazin\/#website"},"primaryImageOfPage":{"@id":"https:\/\/www.textilwaren24.eu\/magazin\/kopfbedeckungen-im-sommer\/#primaryimage"},"image":{"@id":"https:\/\/www.textilwaren24.eu\/magazin\/kopfbedeckungen-im-sommer\/#primaryimage"},"thumbnailUrl":"https:\/\/www.textilwaren24.eu\/magazin\/wp-content\/uploads\/2021\/08\/Kopfbedeckungen-im-Sommer.jpg","datePublished":"2021-07-28T14:13:44+00:00","dateModified":"2025-01-30T14:09:22+00:00","author":{"@id":"https:\/\/www.textilwaren24.eu\/magazin\/#\/schema\/person\/9c4e510f1296cc7c4a90e209f49f38b4"},"description":"Das Textilwaren24 Magazin stellt Kopfbedeckungen f\u00fcr den Sommer vor. \u2714 Entdecken Sie stylische Trends \u2714 f\u00fcr Damen, Herren und Kinder.","breadcrumb":{"@id":"https:\/\/www.textilwaren24.eu\/magazin\/kopfbedeckungen-im-sommer\/#breadcrumb"},"inLanguage":"de","potentialAction":[{"@type":"ReadAction","target":["https:\/\/www.textilwaren24.eu\/magazin\/kopfbedeckungen-im-sommer\/"]}]},{"@type":"ImageObject","inLanguage":"de","@id":"https:\/\/www.textilwaren24.eu\/magazin\/kopfbedeckungen-im-sommer\/#primaryimage","url":"https:\/\/www.textilwaren24.eu\/magazin\/wp-content\/uploads\/2021\/08\/Kopfbedeckungen-im-Sommer.jpg","contentUrl":"https:\/\/www.textilwaren24.eu\/magazin\/wp-content\/uploads\/2021\/08\/Kopfbedeckungen-im-Sommer.jpg","width":800,"height":533,"caption":"\u00a9 Rido \u2013 stock.adobe.com"},{"@type":"BreadcrumbList","@id":"https:\/\/www.textilwaren24.eu\/magazin\/kopfbedeckungen-im-sommer\/#breadcrumb","itemListElement":[{"@type":"ListItem","position":1,"name":"Home","item":"https:\/\/www.textilwaren24.eu\/magazin\/"},{"@type":"ListItem","position":2,"name":"Kopfbedeckungen im Sommer"}]},{"@type":"WebSite","@id":"https:\/\/www.textilwaren24.eu\/magazin\/#website","url":"https:\/\/www.textilwaren24.eu\/magazin\/","name":"Textilwaren Magazin","description":"","potentialAction":[{"@type":"SearchAction","target":{"@type":"EntryPoint","urlTemplate":"https:\/\/www.textilwaren24.eu\/magazin\/?s={search_term_string}"},"query-input":{"@type":"PropertyValueSpecification","valueRequired":true,"valueName":"search_term_string"}}],"inLanguage":"de"},{"@type":"Person","@id":"https:\/\/www.textilwaren24.eu\/magazin\/#\/schema\/person\/9c4e510f1296cc7c4a90e209f49f38b4","name":"admin","image":{"@type":"ImageObject","inLanguage":"de","@id":"https:\/\/www.textilwaren24.eu\/magazin\/#\/schema\/person\/image\/","url":"https:\/\/secure.gravatar.com\/avatar\/a794a4fe8a9b9c52241597eb381dfa2e?s=96&d=mm&r=g","contentUrl":"https:\/\/secure.gravatar.com\/avatar\/a794a4fe8a9b9c52241597eb381dfa2e?s=96&d=mm&r=g","caption":"admin"}}]}},"_links":{"self":[{"href":"https:\/\/www.textilwaren24.eu\/magazin\/wp-json\/wp\/v2\/posts\/26361"}],"collection":[{"href":"https:\/\/www.textilwaren24.eu\/magazin\/wp-json\/wp\/v2\/posts"}],"about":[{"href":"https:\/\/www.textilwaren24.eu\/magazin\/wp-json\/wp\/v2\/types\/post"}],"author":[{"embeddable":true,"href":"https:\/\/www.textilwaren24.eu\/magazin\/wp-json\/wp\/v2\/users\/2"}],"replies":[{"embeddable":true,"href":"https:\/\/www.textilwaren24.eu\/magazin\/wp-json\/wp\/v2\/comments?post=26361"}],"version-history":[{"count":33,"href":"https:\/\/www.textilwaren24.eu\/magazin\/wp-json\/wp\/v2\/posts\/26361\/revisions"}],"predecessor-version":[{"id":35212,"href":"https:\/\/www.textilwaren24.eu\/magazin\/wp-json\/wp\/v2\/posts\/26361\/revisions\/35212"}],"wp:featuredmedia":[{"embeddable":true,"href":"https:\/\/www.textilwaren24.eu\/magazin\/wp-json\/wp\/v2\/media\/26403"}],"wp:attachment":[{"href":"https:\/\/www.textilwaren24.eu\/magazin\/wp-json\/wp\/v2\/media?parent=26361"}],"wp:term":[{"taxonomy":"category","embeddable":true,"href":"https:\/\/www.textilwaren24.eu\/magazin\/wp-json\/wp\/v2\/categories?post=26361"},{"taxonomy":"post_tag","embeddable":true,"href":"https:\/\/www.textilwaren24.eu\/magazin\/wp-json\/wp\/v2\/tags?post=26361"}],"curies":[{"name":"wp","href":"https:\/\/api.w.org\/{rel}","templated":true}]}}