{"id":29186,"date":"2022-02-10T15:56:13","date_gmt":"2022-02-10T14:56:13","guid":{"rendered":"https:\/\/www.textilwaren24.eu\/magazin\/?p=29186"},"modified":"2025-01-30T15:11:10","modified_gmt":"2025-01-30T14:11:10","slug":"der-passende-tagesrucksack","status":"publish","type":"post","link":"https:\/\/www.textilwaren24.eu\/magazin\/der-passende-tagesrucksack\/","title":{"rendered":"Der passende Tagesrucksack"},"content":{"rendered":"<div id=\"ez-toc-container\" class=\"ez-toc-v2_0_77 ez-toc-wrap-center counter-hierarchy ez-toc-counter ez-toc-grey ez-toc-container-direction\">\n<div class=\"ez-toc-title-container\">\n<p class=\"ez-toc-title\" style=\"cursor:inherit\">Inhaltsverzeichnis<\/p>\n<span class=\"ez-toc-title-toggle\"><a href=\"#\" class=\"ez-toc-pull-right ez-toc-btn ez-toc-btn-xs ez-toc-btn-default ez-toc-toggle\" aria-label=\"Toggle Table of Content\"><span class=\"ez-toc-js-icon-con\"><span class=\"\"><span class=\"eztoc-hide\" style=\"display:none;\">Toggle<\/span><span class=\"ez-toc-icon-toggle-span\"><svg style=\"fill: #999;color:#999\" xmlns=\"http:\/\/www.w3.org\/2000\/svg\" class=\"list-377408\" width=\"20px\" height=\"20px\" viewBox=\"0 0 24 24\" fill=\"none\"><path d=\"M6 6H4v2h2V6zm14 0H8v2h12V6zM4 11h2v2H4v-2zm16 0H8v2h12v-2zM4 16h2v2H4v-2zm16 0H8v2h12v-2z\" fill=\"currentColor\"><\/path><\/svg><svg style=\"fill: #999;color:#999\" class=\"arrow-unsorted-368013\" xmlns=\"http:\/\/www.w3.org\/2000\/svg\" width=\"10px\" height=\"10px\" viewBox=\"0 0 24 24\" version=\"1.2\" baseProfile=\"tiny\"><path d=\"M18.2 9.3l-6.2-6.3-6.2 6.3c-.2.2-.3.4-.3.7s.1.5.3.7c.2.2.4.3.7.3h11c.3 0 .5-.1.7-.3.2-.2.3-.5.3-.7s-.1-.5-.3-.7zM5.8 14.7l6.2 6.3 6.2-6.3c.2-.2.3-.5.3-.7s-.1-.5-.3-.7c-.2-.2-.4-.3-.7-.3h-11c-.3 0-.5.1-.7.3-.2.2-.3.5-.3.7s.1.5.3.7z\"\/><\/svg><\/span><\/span><\/span><\/a><\/span><\/div>\n<nav><ul class='ez-toc-list ez-toc-list-level-1 ' ><li class='ez-toc-page-1 ez-toc-heading-level-2'><a class=\"ez-toc-link ez-toc-heading-1\" href=\"https:\/\/www.textilwaren24.eu\/magazin\/der-passende-tagesrucksack\/#%C2%AB_Begleiter_fuer_jede_Ausfluege_Schule_und_Arbeit_%C2%BB\" >\u00ab Begleiter f\u00fcr jede Ausfl\u00fcge, Schule und Arbeit \u00bb<\/a><\/li><li class='ez-toc-page-1 ez-toc-heading-level-2'><a class=\"ez-toc-link ez-toc-heading-2\" href=\"https:\/\/www.textilwaren24.eu\/magazin\/der-passende-tagesrucksack\/#Muss_mit_auf_jede_Tagestour\" >Muss mit auf jede Tagestour<\/a><\/li><li class='ez-toc-page-1 ez-toc-heading-level-2'><a class=\"ez-toc-link ez-toc-heading-3\" href=\"https:\/\/www.textilwaren24.eu\/magazin\/der-passende-tagesrucksack\/#Vorteile_eines_Tagesrucksack\" >Vorteile eines Tagesrucksack<\/a><\/li><li class='ez-toc-page-1 ez-toc-heading-level-2'><a class=\"ez-toc-link ez-toc-heading-4\" href=\"https:\/\/www.textilwaren24.eu\/magazin\/der-passende-tagesrucksack\/#Rucksack_kaufen_%E2%80%93_die_wichtigsten_Kriterien\" >Rucksack kaufen \u2013 die wichtigsten Kriterien<\/a><ul class='ez-toc-list-level-3' ><li class='ez-toc-heading-level-3'><a class=\"ez-toc-link ez-toc-heading-5\" href=\"https:\/\/www.textilwaren24.eu\/magazin\/der-passende-tagesrucksack\/#Robustheit\" >Robustheit<\/a><\/li><li class='ez-toc-page-1 ez-toc-heading-level-3'><a class=\"ez-toc-link ez-toc-heading-6\" href=\"https:\/\/www.textilwaren24.eu\/magazin\/der-passende-tagesrucksack\/#Haltbarkeit\" >Haltbarkeit<\/a><\/li><li class='ez-toc-page-1 ez-toc-heading-level-3'><a class=\"ez-toc-link ez-toc-heading-7\" href=\"https:\/\/www.textilwaren24.eu\/magazin\/der-passende-tagesrucksack\/#Tragesystem\" >Tragesystem<\/a><\/li><\/ul><\/li><li class='ez-toc-page-1 ez-toc-heading-level-2'><a class=\"ez-toc-link ez-toc-heading-8\" href=\"https:\/\/www.textilwaren24.eu\/magazin\/der-passende-tagesrucksack\/#Die_verschiedenen_Typen_von_Daypacks\" >Die verschiedenen Typen von Daypacks<\/a><ul class='ez-toc-list-level-3' ><li class='ez-toc-heading-level-3'><a class=\"ez-toc-link ez-toc-heading-9\" href=\"https:\/\/www.textilwaren24.eu\/magazin\/der-passende-tagesrucksack\/#Praktischer_Alltagshelfer_der_City-Rucksack\" >Praktischer Alltagshelfer: der City-Rucksack<\/a><\/li><li class='ez-toc-page-1 ez-toc-heading-level-3'><a class=\"ez-toc-link ez-toc-heading-10\" href=\"https:\/\/www.textilwaren24.eu\/magazin\/der-passende-tagesrucksack\/#Auf_dem_Weg_ins_Office_%E2%80%93_der_Notebook-Rucksack\" >Auf dem Weg ins Office \u2013 der Notebook-Rucksack<\/a><\/li><li class='ez-toc-page-1 ez-toc-heading-level-3'><a class=\"ez-toc-link ez-toc-heading-11\" href=\"https:\/\/www.textilwaren24.eu\/magazin\/der-passende-tagesrucksack\/#Outdoor-Rucksaecke_fuer_Abenteuerlustige\" >Outdoor-Rucks\u00e4cke f\u00fcr Abenteuerlustige<\/a><\/li><\/ul><\/li><\/ul><\/nav><\/div>\n<h2><span class=\"ez-toc-section\" id=\"%C2%AB_Begleiter_fuer_jede_Ausfluege_Schule_und_Arbeit_%C2%BB\"><\/span>\u00ab Begleiter f\u00fcr jede Ausfl\u00fcge, Schule und Arbeit \u00bb<span class=\"ez-toc-section-end\"><\/span><\/h2>\n<p style=\"text-align: justify;\"><strong>Raus aus dem Haus und auf in die Natur. Wenn die n\u00e4chste Tageswanderung ansteht, geh\u00f6ren Ersatzkleidung, Trinken und Brotzeit auf jeden Fall mit dazu. Und wo finden Sie Platz? Ganz klar im Tagesrucksack. Dieser sollte genug Stauraum bieten und einiges aushalten. Was der Daypack sonst noch k\u00f6nnen muss, erfahren Sie hier.<\/strong><\/p>\n<h2><span class=\"ez-toc-section\" id=\"Muss_mit_auf_jede_Tagestour\"><\/span>Muss mit auf jede Tagestour<span class=\"ez-toc-section-end\"><\/span><\/h2>\n<p style=\"text-align: justify;\">Ob es alleine in die Natur geht, unterwegs Zeit f\u00fcr ein romantisches Picknick mit dem Partner bleibt oder sich die ganze Familie aufmacht \u2013 gute Vorbereitung ist das A und O bei jeder Wanderung. Vor allem dann, wenn der ganze Tag eingeplant ist. Ausreichend Proviant ist ebenso wenig zu vergessen wie Kleidungsst\u00fccke, eventuell Kamera und Pflaster. All diese Utensilien finden ihren Platz im Tagesrucksack, der in der Regel ein Fassungsverm\u00f6gen von 10 bis 30 Litern aufweist. Auch kleine Eink\u00e4ufe lassen sich beim City Trip prima verstauen. Auch wenn ein Daypack also kein riesiger <a href=\"https:\/\/www.textilwaren24.eu\/taschen-rucksaecke\/rucksaecke\">Rucksack<\/a> ist, mit dem es auf ausschweifende Abenteuer geht,\u00a0 so ist er f\u00fcr den Tagesauflug eine praktische Hilfe.<\/p>\n<figure id=\"attachment_29190\" aria-describedby=\"caption-attachment-29190\" style=\"width: 620px\" class=\"wp-caption aligncenter\"><img loading=\"lazy\" decoding=\"async\" class=\"wp-image-29190 size-full\" title=\"Ein Tagesrucksack ist perfekt auf einer Tour durch die Gro\u00dfstadt\" src=\"https:\/\/www.textilwaren24.eu\/magazin\/wp-content\/uploads\/2022\/02\/frau-tagesrucksack.jpg\" alt=\"Frau mit Tagesrucksack in der Stadt\" width=\"620\" height=\"413\" srcset=\"https:\/\/www.textilwaren24.eu\/magazin\/wp-content\/uploads\/2022\/02\/frau-tagesrucksack.jpg 620w, https:\/\/www.textilwaren24.eu\/magazin\/wp-content\/uploads\/2022\/02\/frau-tagesrucksack-300x200.jpg 300w\" sizes=\"(max-width: 620px) 100vw, 620px\" \/><figcaption id=\"caption-attachment-29190\" class=\"wp-caption-text\">\u00a9 Nattakorn &#8211; stock.adobe.com<\/figcaption><\/figure>\n<h2><span class=\"ez-toc-section\" id=\"Vorteile_eines_Tagesrucksack\"><\/span>Vorteile eines Tagesrucksack<span class=\"ez-toc-section-end\"><\/span><\/h2>\n<p style=\"text-align: justify;\">Der Tagesrucksack ist eine clevere Konstruktion: Er verteilt die zu tragende Last gleichm\u00e4\u00dfig auf Ihrer R\u00fcckenpartie beziehungsweise Ihren gesamten K\u00f6rper. Die beiden Schulterriemen erm\u00f6glichen eine symmetrische Belastung, sodass keine Haltungssch\u00e4den durch das Tragen des Gewichts zustandekommen. Hier unterscheidet sich der Daypack von Hand- und Umh\u00e4ngetaschen: Im Gegensatz zu <a href=\"https:\/\/www.textilwaren24.eu\/taschen-rucksaecke\/freizeittaschen\">Taschen<\/a>, bei denen das Gewicht eine Seite des K\u00f6rpers mehr belastet und der Tragende sich daher schief bewegt, wird bei einem Rucksack der Bewegungsapparat optimal entlastet.<\/p>\n<p style=\"text-align: justify;\">F\u00fcr einen Tagestrip, beim Wandern aber auch, wenn Sie h\u00e4ufig l\u00e4ngere Strecken zur Arbeit zur\u00fccklegen m\u00fcssen, ist solch ein Freizeitrucksack die ergonomischste L\u00f6sung. Gr\u00f6\u00dfere Backpacks haben zus\u00e4tzlich zu den Schultergurten auch noch einen H\u00fcftgurt. Bei gr\u00f6\u00dferen Lasten sorgen die Gurte daf\u00fcr, dass die Belastung auf H\u00fcften, Schultern und den R\u00fccken gleichm\u00e4\u00dfig verteilt wird. Somit l\u00e4sst sich der Rucksack auch \u00fcber viele Stunden hinweg bequem tragen.<\/p>\n<figure id=\"attachment_29191\" aria-describedby=\"caption-attachment-29191\" style=\"width: 620px\" class=\"wp-caption aligncenter\"><img loading=\"lazy\" decoding=\"async\" class=\"wp-image-29191 size-full\" title=\"Zum Wandern ist ein Rucksack die ergonomischste L\u00f6sung\" src=\"https:\/\/www.textilwaren24.eu\/magazin\/wp-content\/uploads\/2022\/02\/wanderrucksack.jpg\" alt=\"Frau mit gelbem Tagesrucksack\" width=\"620\" height=\"398\" srcset=\"https:\/\/www.textilwaren24.eu\/magazin\/wp-content\/uploads\/2022\/02\/wanderrucksack.jpg 620w, https:\/\/www.textilwaren24.eu\/magazin\/wp-content\/uploads\/2022\/02\/wanderrucksack-300x193.jpg 300w\" sizes=\"(max-width: 620px) 100vw, 620px\" \/><figcaption id=\"caption-attachment-29191\" class=\"wp-caption-text\">\u00a9 Maria_Savenko &#8211; stock.adobe.com<\/figcaption><\/figure>\n<h2><span class=\"ez-toc-section\" id=\"Rucksack_kaufen_%E2%80%93_die_wichtigsten_Kriterien\"><\/span>Rucksack kaufen \u2013 die wichtigsten Kriterien<span class=\"ez-toc-section-end\"><\/span><\/h2>\n<p style=\"text-align: justify;\">Wenn Sie einen Tagesrucksack kaufen, dann sollten Sie ein paar Kaufkriterien ber\u00fccksichtigen, die den Unterschied zwischen Modellen machen, die sich rasch abnutzen und Daypacks, die \u00fcber viele Ausfl\u00fcge hinweg an Ihrer Seite \u2013 besser gesagt \u2013 an Ihrem R\u00fccken sind.<\/p>\n<h3><span class=\"ez-toc-section\" id=\"Robustheit\"><\/span>Robustheit<span class=\"ez-toc-section-end\"><\/span><\/h3>\n<p style=\"text-align: justify;\">Der Wanderrucksack bzw. Freizeitrucksack muss so konstruiert sein, dass er das geforderte Gewicht transportiert, ohne dass der Stoff und die Konstruktion in Mitleidenschaft gezogen werden. Auch bei extrem Belastungen darf das Material nicht rei\u00dfen. M\u00f6chten Sie beispielsweise einen schweren Gegenstand wie einen\u00a0 Aktenordner oder gef\u00fcllte Thermosflaschen transportieren, muss der Rucksack dies schadlos \u00fcberstehen.<\/p>\n<figure id=\"attachment_29192\" aria-describedby=\"caption-attachment-29192\" style=\"width: 620px\" class=\"wp-caption aligncenter\"><img loading=\"lazy\" decoding=\"async\" class=\"wp-image-29192 size-full\" title=\"Ein Rucksack muss robust sein, damit zum Beispiel schwere Ordner reinpassen\" src=\"https:\/\/www.textilwaren24.eu\/magazin\/wp-content\/uploads\/2022\/02\/ordner-rucksack.jpg\" alt=\"Mann mit Rucksack und Ordner \" width=\"620\" height=\"414\" srcset=\"https:\/\/www.textilwaren24.eu\/magazin\/wp-content\/uploads\/2022\/02\/ordner-rucksack.jpg 620w, https:\/\/www.textilwaren24.eu\/magazin\/wp-content\/uploads\/2022\/02\/ordner-rucksack-300x200.jpg 300w\" sizes=\"(max-width: 620px) 100vw, 620px\" \/><figcaption id=\"caption-attachment-29192\" class=\"wp-caption-text\">\u00a9 Yakobchuk Olena &#8211; stock.adobe.com<\/figcaption><\/figure>\n<h3><span class=\"ez-toc-section\" id=\"Haltbarkeit\"><\/span>Haltbarkeit<span class=\"ez-toc-section-end\"><\/span><\/h3>\n<p style=\"text-align: justify;\">Ihr Tagesrucksack sollte dar\u00fcber hinaus m\u00f6glichst langsam altern. Das verwendete Material darf nicht UV-empfindlich sein, sonst blassen nach l\u00e4ngerem Gebrauch die Farben leicht aus. Dieser Effekt h\u00e4ngt mit der Sonneneinstrahlung zusammen. Gerade ein Wanderrucksack, der st\u00e4ndig im Freien genutzt wird, muss so beschaffen sein, dass er nicht von der Sonne besch\u00e4digt werden kann.<\/p>\n<h3><span class=\"ez-toc-section\" id=\"Tragesystem\"><\/span>Tragesystem<span class=\"ez-toc-section-end\"><\/span><\/h3>\n<p style=\"text-align: justify;\">Das Tragesystem h\u00e4lt in der Regel am l\u00e4ngsten. Bricht es, liegt meist eine deutliche \u00dcberlastung vor. Deswegen ist es wichtig, dass Sie die Angaben des Herstellers zum maximalen Transportgewicht kennen. Der Daypack besitzt meist Tragesysteme aus Kunststoff oder Aluminium, in weniger F\u00e4llen ist das System aus Stahl.<\/p>\n<h2><span class=\"ez-toc-section\" id=\"Die_verschiedenen_Typen_von_Daypacks\"><\/span>Die verschiedenen Typen von Daypacks<span class=\"ez-toc-section-end\"><\/span><\/h2>\n<p style=\"text-align: justify;\">Neben den grunds\u00e4tzlichen Qualit\u00e4tsmerkmalen sollten Sie auch den Verwendungszweck fokussieren. F\u00fcr welche Anl\u00e4sse m\u00f6chten Sie den Tagesrucksack verwenden? Sollte er ein Freizeitrucksack f\u00fcr kleine Stadtbummeleien sein? Darf er seinen Nutzen als Wanderrucksack beweisen? Oder ist er f\u00fcr die Uni angedacht? Je nach Verwendung und Gelegenheit kommen verschiedene Rucksacktypen in Frage. M\u00f6chten Sie beispielsweise eine eint\u00e4gige Wandertour in den nahegelegenen Bergen unternehmen, ist ein kleiner Wanderrucksack die beste Wahl daf\u00fcr. Ben\u00f6tigen Sie hingegen einen praktischen Begleitern f\u00fcr den Alltag, eignet sich der City-Rucksack wom\u00f6glich am meisten. F\u00fcr den sicheren Transport Ihres Laptops hingegen ist eine Notebook-Tasche von Vorteil.<\/p>\n<figure id=\"attachment_29193\" aria-describedby=\"caption-attachment-29193\" style=\"width: 620px\" class=\"wp-caption aligncenter\"><img loading=\"lazy\" decoding=\"async\" class=\"wp-image-29193 size-full\" title=\"Bevor man sich einen Rucksack kauft, sollte man \u00fcberlegen, welchem Zweck er dienen soll\" src=\"https:\/\/www.textilwaren24.eu\/magazin\/wp-content\/uploads\/2022\/02\/rucksack-wandern.jpg\" alt=\"Frau mit Tagesrucksack zum Wandern\" width=\"620\" height=\"413\" srcset=\"https:\/\/www.textilwaren24.eu\/magazin\/wp-content\/uploads\/2022\/02\/rucksack-wandern.jpg 620w, https:\/\/www.textilwaren24.eu\/magazin\/wp-content\/uploads\/2022\/02\/rucksack-wandern-300x200.jpg 300w\" sizes=\"(max-width: 620px) 100vw, 620px\" \/><figcaption id=\"caption-attachment-29193\" class=\"wp-caption-text\">\u00a9 Maridav &#8211; stock.adobe.com<\/figcaption><\/figure>\n<h3><span class=\"ez-toc-section\" id=\"Praktischer_Alltagshelfer_der_City-Rucksack\"><\/span>Praktischer Alltagshelfer: der City-Rucksack<span class=\"ez-toc-section-end\"><\/span><\/h3>\n<p style=\"text-align: justify;\">Der so genannte City-Rucksack ist ein modisch gestalteter Tagesrucksack, der oft als Ersatz f\u00fcr eine Tragetasche, einen Aktenkoffer oder eine Handtasche eingesetzt wird. Es gibt sie in den unterschiedlichsten Farben, Gr\u00f6\u00dfen und Varianten.<\/p>\n<p style=\"text-align: justify;\">So treffen Sie beispielsweise mit dem Backpack &#8222;Kurier Eco&#8220; von Halfar eine gute Wahl, um Ihre wichtigen Dinge f\u00fcr einen St\u00e4dtetrip oder f\u00fcr den Wochenendbesuch bei Freunden einzupacken. Der Daypack bietet in seinem gro\u00dfen Innenraum gen\u00fcgen Platz f\u00fcr Hygieneprodukte, Kamera, eine Wasserflasche und Stadtkarten. Au\u00dferdem ist der Tagesrucksack mit einer praktischen Vordertasche ausgestattet, in der kleine <a href=\"https:\/\/www.textilwaren24.eu\/accessoires\">Accessoires<\/a>, Portmonee, Handy und Sonnenbrille Platz finden, ohne in einem gro\u00dfen Fach erst umst\u00e4ndlich herausgekramt zu werden.<\/p>\n<p><a href=\"https:\/\/www.textilwaren24.eu\/taschen-rucksaecke\/rucksaecke\/hf3908-halfar-backpack-kurier-eco-36317\"><img loading=\"lazy\" decoding=\"async\" class=\"aligncenter wp-image-29194\" title=\"Halfar Backpack Kurier Eco\" src=\"https:\/\/www.textilwaren24.eu\/magazin\/wp-content\/uploads\/2022\/02\/Halfar-Backpack-Kurier-Eco.jpg\" alt=\"Halfar Backpack Kurier Eco\" width=\"520\" height=\"520\" srcset=\"https:\/\/www.textilwaren24.eu\/magazin\/wp-content\/uploads\/2022\/02\/Halfar-Backpack-Kurier-Eco.jpg 620w, https:\/\/www.textilwaren24.eu\/magazin\/wp-content\/uploads\/2022\/02\/Halfar-Backpack-Kurier-Eco-300x300.jpg 300w, https:\/\/www.textilwaren24.eu\/magazin\/wp-content\/uploads\/2022\/02\/Halfar-Backpack-Kurier-Eco-150x150.jpg 150w\" sizes=\"(max-width: 520px) 100vw, 520px\" \/><\/a><\/p>\n<h3><span class=\"ez-toc-section\" id=\"Auf_dem_Weg_ins_Office_%E2%80%93_der_Notebook-Rucksack\"><\/span>Auf dem Weg ins Office \u2013 der Notebook-Rucksack<span class=\"ez-toc-section-end\"><\/span><\/h3>\n<p style=\"text-align: justify;\">Wer mit einem Laptop arbeitet oder das Ger\u00e4t f\u00fcr das Studium braucht, der kommt um einen Laptop-Rucksack nicht herum. Solche Tagesrucks\u00e4cke sind in ihrer Grundform so gestaltet, dass der mobile Computer problemlos hineinpasst. Sie sind zudem meist gepolstert, sodass das Ger\u00e4t vor Ersch\u00fctterungen und St\u00f6\u00dfen gesch\u00fctzt ist. Vor dem Kauf eines solchen Tagesrucksacks sollten Sie unbedingt testen, ob Ihr pers\u00f6nliches Notebook gut in den gew\u00fcnschten Artikel passt. Da es unterschiedliche Zoll-Gr\u00f6\u00dfen bei den Laptops gibt, ist nicht jeder Notebook-Rucksack gleich gut f\u00fcr Sie geeignet.<\/p>\n<p style=\"text-align: justify;\">Auch f\u00fcr den Transport von Laptop und Notebook liefert Halfar die L\u00f6sung: Der Notebook Daypack &#8222;Mission&#8220; \u00fcberzeugt mit einem ger\u00e4umigen Hauptfach, was in ein gepolstertes Notebookfach und ein zus\u00e4tzliches Fach f\u00fcr B\u00fccher, Dokumente und Stifte usw. eingeteilt ist. Diverse Nebenf\u00e4cher, Einsteckf\u00e4cher und eine ebenfalls gepolsterte Rei\u00dfverschluss-Vortasche erm\u00f6glichen das Verstauen von Ladekabel, Trinken, Taschent\u00fcchern &amp; Co. Zus\u00e4tzlich ist der Arbeits- und Unirucksack mit Handytasche und einem praktischen Schl\u00fcsselanh\u00e4nger ausgestattet.<\/p>\n<p><a href=\"https:\/\/www.textilwaren24.eu\/taschen-rucksaecke\/rucksaecke\/hf7798-halfar-notebook-backpack-mission-36363\"><img loading=\"lazy\" decoding=\"async\" class=\"aligncenter wp-image-29195 \" title=\"Halfar Notebook Backpack Mission\" src=\"https:\/\/www.textilwaren24.eu\/magazin\/wp-content\/uploads\/2022\/02\/Halfar-Notebook-Backpack-Mission.jpg\" alt=\"Halfar Notebook Backpack Mission\" width=\"345\" height=\"444\" srcset=\"https:\/\/www.textilwaren24.eu\/magazin\/wp-content\/uploads\/2022\/02\/Halfar-Notebook-Backpack-Mission.jpg 420w, https:\/\/www.textilwaren24.eu\/magazin\/wp-content\/uploads\/2022\/02\/Halfar-Notebook-Backpack-Mission-233x300.jpg 233w\" sizes=\"(max-width: 345px) 100vw, 345px\" \/><\/a><\/p>\n<h3><span class=\"ez-toc-section\" id=\"Outdoor-Rucksaecke_fuer_Abenteuerlustige\"><\/span>Outdoor-Rucks\u00e4cke f\u00fcr Abenteuerlustige<span class=\"ez-toc-section-end\"><\/span><\/h3>\n<p style=\"text-align: justify;\">F\u00fcr Tageswanderungen braucht es keine gro\u00dfen Trekkingrucks\u00e4cke. Vielmehr tut es ein einfacher Wanderrucksack, der mit seinem Volumen speziell f\u00fcr eint\u00e4gige Wandertouren ausgelegt und dabei gro\u00df genug ist, das Wichtigste zu verstauen.<\/p>\n<p style=\"text-align: justify;\">Der Tagesrucksack &#8222;Tour&#8220; von Halfar ist ein Rucksack, der f\u00fcr den Tagesausflug optimal geeignet ist: W\u00e4hrend im ger\u00e4umigen Hauptfach die wichtigsten Sachen ihren Platz haben, k\u00f6nnen in den Nebenf\u00e4chern und Netz-Seitentaschen wichtige Utensilien (z.B. Taschenmesser, Sonnenbrille, Sonnencreme und Kamera) sicher verr\u00e4umt werden. Der ergonomisch geformte R\u00fccken des Daypacks sowie die gut gepolsterten G\u00fcrte sorgen f\u00fcr einen hohen Tragekomfort, sodass Sie sich voll und ganz auf die wundersch\u00f6ne Natur w\u00e4hrend Ihrer Wanderung konzentrieren k\u00f6nnen.<\/p>\n<p><img loading=\"lazy\" decoding=\"async\" class=\"aligncenter wp-image-29196\" title=\"Halfar Backpack Tour\" src=\"https:\/\/www.textilwaren24.eu\/magazin\/wp-content\/uploads\/2022\/02\/Halfar-Backpack-Tour.jpg\" alt=\"Halfar Backpack Tour\" width=\"313\" height=\"402\" srcset=\"https:\/\/www.textilwaren24.eu\/magazin\/wp-content\/uploads\/2022\/02\/Halfar-Backpack-Tour.jpg 420w, https:\/\/www.textilwaren24.eu\/magazin\/wp-content\/uploads\/2022\/02\/Halfar-Backpack-Tour-233x300.jpg 233w\" sizes=\"(max-width: 313px) 100vw, 313px\" \/><\/p>\n","protected":false},"excerpt":{"rendered":"<p>\u00ab Begleiter f\u00fcr jede Ausfl\u00fcge, Schule und Arbeit \u00bb Raus aus dem Haus und auf in die Natur. Wenn die n\u00e4chste Tageswanderung ansteht, geh\u00f6ren Ersatzkleidung, Trinken und Brotzeit auf jeden Fall mit dazu. Und wo finden Sie Platz? Ganz klar im Tagesrucksack. Dieser sollte genug Stauraum bieten und einiges aushalten. Was der Daypack sonst noch &hellip;<\/p>\n","protected":false},"author":2,"featured_media":29197,"comment_status":"closed","ping_status":"open","sticky":false,"template":"","format":"standard","meta":{"footnotes":""},"categories":[7],"tags":[1548,272,2419,2420,2421,2418,271],"class_list":["post-29186","post","type-post","status-publish","format-standard","has-post-thumbnail","hentry","category-accessoires","tag-daypack","tag-rucksack","tag-rucksack-kaufen","tag-stadt-rucksack","tag-tagesausflug","tag-tagesrucksack","tag-wanderrucksack"],"yoast_head":"<!-- This site is optimized with the Yoast SEO plugin v25.6 - https:\/\/yoast.com\/wordpress\/plugins\/seo\/ -->\n<title>Der passende Tagesrucksack - Textilwaren Magazin<\/title>\n<meta name=\"description\" content=\"Das Textilwaren24 Magazin informiert: alles \u00fcber den hochwertige Tagesrucksack! \u2013 Backpacks f\u00fcr Studium und Arbeit \u2714 Stadtausfl\u00fcge \u2714 Wandertouren.\" \/>\n<meta name=\"robots\" content=\"index, follow, max-snippet:-1, max-image-preview:large, max-video-preview:-1\" \/>\n<link rel=\"canonical\" href=\"https:\/\/www.textilwaren24.eu\/magazin\/der-passende-tagesrucksack\/\" \/>\n<meta property=\"og:locale\" content=\"de_DE\" \/>\n<meta property=\"og:type\" content=\"article\" \/>\n<meta property=\"og:title\" content=\"Der passende Tagesrucksack - Textilwaren Magazin\" \/>\n<meta property=\"og:description\" content=\"Das Textilwaren24 Magazin informiert: alles \u00fcber den hochwertige Tagesrucksack! \u2013 Backpacks f\u00fcr Studium und Arbeit \u2714 Stadtausfl\u00fcge \u2714 Wandertouren.\" \/>\n<meta property=\"og:url\" content=\"https:\/\/www.textilwaren24.eu\/magazin\/der-passende-tagesrucksack\/\" \/>\n<meta property=\"og:site_name\" content=\"Textilwaren Magazin\" \/>\n<meta property=\"article:published_time\" content=\"2022-02-10T14:56:13+00:00\" \/>\n<meta property=\"article:modified_time\" content=\"2025-01-30T14:11:10+00:00\" \/>\n<meta property=\"og:image\" content=\"https:\/\/www.textilwaren24.eu\/magazin\/wp-content\/uploads\/2022\/02\/tagesrucksack.jpg\" \/>\n\t<meta property=\"og:image:width\" content=\"660\" \/>\n\t<meta property=\"og:image:height\" content=\"371\" \/>\n\t<meta property=\"og:image:type\" content=\"image\/jpeg\" \/>\n<meta name=\"author\" content=\"admin\" \/>\n<meta name=\"twitter:card\" content=\"summary_large_image\" \/>\n<meta name=\"twitter:label1\" content=\"Verfasst von\" \/>\n\t<meta name=\"twitter:data1\" content=\"admin\" \/>\n\t<meta name=\"twitter:label2\" content=\"Gesch\u00e4tzte Lesezeit\" \/>\n\t<meta name=\"twitter:data2\" content=\"6\u00a0Minuten\" \/>\n<script type=\"application\/ld+json\" class=\"yoast-schema-graph\">{\"@context\":\"https:\/\/schema.org\",\"@graph\":[{\"@type\":\"WebPage\",\"@id\":\"https:\/\/www.textilwaren24.eu\/magazin\/der-passende-tagesrucksack\/\",\"url\":\"https:\/\/www.textilwaren24.eu\/magazin\/der-passende-tagesrucksack\/\",\"name\":\"Der passende Tagesrucksack - Textilwaren Magazin\",\"isPartOf\":{\"@id\":\"https:\/\/www.textilwaren24.eu\/magazin\/#website\"},\"primaryImageOfPage\":{\"@id\":\"https:\/\/www.textilwaren24.eu\/magazin\/der-passende-tagesrucksack\/#primaryimage\"},\"image\":{\"@id\":\"https:\/\/www.textilwaren24.eu\/magazin\/der-passende-tagesrucksack\/#primaryimage\"},\"thumbnailUrl\":\"https:\/\/www.textilwaren24.eu\/magazin\/wp-content\/uploads\/2022\/02\/tagesrucksack.jpg\",\"datePublished\":\"2022-02-10T14:56:13+00:00\",\"dateModified\":\"2025-01-30T14:11:10+00:00\",\"author\":{\"@id\":\"https:\/\/www.textilwaren24.eu\/magazin\/#\/schema\/person\/9c4e510f1296cc7c4a90e209f49f38b4\"},\"description\":\"Das Textilwaren24 Magazin informiert: alles \u00fcber den hochwertige Tagesrucksack! \u2013 Backpacks f\u00fcr Studium und Arbeit \u2714 Stadtausfl\u00fcge \u2714 Wandertouren.\",\"breadcrumb\":{\"@id\":\"https:\/\/www.textilwaren24.eu\/magazin\/der-passende-tagesrucksack\/#breadcrumb\"},\"inLanguage\":\"de\",\"potentialAction\":[{\"@type\":\"ReadAction\",\"target\":[\"https:\/\/www.textilwaren24.eu\/magazin\/der-passende-tagesrucksack\/\"]}]},{\"@type\":\"ImageObject\",\"inLanguage\":\"de\",\"@id\":\"https:\/\/www.textilwaren24.eu\/magazin\/der-passende-tagesrucksack\/#primaryimage\",\"url\":\"https:\/\/www.textilwaren24.eu\/magazin\/wp-content\/uploads\/2022\/02\/tagesrucksack.jpg\",\"contentUrl\":\"https:\/\/www.textilwaren24.eu\/magazin\/wp-content\/uploads\/2022\/02\/tagesrucksack.jpg\",\"width\":660,\"height\":371,\"caption\":\"\u00a9 LIGHTFIELD STUDIOS - stock.adobe.com\"},{\"@type\":\"BreadcrumbList\",\"@id\":\"https:\/\/www.textilwaren24.eu\/magazin\/der-passende-tagesrucksack\/#breadcrumb\",\"itemListElement\":[{\"@type\":\"ListItem\",\"position\":1,\"name\":\"Home\",\"item\":\"https:\/\/www.textilwaren24.eu\/magazin\/\"},{\"@type\":\"ListItem\",\"position\":2,\"name\":\"Der passende Tagesrucksack\"}]},{\"@type\":\"WebSite\",\"@id\":\"https:\/\/www.textilwaren24.eu\/magazin\/#website\",\"url\":\"https:\/\/www.textilwaren24.eu\/magazin\/\",\"name\":\"Textilwaren Magazin\",\"description\":\"\",\"potentialAction\":[{\"@type\":\"SearchAction\",\"target\":{\"@type\":\"EntryPoint\",\"urlTemplate\":\"https:\/\/www.textilwaren24.eu\/magazin\/?s={search_term_string}\"},\"query-input\":{\"@type\":\"PropertyValueSpecification\",\"valueRequired\":true,\"valueName\":\"search_term_string\"}}],\"inLanguage\":\"de\"},{\"@type\":\"Person\",\"@id\":\"https:\/\/www.textilwaren24.eu\/magazin\/#\/schema\/person\/9c4e510f1296cc7c4a90e209f49f38b4\",\"name\":\"admin\",\"image\":{\"@type\":\"ImageObject\",\"inLanguage\":\"de\",\"@id\":\"https:\/\/www.textilwaren24.eu\/magazin\/#\/schema\/person\/image\/\",\"url\":\"https:\/\/secure.gravatar.com\/avatar\/a794a4fe8a9b9c52241597eb381dfa2e?s=96&d=mm&r=g\",\"contentUrl\":\"https:\/\/secure.gravatar.com\/avatar\/a794a4fe8a9b9c52241597eb381dfa2e?s=96&d=mm&r=g\",\"caption\":\"admin\"}}]}<\/script>\n<!-- \/ Yoast SEO plugin. -->","yoast_head_json":{"title":"Der passende Tagesrucksack - Textilwaren Magazin","description":"Das Textilwaren24 Magazin informiert: alles \u00fcber den hochwertige Tagesrucksack! \u2013 Backpacks f\u00fcr Studium und Arbeit \u2714 Stadtausfl\u00fcge \u2714 Wandertouren.","robots":{"index":"index","follow":"follow","max-snippet":"max-snippet:-1","max-image-preview":"max-image-preview:large","max-video-preview":"max-video-preview:-1"},"canonical":"https:\/\/www.textilwaren24.eu\/magazin\/der-passende-tagesrucksack\/","og_locale":"de_DE","og_type":"article","og_title":"Der passende Tagesrucksack - Textilwaren Magazin","og_description":"Das Textilwaren24 Magazin informiert: alles \u00fcber den hochwertige Tagesrucksack! \u2013 Backpacks f\u00fcr Studium und Arbeit \u2714 Stadtausfl\u00fcge \u2714 Wandertouren.","og_url":"https:\/\/www.textilwaren24.eu\/magazin\/der-passende-tagesrucksack\/","og_site_name":"Textilwaren Magazin","article_published_time":"2022-02-10T14:56:13+00:00","article_modified_time":"2025-01-30T14:11:10+00:00","og_image":[{"width":660,"height":371,"url":"https:\/\/www.textilwaren24.eu\/magazin\/wp-content\/uploads\/2022\/02\/tagesrucksack.jpg","type":"image\/jpeg"}],"author":"admin","twitter_card":"summary_large_image","twitter_misc":{"Verfasst von":"admin","Gesch\u00e4tzte Lesezeit":"6\u00a0Minuten"},"schema":{"@context":"https:\/\/schema.org","@graph":[{"@type":"WebPage","@id":"https:\/\/www.textilwaren24.eu\/magazin\/der-passende-tagesrucksack\/","url":"https:\/\/www.textilwaren24.eu\/magazin\/der-passende-tagesrucksack\/","name":"Der passende Tagesrucksack - Textilwaren Magazin","isPartOf":{"@id":"https:\/\/www.textilwaren24.eu\/magazin\/#website"},"primaryImageOfPage":{"@id":"https:\/\/www.textilwaren24.eu\/magazin\/der-passende-tagesrucksack\/#primaryimage"},"image":{"@id":"https:\/\/www.textilwaren24.eu\/magazin\/der-passende-tagesrucksack\/#primaryimage"},"thumbnailUrl":"https:\/\/www.textilwaren24.eu\/magazin\/wp-content\/uploads\/2022\/02\/tagesrucksack.jpg","datePublished":"2022-02-10T14:56:13+00:00","dateModified":"2025-01-30T14:11:10+00:00","author":{"@id":"https:\/\/www.textilwaren24.eu\/magazin\/#\/schema\/person\/9c4e510f1296cc7c4a90e209f49f38b4"},"description":"Das Textilwaren24 Magazin informiert: alles \u00fcber den hochwertige Tagesrucksack! \u2013 Backpacks f\u00fcr Studium und Arbeit \u2714 Stadtausfl\u00fcge \u2714 Wandertouren.","breadcrumb":{"@id":"https:\/\/www.textilwaren24.eu\/magazin\/der-passende-tagesrucksack\/#breadcrumb"},"inLanguage":"de","potentialAction":[{"@type":"ReadAction","target":["https:\/\/www.textilwaren24.eu\/magazin\/der-passende-tagesrucksack\/"]}]},{"@type":"ImageObject","inLanguage":"de","@id":"https:\/\/www.textilwaren24.eu\/magazin\/der-passende-tagesrucksack\/#primaryimage","url":"https:\/\/www.textilwaren24.eu\/magazin\/wp-content\/uploads\/2022\/02\/tagesrucksack.jpg","contentUrl":"https:\/\/www.textilwaren24.eu\/magazin\/wp-content\/uploads\/2022\/02\/tagesrucksack.jpg","width":660,"height":371,"caption":"\u00a9 LIGHTFIELD STUDIOS - stock.adobe.com"},{"@type":"BreadcrumbList","@id":"https:\/\/www.textilwaren24.eu\/magazin\/der-passende-tagesrucksack\/#breadcrumb","itemListElement":[{"@type":"ListItem","position":1,"name":"Home","item":"https:\/\/www.textilwaren24.eu\/magazin\/"},{"@type":"ListItem","position":2,"name":"Der passende Tagesrucksack"}]},{"@type":"WebSite","@id":"https:\/\/www.textilwaren24.eu\/magazin\/#website","url":"https:\/\/www.textilwaren24.eu\/magazin\/","name":"Textilwaren Magazin","description":"","potentialAction":[{"@type":"SearchAction","target":{"@type":"EntryPoint","urlTemplate":"https:\/\/www.textilwaren24.eu\/magazin\/?s={search_term_string}"},"query-input":{"@type":"PropertyValueSpecification","valueRequired":true,"valueName":"search_term_string"}}],"inLanguage":"de"},{"@type":"Person","@id":"https:\/\/www.textilwaren24.eu\/magazin\/#\/schema\/person\/9c4e510f1296cc7c4a90e209f49f38b4","name":"admin","image":{"@type":"ImageObject","inLanguage":"de","@id":"https:\/\/www.textilwaren24.eu\/magazin\/#\/schema\/person\/image\/","url":"https:\/\/secure.gravatar.com\/avatar\/a794a4fe8a9b9c52241597eb381dfa2e?s=96&d=mm&r=g","contentUrl":"https:\/\/secure.gravatar.com\/avatar\/a794a4fe8a9b9c52241597eb381dfa2e?s=96&d=mm&r=g","caption":"admin"}}]}},"_links":{"self":[{"href":"https:\/\/www.textilwaren24.eu\/magazin\/wp-json\/wp\/v2\/posts\/29186"}],"collection":[{"href":"https:\/\/www.textilwaren24.eu\/magazin\/wp-json\/wp\/v2\/posts"}],"about":[{"href":"https:\/\/www.textilwaren24.eu\/magazin\/wp-json\/wp\/v2\/types\/post"}],"author":[{"embeddable":true,"href":"https:\/\/www.textilwaren24.eu\/magazin\/wp-json\/wp\/v2\/users\/2"}],"replies":[{"embeddable":true,"href":"https:\/\/www.textilwaren24.eu\/magazin\/wp-json\/wp\/v2\/comments?post=29186"}],"version-history":[{"count":2,"href":"https:\/\/www.textilwaren24.eu\/magazin\/wp-json\/wp\/v2\/posts\/29186\/revisions"}],"predecessor-version":[{"id":35250,"href":"https:\/\/www.textilwaren24.eu\/magazin\/wp-json\/wp\/v2\/posts\/29186\/revisions\/35250"}],"wp:featuredmedia":[{"embeddable":true,"href":"https:\/\/www.textilwaren24.eu\/magazin\/wp-json\/wp\/v2\/media\/29197"}],"wp:attachment":[{"href":"https:\/\/www.textilwaren24.eu\/magazin\/wp-json\/wp\/v2\/media?parent=29186"}],"wp:term":[{"taxonomy":"category","embeddable":true,"href":"https:\/\/www.textilwaren24.eu\/magazin\/wp-json\/wp\/v2\/categories?post=29186"},{"taxonomy":"post_tag","embeddable":true,"href":"https:\/\/www.textilwaren24.eu\/magazin\/wp-json\/wp\/v2\/tags?post=29186"}],"curies":[{"name":"wp","href":"https:\/\/api.w.org\/{rel}","templated":true}]}}