{"id":33761,"date":"2024-03-26T09:10:41","date_gmt":"2024-03-26T08:10:41","guid":{"rendered":"https:\/\/www.textilwaren24.eu\/magazin\/?p=33761"},"modified":"2024-03-26T09:24:02","modified_gmt":"2024-03-26T08:24:02","slug":"diese-roecke-tragen-wir-im-fruehling","status":"publish","type":"post","link":"https:\/\/www.textilwaren24.eu\/magazin\/diese-roecke-tragen-wir-im-fruehling\/","title":{"rendered":"Diese R\u00f6cke tragen wir im Fr\u00fchling"},"content":{"rendered":"<div id=\"ez-toc-container\" class=\"ez-toc-v2_0_77 ez-toc-wrap-center counter-hierarchy ez-toc-counter ez-toc-grey ez-toc-container-direction\">\n<div class=\"ez-toc-title-container\">\n<p class=\"ez-toc-title\" style=\"cursor:inherit\">Inhaltsverzeichnis<\/p>\n<span class=\"ez-toc-title-toggle\"><a href=\"#\" class=\"ez-toc-pull-right ez-toc-btn ez-toc-btn-xs ez-toc-btn-default ez-toc-toggle\" aria-label=\"Toggle Table of Content\"><span class=\"ez-toc-js-icon-con\"><span class=\"\"><span class=\"eztoc-hide\" style=\"display:none;\">Toggle<\/span><span class=\"ez-toc-icon-toggle-span\"><svg style=\"fill: #999;color:#999\" xmlns=\"http:\/\/www.w3.org\/2000\/svg\" class=\"list-377408\" width=\"20px\" height=\"20px\" viewBox=\"0 0 24 24\" fill=\"none\"><path d=\"M6 6H4v2h2V6zm14 0H8v2h12V6zM4 11h2v2H4v-2zm16 0H8v2h12v-2zM4 16h2v2H4v-2zm16 0H8v2h12v-2z\" fill=\"currentColor\"><\/path><\/svg><svg style=\"fill: #999;color:#999\" class=\"arrow-unsorted-368013\" xmlns=\"http:\/\/www.w3.org\/2000\/svg\" width=\"10px\" height=\"10px\" viewBox=\"0 0 24 24\" version=\"1.2\" baseProfile=\"tiny\"><path d=\"M18.2 9.3l-6.2-6.3-6.2 6.3c-.2.2-.3.4-.3.7s.1.5.3.7c.2.2.4.3.7.3h11c.3 0 .5-.1.7-.3.2-.2.3-.5.3-.7s-.1-.5-.3-.7zM5.8 14.7l6.2 6.3 6.2-6.3c.2-.2.3-.5.3-.7s-.1-.5-.3-.7c-.2-.2-.4-.3-.7-.3h-11c-.3 0-.5.1-.7.3-.2.2-.3.5-.3.7s.1.5.3.7z\"\/><\/svg><\/span><\/span><\/span><\/a><\/span><\/div>\n<nav><ul class='ez-toc-list ez-toc-list-level-1 ' ><li class='ez-toc-page-1 ez-toc-heading-level-2'><a class=\"ez-toc-link ez-toc-heading-1\" href=\"https:\/\/www.textilwaren24.eu\/magazin\/diese-roecke-tragen-wir-im-fruehling\/#%C2%AB_Tipps_fuer_einen_angesagten_Style_im_Fruehling_%C2%BB\" >\u00ab Tipps f\u00fcr einen angesagten Style im Fr\u00fchling \u00bb<\/a><\/li><li class='ez-toc-page-1 ez-toc-heading-level-2'><a class=\"ez-toc-link ez-toc-heading-2\" href=\"https:\/\/www.textilwaren24.eu\/magazin\/diese-roecke-tragen-wir-im-fruehling\/#Fruehling_frischer_Wind_im_Kleiderschrank\" >Fr\u00fchling: frischer Wind im Kleiderschrank<\/a><\/li><li class='ez-toc-page-1 ez-toc-heading-level-2'><a class=\"ez-toc-link ez-toc-heading-3\" href=\"https:\/\/www.textilwaren24.eu\/magazin\/diese-roecke-tragen-wir-im-fruehling\/#Maxi_liegt_im_Trend_Mini_bleibt\" >Maxi liegt im Trend, Mini bleibt<\/a><\/li><li class='ez-toc-page-1 ez-toc-heading-level-2'><a class=\"ez-toc-link ez-toc-heading-4\" href=\"https:\/\/www.textilwaren24.eu\/magazin\/diese-roecke-tragen-wir-im-fruehling\/#Die_angesagtesten_Roecke_fuer_den_Fruehling_2024\" >Die angesagtesten R\u00f6cke f\u00fcr den Fr\u00fchling 2024<\/a><ul class='ez-toc-list-level-3' ><li class='ez-toc-heading-level-3'><a class=\"ez-toc-link ez-toc-heading-5\" href=\"https:\/\/www.textilwaren24.eu\/magazin\/diese-roecke-tragen-wir-im-fruehling\/#1_Jeansroecke\" >1. Jeansr\u00f6cke:<\/a><\/li><li class='ez-toc-page-1 ez-toc-heading-level-3'><a class=\"ez-toc-link ez-toc-heading-6\" href=\"https:\/\/www.textilwaren24.eu\/magazin\/diese-roecke-tragen-wir-im-fruehling\/#2_Spitzenroecke\" >2. Spitzenr\u00f6cke:<\/a><\/li><li class='ez-toc-page-1 ez-toc-heading-level-3'><a class=\"ez-toc-link ez-toc-heading-7\" href=\"https:\/\/www.textilwaren24.eu\/magazin\/diese-roecke-tragen-wir-im-fruehling\/#3_Faltenroecke\" >3. Faltenr\u00f6cke:<\/a><\/li><li class='ez-toc-page-1 ez-toc-heading-level-3'><a class=\"ez-toc-link ez-toc-heading-8\" href=\"https:\/\/www.textilwaren24.eu\/magazin\/diese-roecke-tragen-wir-im-fruehling\/#4_Satinroecke\" >4. Satinr\u00f6cke:<\/a><\/li><li class='ez-toc-page-1 ez-toc-heading-level-3'><a class=\"ez-toc-link ez-toc-heading-9\" href=\"https:\/\/www.textilwaren24.eu\/magazin\/diese-roecke-tragen-wir-im-fruehling\/#5_Transparente_Roecke\" >5. Transparente R\u00f6cke:<\/a><\/li><\/ul><\/li><li class='ez-toc-page-1 ez-toc-heading-level-2'><a class=\"ez-toc-link ez-toc-heading-10\" href=\"https:\/\/www.textilwaren24.eu\/magazin\/diese-roecke-tragen-wir-im-fruehling\/#Das_bleibt_im_Fruehling_2024_im_Schrank\" >Das bleibt im Fr\u00fchling 2024 im Schrank<\/a><\/li><\/ul><\/nav><\/div>\n<h2><span class=\"ez-toc-section\" id=\"%C2%AB_Tipps_fuer_einen_angesagten_Style_im_Fruehling_%C2%BB\"><\/span>\u00ab Tipps f\u00fcr einen angesagten Style im Fr\u00fchling \u00bb<span class=\"ez-toc-section-end\"><\/span><\/h2>\n<p style=\"text-align: justify;\"><strong>Sobald uns die ersten Sonnenstrahlen wieder ins Freie locken und es langsam, aber sicher immer w\u00e4rmer wird, haben wir auch Lust auf ein paar neue Klamotten im Schrank und auf einen trendigen Look, der gute Laune macht. Wir zeigen, welche R\u00f6cke im Fr\u00fchling getragen werden und haben Vorschl\u00e4ge, wie sich Maxi-Rock aus Denim, Faltenrock und Co. am besten kombinieren lassen.<\/strong><\/p>\n<h2><span class=\"ez-toc-section\" id=\"Fruehling_frischer_Wind_im_Kleiderschrank\"><\/span>Fr\u00fchling: frischer Wind im Kleiderschrank<span class=\"ez-toc-section-end\"><\/span><\/h2>\n<p style=\"text-align: justify;\">Lange genug haben wir uns dick eingepackt mit M\u00fctze, Schal und Handschuhen. Und statt luftiger Kleidung geh\u00f6rten <a href=\"https:\/\/www.textilwaren24.eu\/hosen-shorts\/hosen-shorts-damen\">Jeans oder warme Stoffhosen<\/a> zu unseren t\u00e4glichen Begleitern. Diese k\u00f6nnen jetzt nach und nach Kleidern und R\u00f6cken Platz machen. Wie sch\u00f6n, so ein umsortierter Kleiderschrank \u2013 da passt die Laune doch schon morgens bei der Wahl der Klamotten zur Jahreszeit. Ein Rock ist dabei ein wirklich ideales Kleidungsst\u00fcck f\u00fcr den Fr\u00fchling. Ist es morgens noch frisch, halten ein dazu getragener Pulli oder eine leichte Jacke ausreichend warm. Steigen die Temperaturen im Laufe des Tages, passt im Fr\u00fchling eine farblich abgestimmte Bluse ebenso gut wie ein Shirt.<\/p>\n<figure id=\"attachment_33768\" aria-describedby=\"caption-attachment-33768\" style=\"width: 620px\" class=\"wp-caption aligncenter\"><img loading=\"lazy\" decoding=\"async\" class=\"wp-image-33768 size-full\" title=\"Sobald die Temperaturen etwas steigen, geh\u00f6ren R\u00f6cke wieder zu den popul\u00e4ren Trendpieces\" src=\"https:\/\/www.textilwaren24.eu\/magazin\/wp-content\/uploads\/2026\/03\/Junge-Frau-in-gelbem-Sommerrock.jpg\" alt=\"Junge-Frau-in-gelbem-Sommerrock\" width=\"620\" height=\"379\" srcset=\"https:\/\/www.textilwaren24.eu\/magazin\/wp-content\/uploads\/2026\/03\/Junge-Frau-in-gelbem-Sommerrock.jpg 620w, https:\/\/www.textilwaren24.eu\/magazin\/wp-content\/uploads\/2026\/03\/Junge-Frau-in-gelbem-Sommerrock-300x183.jpg 300w\" sizes=\"(max-width: 620px) 100vw, 620px\" \/><figcaption id=\"caption-attachment-33768\" class=\"wp-caption-text\">\u00a9 iuricazac &#8211; stock.adobe.com<\/figcaption><\/figure>\n<h2><span class=\"ez-toc-section\" id=\"Maxi_liegt_im_Trend_Mini_bleibt\"><\/span>Maxi liegt im Trend, Mini bleibt<span class=\"ez-toc-section-end\"><\/span><\/h2>\n<p style=\"text-align: justify;\">Absolut im Trend sind in dieser Fr\u00fchlingssaison lange R\u00f6cke. Der Maxi-Rock wird zu allen Anl\u00e4ssen von Freizeit \u00fcber B\u00fcro bis Abendveranstaltung getragen \u2013 konsequenterweise finden sich solche Modelle also aus ganz unterschiedlichen Stoffen von Denim \u00fcber Leder bis hin zu Satin und Spitze in den Regalen und Onlineshops.<\/p>\n<p style=\"text-align: justify;\">Aber keine Sorge: Alle, die gerne Bein zeigen und kurze R\u00f6cke lieben, wird es freuen, dass auch Minir\u00f6cke nach wie vor getragen werden \u2013 in dieser Saison gerne mit Stiefeln, die die Beine so richtig in Szene setzen.<\/p>\n<p><a href=\"https:\/\/www.textilwaren24.eu\/hemden-blusen\/business-roecke-hosen\/nb3168-neoblu-damen-rock-constance-49854\"><img loading=\"lazy\" decoding=\"async\" class=\"aligncenter wp-image-33777 size-full\" title=\"NB3168 NEOBLU Damen Rock Constance\" src=\"https:\/\/www.textilwaren24.eu\/magazin\/wp-content\/uploads\/2026\/03\/nb3168-neoblu-damen-rock-constance-49854.jpg\" alt=\"NB3168 NEOBLU Damen Rock Constance\" width=\"600\" height=\"610\" srcset=\"https:\/\/www.textilwaren24.eu\/magazin\/wp-content\/uploads\/2026\/03\/nb3168-neoblu-damen-rock-constance-49854.jpg 600w, https:\/\/www.textilwaren24.eu\/magazin\/wp-content\/uploads\/2026\/03\/nb3168-neoblu-damen-rock-constance-49854-295x300.jpg 295w\" sizes=\"(max-width: 600px) 100vw, 600px\" \/><\/a><\/p>\n<h2><span class=\"ez-toc-section\" id=\"Die_angesagtesten_Roecke_fuer_den_Fruehling_2024\"><\/span>Die angesagtesten R\u00f6cke f\u00fcr den Fr\u00fchling 2024<span class=\"ez-toc-section-end\"><\/span><\/h2>\n<p style=\"text-align: justify;\">Lassen Sie sich von unseren Vorschl\u00e4ge, wie Sie einen modischen Look schaffen und im Fr\u00fchling 2024 einen Rock so kombinieren, dass Sie alle Blicke auf sich ziehen, inspirieren. Toll: F\u00fcr viele Kombinationen m\u00fcssen nicht unz\u00e4hlige neue Kleidungsst\u00fccke angeschafft werden, sondern die Basics aus dem Kleiderschrank lassen sich ganz neu und immer wieder anders in Szene setzen.<\/p>\n<h3><span class=\"ez-toc-section\" id=\"1_Jeansroecke\"><\/span>1. Jeansr\u00f6cke:<span class=\"ez-toc-section-end\"><\/span><\/h3>\n<p style=\"text-align: justify;\">Wer liebt Denim nicht? Neben den klassischen Hosen aus dem strapazierf\u00e4higen Stoff geh\u00f6rt in diesem Fr\u00fchling auch ein Denim Rock in den Kleiderschrank. Vor allem lange Jeansr\u00f6cke werden \u00fcberall zu sehen sein. Nicht nur, dass es nicht schwierig ist, so einen Damenrock zu kombinieren und modisch zu stylen \u2013 er kann auch im Sommer mit luftigen Sandalen und sogar im Herbst mit dicken Str\u00fcmpfen und Stiefeln weiterhin getragen werden. Der Maxi-Rock aus Jeansstoff hat modisch die Nase ganz weit vorn, vor allem, wenn er mit einem Schlitz bis zum Knie daherkommt. Und das nicht nur im klassischen Jeansblau, sondern in dem fr\u00fchlingshaften Farbton Wei\u00df oder in einem hellen Beige. Das Styling ist so einfach wie cool: Zum Denim Rock passen am besten <a href=\"https:\/\/www.textilwaren24.eu\/t-shirts\/basic-t-shirts-fuer-sie-und-ihn\">schlichte T-Shirts<\/a>, auch <a href=\"https:\/\/www.textilwaren24.eu\/hemden-blusen\/blazer-sakkos-westen\">weit geschnittene Blazer<\/a> sind gute Partner.<\/p>\n<figure id=\"attachment_33770\" aria-describedby=\"caption-attachment-33770\" style=\"width: 620px\" class=\"wp-caption aligncenter\"><img loading=\"lazy\" decoding=\"async\" class=\"wp-image-33770 size-full\" title=\"Jeansr\u00f6cke sind und bleiben ein Klassiker, der in vielen Kombinationen getragen werden kann\" src=\"https:\/\/www.textilwaren24.eu\/magazin\/wp-content\/uploads\/2026\/03\/Junge-Frau-Jeansrock.jpg\" alt=\"Junge Frau mit Jeans Rock\" width=\"620\" height=\"413\" srcset=\"https:\/\/www.textilwaren24.eu\/magazin\/wp-content\/uploads\/2026\/03\/Junge-Frau-Jeansrock.jpg 620w, https:\/\/www.textilwaren24.eu\/magazin\/wp-content\/uploads\/2026\/03\/Junge-Frau-Jeansrock-300x200.jpg 300w\" sizes=\"(max-width: 620px) 100vw, 620px\" \/><figcaption id=\"caption-attachment-33770\" class=\"wp-caption-text\">\u00a9 NesolenayaAleksandra &#8211; stock.adobe.com<\/figcaption><\/figure>\n<h3><span class=\"ez-toc-section\" id=\"2_Spitzenroecke\"><\/span>2. Spitzenr\u00f6cke:<span class=\"ez-toc-section-end\"><\/span><\/h3>\n<p style=\"text-align: justify;\">Im Fr\u00fchling 2024 wird es romantisch \u2013 ein Spitzenrock kommt da genau richtig. Was so seit einigen Jahren bei gro\u00dfen Designern zu sehen ist, hat nun auch seinen Weg in die Mode gefunden, die jeden Tag tragbar und, seien wir ehrlich, auch bezahlbar ist. H\u00e4ufig wird ein Spitzenrock zu eher feierlichen Anl\u00e4ssen getragen, meist in Schwarz und mit eleganten Pumps. Er macht sich aber auch in der Freizeit gut, wenn er ganz casual gestylt wird. Unser Vorschlag: Spitzenr\u00f6cke kombiniert mit einem schlichten Shirt oder Crop Top, dazu eine kastige Jeansjacke und farblich passende Sneaker. So kann der Fr\u00fchling definitiv kommen!<\/p>\n<figure id=\"attachment_33800\" aria-describedby=\"caption-attachment-33800\" style=\"width: 620px\" class=\"wp-caption aligncenter\"><img loading=\"lazy\" decoding=\"async\" class=\"wp-image-33800 size-full\" title=\"Die Rockvariante mit Spitze ist oftmals elegant bis sexy\" src=\"https:\/\/www.textilwaren24.eu\/magazin\/wp-content\/uploads\/2026\/03\/Junge-Frau-Spitzenrock.jpg\" alt=\"Junge-Frau-Spitzenrock\" width=\"620\" height=\"413\" srcset=\"https:\/\/www.textilwaren24.eu\/magazin\/wp-content\/uploads\/2026\/03\/Junge-Frau-Spitzenrock.jpg 620w, https:\/\/www.textilwaren24.eu\/magazin\/wp-content\/uploads\/2026\/03\/Junge-Frau-Spitzenrock-300x200.jpg 300w\" sizes=\"(max-width: 620px) 100vw, 620px\" \/><figcaption id=\"caption-attachment-33800\" class=\"wp-caption-text\">\u00a9 neonshot &#8211; stock.adobe.com<\/figcaption><\/figure>\n<h3><span class=\"ez-toc-section\" id=\"3_Faltenroecke\"><\/span>3. Faltenr\u00f6cke:<span class=\"ez-toc-section-end\"><\/span><\/h3>\n<p style=\"text-align: justify;\">Kennen Sie noch von Ihrer Oma? Nat\u00fcrlich sieht ein Faltenrock im Fr\u00fchling 2024 anders aus \u2013 ein K\u00f6rnchen Wahrheit steckt aber sicher in der Weisheit, dass alles, was als spie\u00dfig verschrieen war, irgendwann mal absolut modern wird. Nun ist also der Faltenrock an der Reihe, genauer gesagt sind es Modelle mit Kellerfalten, die jetzt so angesagt sind. Bei einer Kellerfalte handelt es sich um eine tiefe, \u00e4u\u00dferst dekorative Falte, die innen liegt und durch eine bestimmte N\u00e4htechnik entsteht. So f\u00e4llt der Stoff ganz besonders sch\u00f6n.<\/p>\n<p style=\"text-align: justify;\">Es gibt Faltenr\u00f6cke mit einer einzigen Kellerfalte vorne, momentan liegen aber Modelle, die rundum Kellerfalten haben, besonders im Trend. Und das sowohl in kurz als auch in lang sowie in unterschiedlichen Materialien von Baumwolle bis hin zu Tweed, da ist sicher f\u00fcr jeden Geschmack der richtige Faltenrock dabei. Auch hier gilt, dass schlichte Basics perfekt sind, um sie mit so einem Damenrock zu kombinieren. Wer sich f\u00fcr einen Faltenrock aus besonders kr\u00e4ftigem Stoff entscheidet, kann dazu klobige Boots tragen, alternativ passen f\u00fcr alle, die den Preppy Style m\u00f6gen, auch klassische Loafer (mit Socken!) sehr gut zu einem der angesagten Kellerfaltenr\u00f6cke.<\/p>\n<figure id=\"attachment_33772\" aria-describedby=\"caption-attachment-33772\" style=\"width: 620px\" class=\"wp-caption aligncenter\"><img loading=\"lazy\" decoding=\"async\" class=\"wp-image-33772 size-full\" title=\"Faltenr\u00f6cke sind variabel und k\u00f6nnen selbst mit Sneakern zu einem eleganten Sommeroutfit kombiniert werden\" src=\"https:\/\/www.textilwaren24.eu\/magazin\/wp-content\/uploads\/2026\/03\/Junge-Frau-rosa-Rock.jpg\" alt=\"Junge-Frau-rosa-Rock\" width=\"620\" height=\"413\" srcset=\"https:\/\/www.textilwaren24.eu\/magazin\/wp-content\/uploads\/2026\/03\/Junge-Frau-rosa-Rock.jpg 620w, https:\/\/www.textilwaren24.eu\/magazin\/wp-content\/uploads\/2026\/03\/Junge-Frau-rosa-Rock-300x200.jpg 300w\" sizes=\"(max-width: 620px) 100vw, 620px\" \/><figcaption id=\"caption-attachment-33772\" class=\"wp-caption-text\">\u00a9 \u0414\u0435\u043d\u0438\u0441 \u0411\u0443\u0445\u043b\u0430\u0435\u0432 &#8211; stock.adobe.com<\/figcaption><\/figure>\n<h3><span class=\"ez-toc-section\" id=\"4_Satinroecke\"><\/span>4. Satinr\u00f6cke:<span class=\"ez-toc-section-end\"><\/span><\/h3>\n<p style=\"text-align: justify;\">Flie\u00dfend und luftig: diese Attribute passen perfekt zu dem sinnlichen Material Satin. Was wir haupts\u00e4chlich aus dem Bereich der Nachtw\u00e4sche kennen, erobert nun endg\u00fcltig die Stra\u00dfen: Satinr\u00f6cke, die schon im Winter zu sehen waren, d\u00fcrfen im Fr\u00fchling in keinem Kleiderschrank mehr fehlen und werden nicht nur elegant, sondern auch casual und bequem gestylt. In hellen Farben passt Satin besonders sch\u00f6n in die Jahreszeit und wirkt frisch und gepflegt.<\/p>\n<h3><span class=\"ez-toc-section\" id=\"5_Transparente_Roecke\"><\/span>5. Transparente R\u00f6cke:<span class=\"ez-toc-section-end\"><\/span><\/h3>\n<p style=\"text-align: justify;\">Ein bisschen Inspiration aus den 1990er-Jahren gef\u00e4llig? Dann nichts wie her mit transparenten R\u00f6cken, die eine zarte Silhouette zaubern. Solche Modelle sind in aller Regel bis unter die H\u00fcfte mit einem blickdichten Stoff unterlegt, sodass weder Unterw\u00e4sche noch zu viel Haut durchscheinen. Alternativ kann ein Unterkleid darunter getragen werden oder, besonders bei sehr jungen Frauen angesagt, enge Shorts. Um so einen Rock zu kombinieren, gilt wie so oft die Devise &#8222;Weniger ist mehr&#8220;. Am besten passen schlichte Basics wie T-Shirts oder eine <a href=\"https:\/\/www.textilwaren24.eu\/hemden-blusen\/hemden-blusen\">klassische wei\u00dfe Bluse<\/a>. Ist es noch k\u00fchl, komplettiert ein Blazer das Outfit. So entsteht ein eleganter, aber trotzdem legerer Look, der in den Alltag im Fr\u00fchling passt.<\/p>\n<figure id=\"attachment_33775\" aria-describedby=\"caption-attachment-33775\" style=\"width: 620px\" class=\"wp-caption aligncenter\"><img loading=\"lazy\" decoding=\"async\" class=\"wp-image-33775 size-full\" title=\"F\u00fcr die transparente Version des Rockes ist etwas Mut gefordert \" src=\"https:\/\/www.textilwaren24.eu\/magazin\/wp-content\/uploads\/2026\/03\/Junge-Frau-transparenter-Rock.jpg\" alt=\"Junge-Frau-transparenter-Rock\" width=\"620\" height=\"411\" srcset=\"https:\/\/www.textilwaren24.eu\/magazin\/wp-content\/uploads\/2026\/03\/Junge-Frau-transparenter-Rock.jpg 620w, https:\/\/www.textilwaren24.eu\/magazin\/wp-content\/uploads\/2026\/03\/Junge-Frau-transparenter-Rock-300x199.jpg 300w, https:\/\/www.textilwaren24.eu\/magazin\/wp-content\/uploads\/2026\/03\/Junge-Frau-transparenter-Rock-310x205.jpg 310w\" sizes=\"(max-width: 620px) 100vw, 620px\" \/><figcaption id=\"caption-attachment-33775\" class=\"wp-caption-text\">\u00a9 producer &#8211; stock.adobe.com<\/figcaption><\/figure>\n<h2><span class=\"ez-toc-section\" id=\"Das_bleibt_im_Fruehling_2024_im_Schrank\"><\/span>Das bleibt im Fr\u00fchling 2024 im Schrank<span class=\"ez-toc-section-end\"><\/span><\/h2>\n<p style=\"text-align: justify;\">Die in den vergangenen Jahren so angesagte Workwear ist in dieser Saison pass\u00e9. Vor allem ein Damenrock im Cargo-Stil mit aufgesetzten Taschen hat nun modisch erstmal Pause und weicht den romantischeren Modellen aus Spitze und Seide, die bei allen Modeliebhaberinnen ganz hoch im Kurs stehen. Auch der klassische Plisseerock liegt momentan weniger im Trend. Das kann sich aber, so zeigt die Erfahrung aus den vergangenen Jahren, ganz schnell wieder \u00e4ndern.<\/p>\n","protected":false},"excerpt":{"rendered":"<p>\u00ab Tipps f\u00fcr einen angesagten Style im Fr\u00fchling \u00bb Sobald uns die ersten Sonnenstrahlen wieder ins Freie locken und es langsam, aber sicher immer w\u00e4rmer wird, haben wir auch Lust auf ein paar neue Klamotten im Schrank und auf einen trendigen Look, der gute Laune macht. Wir zeigen, welche R\u00f6cke im Fr\u00fchling getragen werden und &hellip;<\/p>\n","protected":false},"author":2,"featured_media":33766,"comment_status":"closed","ping_status":"open","sticky":false,"template":"","format":"standard","meta":{"footnotes":""},"categories":[1],"tags":[3228,3224,3226,1995,32,3229,3225,3227,3230],"class_list":["post-33761","post","type-post","status-publish","format-standard","has-post-thumbnail","hentry","category-fashion","tag-faltenroecke","tag-fruehlingskleidung","tag-jeansrock","tag-minirock","tag-roecke","tag-satinroecke","tag-sommerliche-kleidung","tag-spitzenroecke","tag-transparente-roecke"],"yoast_head":"<!-- This site is optimized with the Yoast SEO plugin v25.6 - https:\/\/yoast.com\/wordpress\/plugins\/seo\/ -->\n<title>Diese R\u00f6cke tragen wir im Fr\u00fchling - Textilwaren Magazin<\/title>\n<meta name=\"description\" content=\"Welche R\u00f6cke sind im Fr\u00fchling angesagt? \u2714 Alles zu Maxi-R\u00f6cken, Denim-R\u00f6cken und zur Frage, ob Spitzenr\u00f6cke im Trend sind | textilwaren24.eu\" \/>\n<meta name=\"robots\" content=\"index, follow, max-snippet:-1, max-image-preview:large, max-video-preview:-1\" \/>\n<link rel=\"canonical\" href=\"https:\/\/www.textilwaren24.eu\/magazin\/diese-roecke-tragen-wir-im-fruehling\/\" \/>\n<meta property=\"og:locale\" content=\"de_DE\" \/>\n<meta property=\"og:type\" content=\"article\" \/>\n<meta property=\"og:title\" content=\"Diese R\u00f6cke tragen wir im Fr\u00fchling - Textilwaren Magazin\" \/>\n<meta property=\"og:description\" content=\"Welche R\u00f6cke sind im Fr\u00fchling angesagt? \u2714 Alles zu Maxi-R\u00f6cken, Denim-R\u00f6cken und zur Frage, ob Spitzenr\u00f6cke im Trend sind | textilwaren24.eu\" \/>\n<meta property=\"og:url\" content=\"https:\/\/www.textilwaren24.eu\/magazin\/diese-roecke-tragen-wir-im-fruehling\/\" \/>\n<meta property=\"og:site_name\" content=\"Textilwaren Magazin\" \/>\n<meta property=\"article:published_time\" content=\"2024-03-26T08:10:41+00:00\" \/>\n<meta property=\"article:modified_time\" content=\"2024-03-26T08:24:02+00:00\" \/>\n<meta property=\"og:image\" content=\"https:\/\/www.textilwaren24.eu\/magazin\/wp-content\/uploads\/2026\/03\/Junge-Frau-Sommer-Jeans-Rock-2.jpg\" \/>\n\t<meta property=\"og:image:width\" content=\"660\" \/>\n\t<meta property=\"og:image:height\" content=\"341\" \/>\n\t<meta property=\"og:image:type\" content=\"image\/jpeg\" \/>\n<meta name=\"author\" content=\"admin\" \/>\n<meta name=\"twitter:card\" content=\"summary_large_image\" \/>\n<meta name=\"twitter:label1\" content=\"Verfasst von\" \/>\n\t<meta name=\"twitter:data1\" content=\"admin\" \/>\n\t<meta name=\"twitter:label2\" content=\"Gesch\u00e4tzte Lesezeit\" \/>\n\t<meta name=\"twitter:data2\" content=\"8\u00a0Minuten\" \/>\n<script type=\"application\/ld+json\" class=\"yoast-schema-graph\">{\"@context\":\"https:\/\/schema.org\",\"@graph\":[{\"@type\":\"WebPage\",\"@id\":\"https:\/\/www.textilwaren24.eu\/magazin\/diese-roecke-tragen-wir-im-fruehling\/\",\"url\":\"https:\/\/www.textilwaren24.eu\/magazin\/diese-roecke-tragen-wir-im-fruehling\/\",\"name\":\"Diese R\u00f6cke tragen wir im Fr\u00fchling - Textilwaren Magazin\",\"isPartOf\":{\"@id\":\"https:\/\/www.textilwaren24.eu\/magazin\/#website\"},\"primaryImageOfPage\":{\"@id\":\"https:\/\/www.textilwaren24.eu\/magazin\/diese-roecke-tragen-wir-im-fruehling\/#primaryimage\"},\"image\":{\"@id\":\"https:\/\/www.textilwaren24.eu\/magazin\/diese-roecke-tragen-wir-im-fruehling\/#primaryimage\"},\"thumbnailUrl\":\"https:\/\/www.textilwaren24.eu\/magazin\/wp-content\/uploads\/2026\/03\/Junge-Frau-Sommer-Jeans-Rock-2.jpg\",\"datePublished\":\"2024-03-26T08:10:41+00:00\",\"dateModified\":\"2024-03-26T08:24:02+00:00\",\"author\":{\"@id\":\"https:\/\/www.textilwaren24.eu\/magazin\/#\/schema\/person\/9c4e510f1296cc7c4a90e209f49f38b4\"},\"description\":\"Welche R\u00f6cke sind im Fr\u00fchling angesagt? \u2714 Alles zu Maxi-R\u00f6cken, Denim-R\u00f6cken und zur Frage, ob Spitzenr\u00f6cke im Trend sind | textilwaren24.eu\",\"breadcrumb\":{\"@id\":\"https:\/\/www.textilwaren24.eu\/magazin\/diese-roecke-tragen-wir-im-fruehling\/#breadcrumb\"},\"inLanguage\":\"de\",\"potentialAction\":[{\"@type\":\"ReadAction\",\"target\":[\"https:\/\/www.textilwaren24.eu\/magazin\/diese-roecke-tragen-wir-im-fruehling\/\"]}]},{\"@type\":\"ImageObject\",\"inLanguage\":\"de\",\"@id\":\"https:\/\/www.textilwaren24.eu\/magazin\/diese-roecke-tragen-wir-im-fruehling\/#primaryimage\",\"url\":\"https:\/\/www.textilwaren24.eu\/magazin\/wp-content\/uploads\/2026\/03\/Junge-Frau-Sommer-Jeans-Rock-2.jpg\",\"contentUrl\":\"https:\/\/www.textilwaren24.eu\/magazin\/wp-content\/uploads\/2026\/03\/Junge-Frau-Sommer-Jeans-Rock-2.jpg\",\"width\":660,\"height\":341,\"caption\":\"\u00a9 papa - stock.adobe.com\"},{\"@type\":\"BreadcrumbList\",\"@id\":\"https:\/\/www.textilwaren24.eu\/magazin\/diese-roecke-tragen-wir-im-fruehling\/#breadcrumb\",\"itemListElement\":[{\"@type\":\"ListItem\",\"position\":1,\"name\":\"Home\",\"item\":\"https:\/\/www.textilwaren24.eu\/magazin\/\"},{\"@type\":\"ListItem\",\"position\":2,\"name\":\"Diese R\u00f6cke tragen wir im Fr\u00fchling\"}]},{\"@type\":\"WebSite\",\"@id\":\"https:\/\/www.textilwaren24.eu\/magazin\/#website\",\"url\":\"https:\/\/www.textilwaren24.eu\/magazin\/\",\"name\":\"Textilwaren Magazin\",\"description\":\"\",\"potentialAction\":[{\"@type\":\"SearchAction\",\"target\":{\"@type\":\"EntryPoint\",\"urlTemplate\":\"https:\/\/www.textilwaren24.eu\/magazin\/?s={search_term_string}\"},\"query-input\":{\"@type\":\"PropertyValueSpecification\",\"valueRequired\":true,\"valueName\":\"search_term_string\"}}],\"inLanguage\":\"de\"},{\"@type\":\"Person\",\"@id\":\"https:\/\/www.textilwaren24.eu\/magazin\/#\/schema\/person\/9c4e510f1296cc7c4a90e209f49f38b4\",\"name\":\"admin\",\"image\":{\"@type\":\"ImageObject\",\"inLanguage\":\"de\",\"@id\":\"https:\/\/www.textilwaren24.eu\/magazin\/#\/schema\/person\/image\/\",\"url\":\"https:\/\/secure.gravatar.com\/avatar\/a794a4fe8a9b9c52241597eb381dfa2e?s=96&d=mm&r=g\",\"contentUrl\":\"https:\/\/secure.gravatar.com\/avatar\/a794a4fe8a9b9c52241597eb381dfa2e?s=96&d=mm&r=g\",\"caption\":\"admin\"}}]}<\/script>\n<!-- \/ Yoast SEO plugin. -->","yoast_head_json":{"title":"Diese R\u00f6cke tragen wir im Fr\u00fchling - Textilwaren Magazin","description":"Welche R\u00f6cke sind im Fr\u00fchling angesagt? \u2714 Alles zu Maxi-R\u00f6cken, Denim-R\u00f6cken und zur Frage, ob Spitzenr\u00f6cke im Trend sind | textilwaren24.eu","robots":{"index":"index","follow":"follow","max-snippet":"max-snippet:-1","max-image-preview":"max-image-preview:large","max-video-preview":"max-video-preview:-1"},"canonical":"https:\/\/www.textilwaren24.eu\/magazin\/diese-roecke-tragen-wir-im-fruehling\/","og_locale":"de_DE","og_type":"article","og_title":"Diese R\u00f6cke tragen wir im Fr\u00fchling - Textilwaren Magazin","og_description":"Welche R\u00f6cke sind im Fr\u00fchling angesagt? \u2714 Alles zu Maxi-R\u00f6cken, Denim-R\u00f6cken und zur Frage, ob Spitzenr\u00f6cke im Trend sind | textilwaren24.eu","og_url":"https:\/\/www.textilwaren24.eu\/magazin\/diese-roecke-tragen-wir-im-fruehling\/","og_site_name":"Textilwaren Magazin","article_published_time":"2024-03-26T08:10:41+00:00","article_modified_time":"2024-03-26T08:24:02+00:00","og_image":[{"width":660,"height":341,"url":"https:\/\/www.textilwaren24.eu\/magazin\/wp-content\/uploads\/2026\/03\/Junge-Frau-Sommer-Jeans-Rock-2.jpg","type":"image\/jpeg"}],"author":"admin","twitter_card":"summary_large_image","twitter_misc":{"Verfasst von":"admin","Gesch\u00e4tzte Lesezeit":"8\u00a0Minuten"},"schema":{"@context":"https:\/\/schema.org","@graph":[{"@type":"WebPage","@id":"https:\/\/www.textilwaren24.eu\/magazin\/diese-roecke-tragen-wir-im-fruehling\/","url":"https:\/\/www.textilwaren24.eu\/magazin\/diese-roecke-tragen-wir-im-fruehling\/","name":"Diese R\u00f6cke tragen wir im Fr\u00fchling - Textilwaren Magazin","isPartOf":{"@id":"https:\/\/www.textilwaren24.eu\/magazin\/#website"},"primaryImageOfPage":{"@id":"https:\/\/www.textilwaren24.eu\/magazin\/diese-roecke-tragen-wir-im-fruehling\/#primaryimage"},"image":{"@id":"https:\/\/www.textilwaren24.eu\/magazin\/diese-roecke-tragen-wir-im-fruehling\/#primaryimage"},"thumbnailUrl":"https:\/\/www.textilwaren24.eu\/magazin\/wp-content\/uploads\/2026\/03\/Junge-Frau-Sommer-Jeans-Rock-2.jpg","datePublished":"2024-03-26T08:10:41+00:00","dateModified":"2024-03-26T08:24:02+00:00","author":{"@id":"https:\/\/www.textilwaren24.eu\/magazin\/#\/schema\/person\/9c4e510f1296cc7c4a90e209f49f38b4"},"description":"Welche R\u00f6cke sind im Fr\u00fchling angesagt? \u2714 Alles zu Maxi-R\u00f6cken, Denim-R\u00f6cken und zur Frage, ob Spitzenr\u00f6cke im Trend sind | textilwaren24.eu","breadcrumb":{"@id":"https:\/\/www.textilwaren24.eu\/magazin\/diese-roecke-tragen-wir-im-fruehling\/#breadcrumb"},"inLanguage":"de","potentialAction":[{"@type":"ReadAction","target":["https:\/\/www.textilwaren24.eu\/magazin\/diese-roecke-tragen-wir-im-fruehling\/"]}]},{"@type":"ImageObject","inLanguage":"de","@id":"https:\/\/www.textilwaren24.eu\/magazin\/diese-roecke-tragen-wir-im-fruehling\/#primaryimage","url":"https:\/\/www.textilwaren24.eu\/magazin\/wp-content\/uploads\/2026\/03\/Junge-Frau-Sommer-Jeans-Rock-2.jpg","contentUrl":"https:\/\/www.textilwaren24.eu\/magazin\/wp-content\/uploads\/2026\/03\/Junge-Frau-Sommer-Jeans-Rock-2.jpg","width":660,"height":341,"caption":"\u00a9 papa - stock.adobe.com"},{"@type":"BreadcrumbList","@id":"https:\/\/www.textilwaren24.eu\/magazin\/diese-roecke-tragen-wir-im-fruehling\/#breadcrumb","itemListElement":[{"@type":"ListItem","position":1,"name":"Home","item":"https:\/\/www.textilwaren24.eu\/magazin\/"},{"@type":"ListItem","position":2,"name":"Diese R\u00f6cke tragen wir im Fr\u00fchling"}]},{"@type":"WebSite","@id":"https:\/\/www.textilwaren24.eu\/magazin\/#website","url":"https:\/\/www.textilwaren24.eu\/magazin\/","name":"Textilwaren Magazin","description":"","potentialAction":[{"@type":"SearchAction","target":{"@type":"EntryPoint","urlTemplate":"https:\/\/www.textilwaren24.eu\/magazin\/?s={search_term_string}"},"query-input":{"@type":"PropertyValueSpecification","valueRequired":true,"valueName":"search_term_string"}}],"inLanguage":"de"},{"@type":"Person","@id":"https:\/\/www.textilwaren24.eu\/magazin\/#\/schema\/person\/9c4e510f1296cc7c4a90e209f49f38b4","name":"admin","image":{"@type":"ImageObject","inLanguage":"de","@id":"https:\/\/www.textilwaren24.eu\/magazin\/#\/schema\/person\/image\/","url":"https:\/\/secure.gravatar.com\/avatar\/a794a4fe8a9b9c52241597eb381dfa2e?s=96&d=mm&r=g","contentUrl":"https:\/\/secure.gravatar.com\/avatar\/a794a4fe8a9b9c52241597eb381dfa2e?s=96&d=mm&r=g","caption":"admin"}}]}},"_links":{"self":[{"href":"https:\/\/www.textilwaren24.eu\/magazin\/wp-json\/wp\/v2\/posts\/33761"}],"collection":[{"href":"https:\/\/www.textilwaren24.eu\/magazin\/wp-json\/wp\/v2\/posts"}],"about":[{"href":"https:\/\/www.textilwaren24.eu\/magazin\/wp-json\/wp\/v2\/types\/post"}],"author":[{"embeddable":true,"href":"https:\/\/www.textilwaren24.eu\/magazin\/wp-json\/wp\/v2\/users\/2"}],"replies":[{"embeddable":true,"href":"https:\/\/www.textilwaren24.eu\/magazin\/wp-json\/wp\/v2\/comments?post=33761"}],"version-history":[{"count":18,"href":"https:\/\/www.textilwaren24.eu\/magazin\/wp-json\/wp\/v2\/posts\/33761\/revisions"}],"predecessor-version":[{"id":33808,"href":"https:\/\/www.textilwaren24.eu\/magazin\/wp-json\/wp\/v2\/posts\/33761\/revisions\/33808"}],"wp:featuredmedia":[{"embeddable":true,"href":"https:\/\/www.textilwaren24.eu\/magazin\/wp-json\/wp\/v2\/media\/33766"}],"wp:attachment":[{"href":"https:\/\/www.textilwaren24.eu\/magazin\/wp-json\/wp\/v2\/media?parent=33761"}],"wp:term":[{"taxonomy":"category","embeddable":true,"href":"https:\/\/www.textilwaren24.eu\/magazin\/wp-json\/wp\/v2\/categories?post=33761"},{"taxonomy":"post_tag","embeddable":true,"href":"https:\/\/www.textilwaren24.eu\/magazin\/wp-json\/wp\/v2\/tags?post=33761"}],"curies":[{"name":"wp","href":"https:\/\/api.w.org\/{rel}","templated":true}]}}