{"id":46,"date":"2016-04-08T08:31:14","date_gmt":"2016-04-08T06:31:14","guid":{"rendered":"http:\/\/www.textilwaren24.eu\/magazin\/?p=46"},"modified":"2018-05-09T10:13:19","modified_gmt":"2018-05-09T08:13:19","slug":"bunte-bandanas","status":"publish","type":"post","link":"https:\/\/www.textilwaren24.eu\/magazin\/bunte-bandanas\/","title":{"rendered":"Bunte Bandanas"},"content":{"rendered":"<div id=\"ez-toc-container\" class=\"ez-toc-v2_0_77 ez-toc-wrap-center counter-hierarchy ez-toc-counter ez-toc-grey ez-toc-container-direction\">\n<div class=\"ez-toc-title-container\">\n<p class=\"ez-toc-title\" style=\"cursor:inherit\">Inhaltsverzeichnis<\/p>\n<span class=\"ez-toc-title-toggle\"><a href=\"#\" class=\"ez-toc-pull-right ez-toc-btn ez-toc-btn-xs ez-toc-btn-default ez-toc-toggle\" aria-label=\"Toggle Table of Content\"><span class=\"ez-toc-js-icon-con\"><span class=\"\"><span class=\"eztoc-hide\" style=\"display:none;\">Toggle<\/span><span class=\"ez-toc-icon-toggle-span\"><svg style=\"fill: #999;color:#999\" xmlns=\"http:\/\/www.w3.org\/2000\/svg\" class=\"list-377408\" width=\"20px\" height=\"20px\" viewBox=\"0 0 24 24\" fill=\"none\"><path d=\"M6 6H4v2h2V6zm14 0H8v2h12V6zM4 11h2v2H4v-2zm16 0H8v2h12v-2zM4 16h2v2H4v-2zm16 0H8v2h12v-2z\" fill=\"currentColor\"><\/path><\/svg><svg style=\"fill: #999;color:#999\" class=\"arrow-unsorted-368013\" xmlns=\"http:\/\/www.w3.org\/2000\/svg\" width=\"10px\" height=\"10px\" viewBox=\"0 0 24 24\" version=\"1.2\" baseProfile=\"tiny\"><path d=\"M18.2 9.3l-6.2-6.3-6.2 6.3c-.2.2-.3.4-.3.7s.1.5.3.7c.2.2.4.3.7.3h11c.3 0 .5-.1.7-.3.2-.2.3-.5.3-.7s-.1-.5-.3-.7zM5.8 14.7l6.2 6.3 6.2-6.3c.2-.2.3-.5.3-.7s-.1-.5-.3-.7c-.2-.2-.4-.3-.7-.3h-11c-.3 0-.5.1-.7.3-.2.2-.3.5-.3.7s.1.5.3.7z\"\/><\/svg><\/span><\/span><\/span><\/a><\/span><\/div>\n<nav><ul class='ez-toc-list ez-toc-list-level-1 ' ><li class='ez-toc-page-1 ez-toc-heading-level-2'><a class=\"ez-toc-link ez-toc-heading-1\" href=\"https:\/\/www.textilwaren24.eu\/magazin\/bunte-bandanas\/#%C2%ABBunte_Bandanas_und_der_Sommer_kann_kommen%C2%BB\" >\u00abBunte Bandanas und der Sommer kann kommen\u00bb<\/a><\/li><li class='ez-toc-page-1 ez-toc-heading-level-2'><a class=\"ez-toc-link ez-toc-heading-2\" href=\"https:\/\/www.textilwaren24.eu\/magazin\/bunte-bandanas\/#Kopfbedeckung_mit_langer_Geschichte\" >Kopfbedeckung mit langer Geschichte<\/a><\/li><li class='ez-toc-page-1 ez-toc-heading-level-2'><a class=\"ez-toc-link ez-toc-heading-3\" href=\"https:\/\/www.textilwaren24.eu\/magazin\/bunte-bandanas\/#Angesagte_Materialien_und_Drucke\" >Angesagte Materialien und Drucke<\/a><\/li><li class='ez-toc-page-1 ez-toc-heading-level-2'><a class=\"ez-toc-link ez-toc-heading-4\" href=\"https:\/\/www.textilwaren24.eu\/magazin\/bunte-bandanas\/#Bandanas_Extrem_legerer_Sommerlook_fuer_Damen_und_Herren\" >Bandanas: Extrem legerer Sommerlook f\u00fcr Damen und Herren<\/a><\/li><li class='ez-toc-page-1 ez-toc-heading-level-2'><a class=\"ez-toc-link ez-toc-heading-5\" href=\"https:\/\/www.textilwaren24.eu\/magazin\/bunte-bandanas\/#Klassische_Rockabilly-Frisuren\" >Klassische Rockabilly-Frisuren<\/a><\/li><li class='ez-toc-page-1 ez-toc-heading-level-2'><a class=\"ez-toc-link ez-toc-heading-6\" href=\"https:\/\/www.textilwaren24.eu\/magazin\/bunte-bandanas\/#Laessige_Frisuren_mit_dem_Bandana\" >L\u00e4ssige Frisuren mit dem Bandana<\/a><\/li><li class='ez-toc-page-1 ez-toc-heading-level-2'><a class=\"ez-toc-link ez-toc-heading-7\" href=\"https:\/\/www.textilwaren24.eu\/magazin\/bunte-bandanas\/#Farbenfrohe_Flechtfrisuren\" >Farbenfrohe Flechtfrisuren<\/a><\/li><li class='ez-toc-page-1 ez-toc-heading-level-2'><a class=\"ez-toc-link ez-toc-heading-8\" href=\"https:\/\/www.textilwaren24.eu\/magazin\/bunte-bandanas\/#Es_geht_auch_ganz_klassisch_Das_Bandana_als_Halstuch\" >Es geht auch ganz klassisch: Das Bandana als Halstuch<\/a><\/li><\/ul><\/nav><\/div>\n<h2><span class=\"ez-toc-section\" id=\"%C2%ABBunte_Bandanas_und_der_Sommer_kann_kommen%C2%BB\"><\/span>\u00abBunte Bandanas und der Sommer kann kommen\u00bb<span class=\"ez-toc-section-end\"><\/span><\/h2>\n<p style=\"text-align: justify;\"><strong>Quadratisch, praktisch, trendstark \u2013 so l\u00e4sst sich das Bandana mit wenigen Worten beschreiben. Kein Wunder also, dass uns dieses coole und vielseitige Accessoire im Modesommer 2016 \u00fcberall begegnet. L\u00e4ssig um den Kopf geschlungen, als elegantes Halstuch oder farbenfroher Armschmuck ist dieses Tuch ein unverzichtbares Statement-Piece, mit dem sich Trendsetter wie Rihanna, Lady Gaga oder Zendaya schm\u00fccken. Das Tollste an diesem Tuch ist aber zweifelsohne, dass es wirklich jedem auf irgendeine Weise steht und viele Outfits auf einfache aber stylische Art aufwertet. <\/strong><\/p>\n<h2><span class=\"ez-toc-section\" id=\"Kopfbedeckung_mit_langer_Geschichte\"><\/span>Kopfbedeckung mit langer Geschichte<span class=\"ez-toc-section-end\"><\/span><\/h2>\n<figure id=\"attachment_60\" aria-describedby=\"caption-attachment-60\" style=\"width: 250px\" class=\"wp-caption alignleft\"><img loading=\"lazy\" decoding=\"async\" class=\"wp-image-60 size-full\" src=\"https:\/\/www.textilwaren24.eu\/magazin\/wp-content\/uploads\/2016\/04\/American-Woman-by-Holley-Swegle.jpg\" alt=\"American Woman by Holley Swegle\" width=\"250\" height=\"375\" srcset=\"https:\/\/www.textilwaren24.eu\/magazin\/wp-content\/uploads\/2016\/04\/American-Woman-by-Holley-Swegle.jpg 250w, https:\/\/www.textilwaren24.eu\/magazin\/wp-content\/uploads\/2016\/04\/American-Woman-by-Holley-Swegle-200x300.jpg 200w\" sizes=\"(max-width: 250px) 100vw, 250px\" \/><figcaption id=\"caption-attachment-60\" class=\"wp-caption-text\">@wikipedia \u2013 Benzoyl<\/figcaption><\/figure>\n<p style=\"text-align: justify;\">Das Wort Bandana kommt aus dem Hindi, bedeutet \u00fcbersetzt schlicht &#8222;binden&#8220; und steht damit f\u00fcr die eigentliche Funktion des kleinen Tuches. Urspr\u00fcnglich wurde das quadratische Kopftuch als Untertuch des Hidschabs, dem Schleier moslemischer Frauen, getragen und verbarg die in die Stirn fallenden Haare. Als Markenzeichen von Piraten, Cowboys, Bikern und Hippies schrieb das kleine Tuch Geschichte. In den 50er Jahren b\u00e4ndigten die damals liebevoll als Nickit\u00fccher bezeichneten Bandanas fr\u00f6hlich wippende Pferdeschwanzfrisuren und gaben gro\u00dfz\u00fcgig geformten Stirntollen den n\u00f6tigen Halt. L\u00e4ssige Bandanas auf dem Kopf, markante Lederjacken und abgewetzte Jeans stehen f\u00fcr den markanten Biker-Look, der wohl nie aus der Mode kommen wird. Doch das tolle Halstuch l\u00e4sst sich auch elegant stylen und komplettiert das klassische Business-Outfit aus Blazer und Bluse auf stilvolle Weise.<\/p>\n<h2><span class=\"ez-toc-section\" id=\"Angesagte_Materialien_und_Drucke\"><\/span>Angesagte Materialien und Drucke<span class=\"ez-toc-section-end\"><\/span><\/h2>\n<p style=\"text-align: justify;\">Meist bestehen Bandanas aus Baumwolle, da sich dieses Material sehr gut falten l\u00e4sst und sicher im Haar h\u00e4lt. Zarte Seiden-Bandanas bestechen durch ihren attraktiven Glanz und verkn\u00fcpfen edlen Schick mit gewollter L\u00e4ssigkeit. Neben tollen Prints in kontrastreichen T\u00f6nen und fantasievollen Paisley-Drucken erhalten Sie die T\u00fccher in allen Farben des Regenbogens, sodass Ihrer modischen Kreativit\u00e4t keine Grenzen gesetzt sind. Gefaltet wird das Bandana entweder zu einem gro\u00dfen Dreieck oder, von der Spitze des Trigons ausgehend, zu einem Haarband beliebiger Breite.<\/p>\n<p><a href=\"https:\/\/www.textilwaren24.eu\/capsmuetzen\/bandanas\/at351-atlantis-bandana-long\"><img loading=\"lazy\" decoding=\"async\" class=\"alignleft wp-image-80 size-full\" title=\"Atlantis Bandana Long aus 100% Baumwolle - AT351\" src=\"https:\/\/www.textilwaren24.eu\/magazin\/wp-content\/uploads\/2016\/04\/Bandana-Baumwolle.jpg\" alt=\"Bandana Baumwolle\" width=\"270\" height=\"347\" srcset=\"https:\/\/www.textilwaren24.eu\/magazin\/wp-content\/uploads\/2016\/04\/Bandana-Baumwolle.jpg 270w, https:\/\/www.textilwaren24.eu\/magazin\/wp-content\/uploads\/2016\/04\/Bandana-Baumwolle-233x300.jpg 233w\" sizes=\"(max-width: 270px) 100vw, 270px\" \/><\/a><\/p>\n<h2><span class=\"ez-toc-section\" id=\"Bandanas_Extrem_legerer_Sommerlook_fuer_Damen_und_Herren\"><\/span>Bandanas: Extrem legerer Sommerlook f\u00fcr Damen und Herren<span class=\"ez-toc-section-end\"><\/span><\/h2>\n<p style=\"text-align: justify;\">Bandanas sind der optimale Sonnenschutz beim Beach-Volleyball, auf Festivals und bei allen sommerlichen Freizeitaktivit\u00e4ten. Das Baumwollmaterial des Kopftuches klimatisiert angenehm, weshalb viele Extremsportler bei anstrengenden Aktivit\u00e4ten auf Bandanas zur\u00fcckgreifen. Basis f\u00fcr das klassische Bandana Corsair ist ein Tuch mit den Ma\u00dfen vierzig mal vierzig oder f\u00fcnfzig mal f\u00fcnfzig Zentimeter. Es sollte bevorzugt aus Baumwolle sein, damit es sich gut an den Kopf anschmiegt. Das Kopftuch mit der rechten Seite nach au\u00dfen zum Dreieck falten. Bandana mit der Spitze nach vorne um den Kopf legen und im Nacken verknoten. Zun\u00e4chst nur die Oberseite straff nach hinten ziehen. Das vordere Ende fest verdrehen bis das Tuch sehr eng am Kopf anliegt. Dieses Ende zur Seite legen und das Kopftuch \u00fcber der Stirn ein wenig hochrollen, um den Zipfel zu fixieren. Hinteres Ende je nach Vorliebe einschlagen oder unter dem Knoten durchziehen.<\/p>\n<figure id=\"attachment_99\" aria-describedby=\"caption-attachment-99\" style=\"width: 270px\" class=\"wp-caption alignright\"><img loading=\"lazy\" decoding=\"async\" class=\"wp-image-99 size-full\" title=\"Rockabilly-Frisur mit Bandana\" src=\"https:\/\/www.textilwaren24.eu\/magazin\/wp-content\/uploads\/2016\/04\/Rockabilly-Frisur-Bandana.jpg\" alt=\"Rockabilly Frisur Bandana\" width=\"270\" height=\"405\" srcset=\"https:\/\/www.textilwaren24.eu\/magazin\/wp-content\/uploads\/2016\/04\/Rockabilly-Frisur-Bandana.jpg 270w, https:\/\/www.textilwaren24.eu\/magazin\/wp-content\/uploads\/2016\/04\/Rockabilly-Frisur-Bandana-200x300.jpg 200w\" sizes=\"(max-width: 270px) 100vw, 270px\" \/><figcaption id=\"caption-attachment-99\" class=\"wp-caption-text\">\u00a9 sashr \/ Fotolia.com<\/figcaption><\/figure>\n<h2><span class=\"ez-toc-section\" id=\"Klassische_Rockabilly-Frisuren\"><\/span>Klassische Rockabilly-Frisuren<span class=\"ez-toc-section-end\"><\/span><\/h2>\n<p style=\"text-align: justify;\">Rockabilly-Frisuren sind Kreationen der 50er Jahre des vergangenen Jahrhunderts und passen perfekt zu figurbetonter, femininer Mode, l\u00e4ssigen Jeansjacken und T-Shirts. F\u00fcr den authentischen Style werden die Bandanas zu einem breiten Band gefaltet und mit einem auff\u00e4lligen Knoten auf dem Oberkopf gebunden. Die T\u00fccher dienen als Haarschmuck und fixieren gleichzeitig die Frisur. Der hintere Teil der Haare wird zu einem hoch angesetzten Pferdeschwanz zusammengefasst oder stark antoupiert. Die Stirnpartie sollte ebenfalls viel Volumen haben. Hierf\u00fcr werden die einzelnen Haarstr\u00e4hnen am Ansatz toupiert, mit Haarspray bespr\u00fcht, zu einer gro\u00dfen Tolle nach innen aufgerollt und mit Haarspangen festgesteckt. Das zum Band gefaltete Bandana verdeckt den \u00dcbergang zwischen Tolle und Pferdeschwanz. Auf dem Oberkopf oder leicht seitlich versetzt wird der Knoten mit breit auseinander gezogenen Enden platziert. Haben Sie das Problem, dass das Bandana immer wieder verrutscht, k\u00f6nnen Sie in Omas Trickkiste greifen. Unsere Gro\u00dfm\u00fctter falteten das Tuch um ein St\u00fcck Blumendraht, das dem Kopftuch mehr Halt verleiht. Bei dieser Variante gen\u00fcgt es, wenn Sie die Enden des Tuches auf dem Oberkopf zweimal miteinander verdrehen. Ein leuchtend roter Erdbeermund und der weit \u00fcber das Auge hinausgezogene Lidstrich runden dieses zeitlos elegante Styling ab.<\/p>\n<h2><span class=\"ez-toc-section\" id=\"Laessige_Frisuren_mit_dem_Bandana\"><\/span><a href=\"https:\/\/www.textilwaren24.eu\/capsmuetzen\/bandanas\/at354-atlantis-freedom-basic-band\"><img loading=\"lazy\" decoding=\"async\" class=\"alignright wp-image-89 size-full\" title=\"Atlantis Freedom Basic Band aus 100% Polyester - AT354\" src=\"https:\/\/www.textilwaren24.eu\/magazin\/wp-content\/uploads\/2016\/04\/Bandana-Polyester.jpg\" alt=\"Bandana Polyester\" width=\"270\" height=\"347\" srcset=\"https:\/\/www.textilwaren24.eu\/magazin\/wp-content\/uploads\/2016\/04\/Bandana-Polyester.jpg 270w, https:\/\/www.textilwaren24.eu\/magazin\/wp-content\/uploads\/2016\/04\/Bandana-Polyester-233x300.jpg 233w\" sizes=\"(max-width: 270px) 100vw, 270px\" \/><\/a>L\u00e4ssige Frisuren mit dem Bandana<span class=\"ez-toc-section-end\"><\/span><\/h2>\n<p style=\"text-align: justify;\">Victoria&#8217;s Secret-Engel Candice Swanepoel zeigt sich immer wieder mit einer klassischen Variante des Bandana Tuchs. Das schmal gefaltete Tuch wird knapp unter dem Haaransatz aufgelegt und im Nacken verknotet. Dieser Look h\u00e4lt die Haare bei sommerlicher Hitze aus dem Gesicht und passt ebenso gut zur wilden Wuschelm\u00e4hne wie zum Top-Knot. Sehr lange Haare k\u00f6nnen Sie partieweise um das Tuch schlagen, bis das Kopftuch vollst\u00e4ndig umwickelt ist und die Haare sicher zu einem breiten Nackenknoten zusammengefasst sind. Sehr schick sieht auch eine Frisurenvariante aus, f\u00fcr die Sie zwei unterschiedlich <a href=\"https:\/\/www.textilwaren24.eu\/capsmuetzen\/bandanas\">gemusterte oder gef\u00e4rbte Bandanas<\/a> ben\u00f6tigen. Halbieren Sie das Halstuch und ziehen Sie das andere Bandana durch die entstandene Schlinge so weit durch, dass ein langes Band entsteht. Legen Sie die Mitte des Tuches in den Nacken und f\u00fchren Sie das Kopftuch an der Stirn \u00fcber kreuz wieder in den Nacken zur\u00fcck. Diese Knotenform ist die wohl angesagteste Trageversion des Sommers 2016. Alternativ k\u00f6nnen Sie Bandanas wie einen Turban um den Kopf wickeln, was insbesondere zu l\u00e4ngeren und welligen Haaren ausgesprochen reizvoll wirkt.<\/p>\n<h2><span class=\"ez-toc-section\" id=\"Farbenfrohe_Flechtfrisuren\"><\/span>Farbenfrohe Flechtfrisuren<span class=\"ez-toc-section-end\"><\/span><\/h2>\n<p style=\"text-align: justify;\">Stirnband und Piratentuch sind Ihnen zu langweilig und Sie suchen nach neuen Frisuren-Varianten mit dem Bandana? Mehrere Bandanas, deren Gr\u00f6\u00dfe in etwa der Haarl\u00e4nge entsprechen sollte, lassen sich hervorragend in die Z\u00f6pfe oder einen Pferdeschwanz einflechten. Zur Haarfarbe stark kontrastierende T\u00f6ne zaubern sommerliche Effekte. Wer m\u00f6chte, kombiniert einen schicken Sonnenhut zu dieser Frisur und schm\u00fcckt auch den Tr\u00e4ger der Badetasche oder das Handgelenk und Fu\u00dfgelenk mit einem fr\u00f6hlich bunten Bandana. Auch das Halsband Ihres vierbeinigen Freundes l\u00e4sst sich mit einem Bandana, vielleicht sogar im Partnerlook zu ihrem eigenen Outfit, modisch aufpeppen.<\/p>\n<h2><span class=\"ez-toc-section\" id=\"Es_geht_auch_ganz_klassisch_Das_Bandana_als_Halstuch\"><\/span><a href=\"https:\/\/www.textilwaren24.eu\/capsmuetzen\/bandanas\/lc01198-sols-bandana\"><img loading=\"lazy\" decoding=\"async\" class=\"alignright wp-image-70 size-full\" title=\"Sol's Bandana LC 01198 als Halstuch - Cowboy-Look\" src=\"https:\/\/www.textilwaren24.eu\/magazin\/wp-content\/uploads\/2016\/04\/Bandana-Halstuch.jpg\" alt=\"Bandana Halstuch\" width=\"270\" height=\"347\" srcset=\"https:\/\/www.textilwaren24.eu\/magazin\/wp-content\/uploads\/2016\/04\/Bandana-Halstuch.jpg 270w, https:\/\/www.textilwaren24.eu\/magazin\/wp-content\/uploads\/2016\/04\/Bandana-Halstuch-233x300.jpg 233w\" sizes=\"(max-width: 270px) 100vw, 270px\" \/><\/a>Es geht auch ganz klassisch: Das Bandana als Halstuch<span class=\"ez-toc-section-end\"><\/span><\/h2>\n<p style=\"text-align: justify;\">An k\u00fchlen Sommertagen w\u00e4rmt das erkl\u00e4rte It-Piece vieler Modeikonen, ein Bandana im Cowboy-Look, den Hals. Dieser Look besticht durch den Stilbruch: Einem edlen Styling verleiht das Halstuch etwas markant L\u00e4ssiges w\u00e4hrend Basics durch die bunten T\u00fccher auf interessante Weise aufgewertet werden. Glamour\u00f6se Statement-Ketten sind jedoch tabu, wenn Sie sich f\u00fcr den Bandana-Style entscheiden. F\u00fcr Glamour sorgt ein feines Kettchen mit glitzerndem Anh\u00e4nger. Hierzu passen perfekt Ohrringe im Stil der 90er, die dem Look einen femininen Touch verleihen.<\/p>\n<p style=\"text-align: justify;\">Ob Kopftuch, Halstuch oder Armband: Lassen Sie sich von unseren Ideen inspirieren und kreieren Sie vielf\u00e4ltige Sommeroutfits und schicke Frisuren mit unserem erkl\u00e4rten <a href=\"https:\/\/www.textilwaren24.eu\/accessoires\">Lieblings-Accessoire<\/a> dieser Saison.<\/p>\n","protected":false},"excerpt":{"rendered":"<p>\u00abBunte Bandanas und der Sommer kann kommen\u00bb Quadratisch, praktisch, trendstark \u2013 so l\u00e4sst sich das Bandana mit wenigen Worten beschreiben. Kein Wunder also, dass uns dieses coole und vielseitige Accessoire im Modesommer 2016 \u00fcberall begegnet. L\u00e4ssig um den Kopf geschlungen, als elegantes Halstuch oder farbenfroher Armschmuck ist dieses Tuch ein unverzichtbares Statement-Piece, mit dem sich &hellip;<\/p>\n","protected":false},"author":2,"featured_media":94,"comment_status":"closed","ping_status":"open","sticky":false,"template":"","format":"standard","meta":{"footnotes":""},"categories":[7],"tags":[12,14,13],"class_list":["post-46","post","type-post","status-publish","format-standard","has-post-thumbnail","hentry","category-accessoires","tag-bandanas","tag-halstuch","tag-kopfbedeckung"],"yoast_head":"<!-- This site is optimized with the Yoast SEO plugin v25.6 - https:\/\/yoast.com\/wordpress\/plugins\/seo\/ -->\n<title>Bunte Bandanas - Textilwaren Magazin<\/title>\n<meta name=\"description\" content=\"Bandanas sind der Trend des Sommers! \u2013 Lesen Sie im Textilwaren24 Magazin alles \u00fcber die bunten T\u00fccher und weitere Mode f\u00fcr die warme Jahresh\u00e4lfte.\" \/>\n<meta name=\"robots\" content=\"index, follow, max-snippet:-1, max-image-preview:large, max-video-preview:-1\" \/>\n<link rel=\"canonical\" href=\"https:\/\/www.textilwaren24.eu\/magazin\/bunte-bandanas\/\" \/>\n<meta property=\"og:locale\" content=\"de_DE\" \/>\n<meta property=\"og:type\" content=\"article\" \/>\n<meta property=\"og:title\" content=\"Bunte Bandanas - Textilwaren Magazin\" \/>\n<meta property=\"og:description\" content=\"Bandanas sind der Trend des Sommers! \u2013 Lesen Sie im Textilwaren24 Magazin alles \u00fcber die bunten T\u00fccher und weitere Mode f\u00fcr die warme Jahresh\u00e4lfte.\" \/>\n<meta property=\"og:url\" content=\"https:\/\/www.textilwaren24.eu\/magazin\/bunte-bandanas\/\" \/>\n<meta property=\"og:site_name\" content=\"Textilwaren Magazin\" \/>\n<meta property=\"article:published_time\" content=\"2016-04-08T06:31:14+00:00\" \/>\n<meta property=\"article:modified_time\" content=\"2018-05-09T08:13:19+00:00\" \/>\n<meta property=\"og:image\" content=\"https:\/\/www.textilwaren24.eu\/magazin\/wp-content\/uploads\/2016\/04\/Bandanas-e1460120928214.jpg\" \/>\n\t<meta property=\"og:image:width\" content=\"1000\" \/>\n\t<meta property=\"og:image:height\" content=\"667\" \/>\n\t<meta property=\"og:image:type\" content=\"image\/jpeg\" \/>\n<meta name=\"author\" content=\"admin\" \/>\n<meta name=\"twitter:card\" content=\"summary_large_image\" \/>\n<meta name=\"twitter:label1\" content=\"Verfasst von\" \/>\n\t<meta name=\"twitter:data1\" content=\"admin\" \/>\n\t<meta name=\"twitter:label2\" content=\"Gesch\u00e4tzte Lesezeit\" \/>\n\t<meta name=\"twitter:data2\" content=\"6\u00a0Minuten\" \/>\n<script type=\"application\/ld+json\" class=\"yoast-schema-graph\">{\"@context\":\"https:\/\/schema.org\",\"@graph\":[{\"@type\":\"WebPage\",\"@id\":\"https:\/\/www.textilwaren24.eu\/magazin\/bunte-bandanas\/\",\"url\":\"https:\/\/www.textilwaren24.eu\/magazin\/bunte-bandanas\/\",\"name\":\"Bunte Bandanas - Textilwaren Magazin\",\"isPartOf\":{\"@id\":\"https:\/\/www.textilwaren24.eu\/magazin\/#website\"},\"primaryImageOfPage\":{\"@id\":\"https:\/\/www.textilwaren24.eu\/magazin\/bunte-bandanas\/#primaryimage\"},\"image\":{\"@id\":\"https:\/\/www.textilwaren24.eu\/magazin\/bunte-bandanas\/#primaryimage\"},\"thumbnailUrl\":\"https:\/\/www.textilwaren24.eu\/magazin\/wp-content\/uploads\/2016\/04\/Bandanas-e1460120928214.jpg\",\"datePublished\":\"2016-04-08T06:31:14+00:00\",\"dateModified\":\"2018-05-09T08:13:19+00:00\",\"author\":{\"@id\":\"https:\/\/www.textilwaren24.eu\/magazin\/#\/schema\/person\/9c4e510f1296cc7c4a90e209f49f38b4\"},\"description\":\"Bandanas sind der Trend des Sommers! \u2013 Lesen Sie im Textilwaren24 Magazin alles \u00fcber die bunten T\u00fccher und weitere Mode f\u00fcr die warme Jahresh\u00e4lfte.\",\"breadcrumb\":{\"@id\":\"https:\/\/www.textilwaren24.eu\/magazin\/bunte-bandanas\/#breadcrumb\"},\"inLanguage\":\"de\",\"potentialAction\":[{\"@type\":\"ReadAction\",\"target\":[\"https:\/\/www.textilwaren24.eu\/magazin\/bunte-bandanas\/\"]}]},{\"@type\":\"ImageObject\",\"inLanguage\":\"de\",\"@id\":\"https:\/\/www.textilwaren24.eu\/magazin\/bunte-bandanas\/#primaryimage\",\"url\":\"https:\/\/www.textilwaren24.eu\/magazin\/wp-content\/uploads\/2016\/04\/Bandanas-e1460120928214.jpg\",\"contentUrl\":\"https:\/\/www.textilwaren24.eu\/magazin\/wp-content\/uploads\/2016\/04\/Bandanas-e1460120928214.jpg\",\"width\":1000,\"height\":667,\"caption\":\"\u00a9 andreacionti \/ Fotolia.com\"},{\"@type\":\"BreadcrumbList\",\"@id\":\"https:\/\/www.textilwaren24.eu\/magazin\/bunte-bandanas\/#breadcrumb\",\"itemListElement\":[{\"@type\":\"ListItem\",\"position\":1,\"name\":\"Home\",\"item\":\"https:\/\/www.textilwaren24.eu\/magazin\/\"},{\"@type\":\"ListItem\",\"position\":2,\"name\":\"Bunte Bandanas\"}]},{\"@type\":\"WebSite\",\"@id\":\"https:\/\/www.textilwaren24.eu\/magazin\/#website\",\"url\":\"https:\/\/www.textilwaren24.eu\/magazin\/\",\"name\":\"Textilwaren Magazin\",\"description\":\"\",\"potentialAction\":[{\"@type\":\"SearchAction\",\"target\":{\"@type\":\"EntryPoint\",\"urlTemplate\":\"https:\/\/www.textilwaren24.eu\/magazin\/?s={search_term_string}\"},\"query-input\":{\"@type\":\"PropertyValueSpecification\",\"valueRequired\":true,\"valueName\":\"search_term_string\"}}],\"inLanguage\":\"de\"},{\"@type\":\"Person\",\"@id\":\"https:\/\/www.textilwaren24.eu\/magazin\/#\/schema\/person\/9c4e510f1296cc7c4a90e209f49f38b4\",\"name\":\"admin\",\"image\":{\"@type\":\"ImageObject\",\"inLanguage\":\"de\",\"@id\":\"https:\/\/www.textilwaren24.eu\/magazin\/#\/schema\/person\/image\/\",\"url\":\"https:\/\/secure.gravatar.com\/avatar\/a794a4fe8a9b9c52241597eb381dfa2e?s=96&d=mm&r=g\",\"contentUrl\":\"https:\/\/secure.gravatar.com\/avatar\/a794a4fe8a9b9c52241597eb381dfa2e?s=96&d=mm&r=g\",\"caption\":\"admin\"}}]}<\/script>\n<!-- \/ Yoast SEO plugin. -->","yoast_head_json":{"title":"Bunte Bandanas - Textilwaren Magazin","description":"Bandanas sind der Trend des Sommers! \u2013 Lesen Sie im Textilwaren24 Magazin alles \u00fcber die bunten T\u00fccher und weitere Mode f\u00fcr die warme Jahresh\u00e4lfte.","robots":{"index":"index","follow":"follow","max-snippet":"max-snippet:-1","max-image-preview":"max-image-preview:large","max-video-preview":"max-video-preview:-1"},"canonical":"https:\/\/www.textilwaren24.eu\/magazin\/bunte-bandanas\/","og_locale":"de_DE","og_type":"article","og_title":"Bunte Bandanas - Textilwaren Magazin","og_description":"Bandanas sind der Trend des Sommers! \u2013 Lesen Sie im Textilwaren24 Magazin alles \u00fcber die bunten T\u00fccher und weitere Mode f\u00fcr die warme Jahresh\u00e4lfte.","og_url":"https:\/\/www.textilwaren24.eu\/magazin\/bunte-bandanas\/","og_site_name":"Textilwaren Magazin","article_published_time":"2016-04-08T06:31:14+00:00","article_modified_time":"2018-05-09T08:13:19+00:00","og_image":[{"width":1000,"height":667,"url":"https:\/\/www.textilwaren24.eu\/magazin\/wp-content\/uploads\/2016\/04\/Bandanas-e1460120928214.jpg","type":"image\/jpeg"}],"author":"admin","twitter_card":"summary_large_image","twitter_misc":{"Verfasst von":"admin","Gesch\u00e4tzte Lesezeit":"6\u00a0Minuten"},"schema":{"@context":"https:\/\/schema.org","@graph":[{"@type":"WebPage","@id":"https:\/\/www.textilwaren24.eu\/magazin\/bunte-bandanas\/","url":"https:\/\/www.textilwaren24.eu\/magazin\/bunte-bandanas\/","name":"Bunte Bandanas - Textilwaren Magazin","isPartOf":{"@id":"https:\/\/www.textilwaren24.eu\/magazin\/#website"},"primaryImageOfPage":{"@id":"https:\/\/www.textilwaren24.eu\/magazin\/bunte-bandanas\/#primaryimage"},"image":{"@id":"https:\/\/www.textilwaren24.eu\/magazin\/bunte-bandanas\/#primaryimage"},"thumbnailUrl":"https:\/\/www.textilwaren24.eu\/magazin\/wp-content\/uploads\/2016\/04\/Bandanas-e1460120928214.jpg","datePublished":"2016-04-08T06:31:14+00:00","dateModified":"2018-05-09T08:13:19+00:00","author":{"@id":"https:\/\/www.textilwaren24.eu\/magazin\/#\/schema\/person\/9c4e510f1296cc7c4a90e209f49f38b4"},"description":"Bandanas sind der Trend des Sommers! \u2013 Lesen Sie im Textilwaren24 Magazin alles \u00fcber die bunten T\u00fccher und weitere Mode f\u00fcr die warme Jahresh\u00e4lfte.","breadcrumb":{"@id":"https:\/\/www.textilwaren24.eu\/magazin\/bunte-bandanas\/#breadcrumb"},"inLanguage":"de","potentialAction":[{"@type":"ReadAction","target":["https:\/\/www.textilwaren24.eu\/magazin\/bunte-bandanas\/"]}]},{"@type":"ImageObject","inLanguage":"de","@id":"https:\/\/www.textilwaren24.eu\/magazin\/bunte-bandanas\/#primaryimage","url":"https:\/\/www.textilwaren24.eu\/magazin\/wp-content\/uploads\/2016\/04\/Bandanas-e1460120928214.jpg","contentUrl":"https:\/\/www.textilwaren24.eu\/magazin\/wp-content\/uploads\/2016\/04\/Bandanas-e1460120928214.jpg","width":1000,"height":667,"caption":"\u00a9 andreacionti \/ Fotolia.com"},{"@type":"BreadcrumbList","@id":"https:\/\/www.textilwaren24.eu\/magazin\/bunte-bandanas\/#breadcrumb","itemListElement":[{"@type":"ListItem","position":1,"name":"Home","item":"https:\/\/www.textilwaren24.eu\/magazin\/"},{"@type":"ListItem","position":2,"name":"Bunte Bandanas"}]},{"@type":"WebSite","@id":"https:\/\/www.textilwaren24.eu\/magazin\/#website","url":"https:\/\/www.textilwaren24.eu\/magazin\/","name":"Textilwaren Magazin","description":"","potentialAction":[{"@type":"SearchAction","target":{"@type":"EntryPoint","urlTemplate":"https:\/\/www.textilwaren24.eu\/magazin\/?s={search_term_string}"},"query-input":{"@type":"PropertyValueSpecification","valueRequired":true,"valueName":"search_term_string"}}],"inLanguage":"de"},{"@type":"Person","@id":"https:\/\/www.textilwaren24.eu\/magazin\/#\/schema\/person\/9c4e510f1296cc7c4a90e209f49f38b4","name":"admin","image":{"@type":"ImageObject","inLanguage":"de","@id":"https:\/\/www.textilwaren24.eu\/magazin\/#\/schema\/person\/image\/","url":"https:\/\/secure.gravatar.com\/avatar\/a794a4fe8a9b9c52241597eb381dfa2e?s=96&d=mm&r=g","contentUrl":"https:\/\/secure.gravatar.com\/avatar\/a794a4fe8a9b9c52241597eb381dfa2e?s=96&d=mm&r=g","caption":"admin"}}]}},"_links":{"self":[{"href":"https:\/\/www.textilwaren24.eu\/magazin\/wp-json\/wp\/v2\/posts\/46"}],"collection":[{"href":"https:\/\/www.textilwaren24.eu\/magazin\/wp-json\/wp\/v2\/posts"}],"about":[{"href":"https:\/\/www.textilwaren24.eu\/magazin\/wp-json\/wp\/v2\/types\/post"}],"author":[{"embeddable":true,"href":"https:\/\/www.textilwaren24.eu\/magazin\/wp-json\/wp\/v2\/users\/2"}],"replies":[{"embeddable":true,"href":"https:\/\/www.textilwaren24.eu\/magazin\/wp-json\/wp\/v2\/comments?post=46"}],"version-history":[{"count":46,"href":"https:\/\/www.textilwaren24.eu\/magazin\/wp-json\/wp\/v2\/posts\/46\/revisions"}],"predecessor-version":[{"id":197,"href":"https:\/\/www.textilwaren24.eu\/magazin\/wp-json\/wp\/v2\/posts\/46\/revisions\/197"}],"wp:featuredmedia":[{"embeddable":true,"href":"https:\/\/www.textilwaren24.eu\/magazin\/wp-json\/wp\/v2\/media\/94"}],"wp:attachment":[{"href":"https:\/\/www.textilwaren24.eu\/magazin\/wp-json\/wp\/v2\/media?parent=46"}],"wp:term":[{"taxonomy":"category","embeddable":true,"href":"https:\/\/www.textilwaren24.eu\/magazin\/wp-json\/wp\/v2\/categories?post=46"},{"taxonomy":"post_tag","embeddable":true,"href":"https:\/\/www.textilwaren24.eu\/magazin\/wp-json\/wp\/v2\/tags?post=46"}],"curies":[{"name":"wp","href":"https:\/\/api.w.org\/{rel}","templated":true}]}}