{"id":4806,"date":"2017-03-29T15:18:16","date_gmt":"2017-03-29T13:18:16","guid":{"rendered":"https:\/\/www.textilwaren24.eu\/magazin\/?p=4806"},"modified":"2021-11-03T15:15:43","modified_gmt":"2021-11-03T14:15:43","slug":"kleidung-in-gruen-kombinieren","status":"publish","type":"post","link":"https:\/\/www.textilwaren24.eu\/magazin\/kleidung-in-gruen-kombinieren\/","title":{"rendered":"Kleidung und Accessoires in Gr\u00fcn kombinieren"},"content":{"rendered":"<div id=\"ez-toc-container\" class=\"ez-toc-v2_0_77 ez-toc-wrap-center counter-hierarchy ez-toc-counter ez-toc-grey ez-toc-container-direction\">\n<div class=\"ez-toc-title-container\">\n<p class=\"ez-toc-title\" style=\"cursor:inherit\">Inhaltsverzeichnis<\/p>\n<span class=\"ez-toc-title-toggle\"><a href=\"#\" class=\"ez-toc-pull-right ez-toc-btn ez-toc-btn-xs ez-toc-btn-default ez-toc-toggle\" aria-label=\"Toggle Table of Content\"><span class=\"ez-toc-js-icon-con\"><span class=\"\"><span class=\"eztoc-hide\" style=\"display:none;\">Toggle<\/span><span class=\"ez-toc-icon-toggle-span\"><svg style=\"fill: #999;color:#999\" xmlns=\"http:\/\/www.w3.org\/2000\/svg\" class=\"list-377408\" width=\"20px\" height=\"20px\" viewBox=\"0 0 24 24\" fill=\"none\"><path d=\"M6 6H4v2h2V6zm14 0H8v2h12V6zM4 11h2v2H4v-2zm16 0H8v2h12v-2zM4 16h2v2H4v-2zm16 0H8v2h12v-2z\" fill=\"currentColor\"><\/path><\/svg><svg style=\"fill: #999;color:#999\" class=\"arrow-unsorted-368013\" xmlns=\"http:\/\/www.w3.org\/2000\/svg\" width=\"10px\" height=\"10px\" viewBox=\"0 0 24 24\" version=\"1.2\" baseProfile=\"tiny\"><path d=\"M18.2 9.3l-6.2-6.3-6.2 6.3c-.2.2-.3.4-.3.7s.1.5.3.7c.2.2.4.3.7.3h11c.3 0 .5-.1.7-.3.2-.2.3-.5.3-.7s-.1-.5-.3-.7zM5.8 14.7l6.2 6.3 6.2-6.3c.2-.2.3-.5.3-.7s-.1-.5-.3-.7c-.2-.2-.4-.3-.7-.3h-11c-.3 0-.5.1-.7.3-.2.2-.3.5-.3.7s.1.5.3.7z\"\/><\/svg><\/span><\/span><\/span><\/a><\/span><\/div>\n<nav><ul class='ez-toc-list ez-toc-list-level-1 ' ><li class='ez-toc-page-1 ez-toc-heading-level-2'><a class=\"ez-toc-link ez-toc-heading-1\" href=\"https:\/\/www.textilwaren24.eu\/magazin\/kleidung-in-gruen-kombinieren\/#%C2%AB_Modisches_Fruehlingserwachen_%C2%BB\" >\u00ab Modisches Fr\u00fchlingserwachen\u00a0\u00bb<\/a><\/li><li class='ez-toc-page-1 ez-toc-heading-level-2'><a class=\"ez-toc-link ez-toc-heading-2\" href=\"https:\/\/www.textilwaren24.eu\/magazin\/kleidung-in-gruen-kombinieren\/#Fruehlingsfrische_Farbwirkung\" >Fr\u00fchlingsfrische Farbwirkung<\/a><\/li><li class='ez-toc-page-1 ez-toc-heading-level-2'><a class=\"ez-toc-link ez-toc-heading-3\" href=\"https:\/\/www.textilwaren24.eu\/magazin\/kleidung-in-gruen-kombinieren\/#Welcher_Gruenton_passt_zu_mir\" >Welcher Gr\u00fcnton passt zu mir?<\/a><\/li><li class='ez-toc-page-1 ez-toc-heading-level-2'><a class=\"ez-toc-link ez-toc-heading-4\" href=\"https:\/\/www.textilwaren24.eu\/magazin\/kleidung-in-gruen-kombinieren\/#Gruene_Basics_%E2%80%93_vielfaeltige_Looks\" >Gr\u00fcne Basics \u2013 vielf\u00e4ltige Looks<\/a><\/li><li class='ez-toc-page-1 ez-toc-heading-level-2'><a class=\"ez-toc-link ez-toc-heading-5\" href=\"https:\/\/www.textilwaren24.eu\/magazin\/kleidung-in-gruen-kombinieren\/#Diese_Farbe_aus_der_Natur_harmoniert_sogar_mit_Komplementaerfarben\" >Diese Farbe aus der Natur harmoniert sogar mit Komplement\u00e4rfarben<\/a><\/li><li class='ez-toc-page-1 ez-toc-heading-level-2'><a class=\"ez-toc-link ez-toc-heading-6\" href=\"https:\/\/www.textilwaren24.eu\/magazin\/kleidung-in-gruen-kombinieren\/#Altehrwuerdige_Eleganz\" >Altehrw\u00fcrdige Eleganz<\/a><\/li><li class='ez-toc-page-1 ez-toc-heading-level-2'><a class=\"ez-toc-link ez-toc-heading-7\" href=\"https:\/\/www.textilwaren24.eu\/magazin\/kleidung-in-gruen-kombinieren\/#Ein_Ton_von_Kopf_bis_Fuss_%E2%80%93_modischer_geht_es_kaum\" >Ein Ton von Kopf bis Fu\u00df \u2013 modischer geht es kaum<\/a><\/li><\/ul><\/nav><\/div>\n<h2><span class=\"ez-toc-section\" id=\"%C2%AB_Modisches_Fruehlingserwachen_%C2%BB\"><\/span>\u00ab Modisches Fr\u00fchlingserwachen\u00a0<strong>\u00bb<\/strong><span class=\"ez-toc-section-end\"><\/span><\/h2>\n<p style=\"text-align: justify;\"><strong>Viele Dinge, die momentan extrem angesagt sind, leuchten in strahlendem gelbgr\u00fcn: Leckere Smoothies, Matcha-Tee und knackige \u00c4pfel ebenso wie Servietten und Raumaccessoires. Auch gr\u00fcne Kleidung in allen Abstufungen liegt 2017 absolut im Trend. Gleich zwei wundersch\u00f6ne Nuancen, &#8222;Greenery&#8220; und &#8222;Kale&#8220; wurden vom Farbexperten Panettone sogar in die Palette der Trendfarben dieses Jahres aufgenommen. Wie Sie die Schattierungen geschickt in Ihre Fr\u00fchlingsmode integrieren und mit welchen anderen T\u00f6nen Sie Gr\u00fcn kombinieren k\u00f6nnen, damit m\u00f6chten wir uns in diesem Artikel auseinandersetzen. <\/strong><\/p>\n<h2><span class=\"ez-toc-section\" id=\"Fruehlingsfrische_Farbwirkung\"><\/span>Fr\u00fchlingsfrische Farbwirkung<span class=\"ez-toc-section-end\"><\/span><\/h2>\n<p style=\"text-align: justify;\">Natur und Fr\u00fchling, Lebensfreude, Energie und\u00a0Naturverbundenheit, f\u00fcr all das steht die Modefarbe und bietet, so die Begr\u00fcndung des Farbforschungsinstituts, einen &#8222;Gegenpol zu unserem modernen Leben&#8220;. In Wald und Flur umgibt uns dieser Ton vom Fr\u00fchjahr bis zum Herbst und strahlt eine unb\u00e4ndige Vitalit\u00e4t aus.<\/p>\n<figure id=\"attachment_4809\" aria-describedby=\"caption-attachment-4809\" style=\"width: 300px\" class=\"wp-caption alignright\"><img loading=\"lazy\" decoding=\"async\" class=\"wp-image-4809 size-medium\" title=\"Kleidung in gr\u00fcn l\u00e4sst Sie sich der Natur n\u00e4her f\u00fchlen\" src=\"https:\/\/www.textilwaren24.eu\/magazin\/wp-content\/uploads\/2017\/03\/Naturverbundenheit-durch-gr\u00fcne-Kleidung-300x200.jpg\" alt=\"Naturverbundenheit durch gr\u00fcne Kleidung\" width=\"300\" height=\"200\" \/><figcaption id=\"caption-attachment-4809\" class=\"wp-caption-text\">\u00a9 biker3 \/ Fotolia.com<\/figcaption><\/figure>\n<p style=\"text-align: justify;\">Gleichzeitig \u00fcbt er eine beruhigende Wirkung auf uns aus und l\u00e4sst uns tief durchatmen. Glaubt man Farbexperten hilft uns diese Farbe sogar, die innere Balance zu halten oder wiederzufinden. Es gibt also nicht nur modische Gr\u00fcnde den Farbton in die Kleidung zu integrieren, zumal dieser Ton in seinen vielf\u00e4ltigen Facetten wunderbar einfach zu kombinieren ist.<\/p>\n<h2><span class=\"ez-toc-section\" id=\"Welcher_Gruenton_passt_zu_mir\"><\/span>Welcher Gr\u00fcnton passt zu mir?<span class=\"ez-toc-section-end\"><\/span><\/h2>\n<p style=\"text-align: justify;\">Durch die vielen warmen und kalten Nuancen findet jeder, unabh\u00e4ngig vom Teint und der Augen- oder Haarfarbe, eine Gr\u00fcnnuance, die ihm wundervoll steht. Fr\u00fchlingstypen, die helle und kr\u00e4ftige Farben gut tragen k\u00f6nnen, l\u00e4sst der aktuelle Trendton &#8222;Greenery&#8220; oder ein strahlendes Wiesengr\u00fcn frisch und jugendlich aussehen. Eher dunkle, ged\u00e4mpfte und sehr edel wirkenden T\u00f6ne wie Moosgr\u00fcn, Kiefer oder die Trendnuance &#8222;Kale&#8220; sind ideal f\u00fcr den Herbsttyp. K\u00fchles, graustichiges Blaugr\u00fcn, das nicht allzu leuchtend ausfallen sollte, betont ebenso wie ein zartes Mintgr\u00fcn die sch\u00f6nsten Seiten des Sommertyps. Sind Sie hingegen ein Wintertyp sollten Sie klare, reine und k\u00fchle Nuancen wie Smaragdgr\u00fcn bevorzugen.<\/p>\n<p style=\"text-align: justify;\"><a href=\"https:\/\/www.textilwaren24.eu\/poloshirts\/polo-shirts\/polo-shirts-fuer-sie-und-ihn-mischgewebe\/fruit-of-the-loom-65\/35-pique-polo\"><img loading=\"lazy\" decoding=\"async\" class=\"aligncenter wp-image-4820 size-full\" title=\"&quot;65\/35 Piqu\u00e9 Polo&quot; von Fruit of the Loom\" src=\"https:\/\/www.textilwaren24.eu\/magazin\/wp-content\/uploads\/2017\/03\/Fruit-of-the-Loom-65-35-Piqu\u00e9-Polo.jpg\" alt=\"Fruit of the Loom 65\/35 Piqu\u00e9 Polo\" width=\"600\" height=\"252\" srcset=\"https:\/\/www.textilwaren24.eu\/magazin\/wp-content\/uploads\/2017\/03\/Fruit-of-the-Loom-65-35-Piqu\u00e9-Polo.jpg 600w, https:\/\/www.textilwaren24.eu\/magazin\/wp-content\/uploads\/2017\/03\/Fruit-of-the-Loom-65-35-Piqu\u00e9-Polo-300x126.jpg 300w\" sizes=\"(max-width: 600px) 100vw, 600px\" \/><\/a><\/p>\n<h2><span class=\"ez-toc-section\" id=\"Gruene_Basics_%E2%80%93_vielfaeltige_Looks\"><\/span>Gr\u00fcne Basics \u2013 vielf\u00e4ltige Looks<span class=\"ez-toc-section-end\"><\/span><\/h2>\n<p style=\"text-align: justify;\">Kennen Sie den Spruch: &#8222;Gr\u00fcn und Blau ist dem Kasper seine Frau&#8220;? Er beweist recht eindrucksvoll, dass Zitate auch nicht immer Recht haben. Ein gr\u00fcnes T-Shirt zu kombinieren oder mit Accessoires in diesem Trendton vorhandene Basics aufzupeppen, ist viel einfacher als vermutet. Gar nichts falsch machen k\u00f6nnen Sie mit Kleidungsst\u00fccken in Schwarz, Wei\u00df, Grau oder Beige. Setzen Sie zu diesen T\u00f6nen einen modischen Gr\u00fcnakzent, der je nach Nuance sehr frisch oder edel wirkt. Gr\u00fcn ist keine Grundfarbe, sondern wird aus den Farben gelb und blau gemischt. Dies er\u00f6ffnet weitere harmonische Zusammenstellungen. Ein Rock in Gelb, den Sie mit einem Oberteil in einem sch\u00f6nen Gr\u00fcn kombinieren, ergibt eine \u00e4u\u00dferst schicke Kombination mit fr\u00fchlingshaft leichter Ausstrahlung. Ebenso verh\u00e4lt es sich mit Blau- und Gr\u00fcnt\u00f6nen, denn entgegen dem eingangs genannten Zitat passen diese im Farbkreis benachbarten Schattierungen, gekonnt kombiniert, wundervoll zueinander.<\/p>\n<p style=\"text-align: justify;\"><a href=\"https:\/\/www.textilwaren24.eu\/hosen-und-shorts\/hosen-und-shorts-freizeithosen-fuer-sie-und-ihn\/sd004-so-denim-mens-max-slim-jeans\"><img loading=\"lazy\" decoding=\"async\" class=\"alignnone wp-image-4823\" title=\"Men&#96;s Max Slim Jeans von So Denim\" src=\"https:\/\/www.textilwaren24.eu\/magazin\/wp-content\/uploads\/2017\/03\/So-Denim-Mens-Max-Slim-Jeans.jpg\" alt=\"So Denim Men&#96;s Max Slim Jeans\" width=\"310\" height=\"399\" srcset=\"https:\/\/www.textilwaren24.eu\/magazin\/wp-content\/uploads\/2017\/03\/So-Denim-Mens-Max-Slim-Jeans.jpg 300w, https:\/\/www.textilwaren24.eu\/magazin\/wp-content\/uploads\/2017\/03\/So-Denim-Mens-Max-Slim-Jeans-234x300.jpg 234w\" sizes=\"(max-width: 310px) 100vw, 310px\" \/><\/a><a href=\"https:\/\/www.textilwaren24.eu\/hosen-und-shorts\/hosen-und-shorts-freizeithosen-fuer-sie-und-ihn\/sd011-so-denim-ladies-katy-straight-jeans\"><img loading=\"lazy\" decoding=\"async\" class=\"alignnone wp-image-4827\" title=\"Ladies Katy Straight Jeans von So Denim\" src=\"https:\/\/www.textilwaren24.eu\/magazin\/wp-content\/uploads\/2017\/03\/So-Denim-Ladies-Katy-Straight-Jeans.jpg\" alt=\"So Denim Ladies Katy Straight Jeans\" width=\"310\" height=\"399\" srcset=\"https:\/\/www.textilwaren24.eu\/magazin\/wp-content\/uploads\/2017\/03\/So-Denim-Ladies-Katy-Straight-Jeans.jpg 300w, https:\/\/www.textilwaren24.eu\/magazin\/wp-content\/uploads\/2017\/03\/So-Denim-Ladies-Katy-Straight-Jeans-234x300.jpg 234w\" sizes=\"(max-width: 310px) 100vw, 310px\" \/><\/a><\/p>\n<p style=\"text-align: justify;\">Eine <a href=\"https:\/\/www.textilwaren24.eu\/hosen-und-shorts\/hosen-und-shorts-freizeithosen-fuer-sie-und-ihn\">Jeans<\/a> in einer tollen Waschung, ein <a href=\"https:\/\/www.textilwaren24.eu\/poloshirts\">gr\u00fcnes Poloshirt<\/a>, hierzu trendstarke Sneakers und farblich passende Accessoires \u2013 fertig ist ein Outfit mit dem Sie modisch ganz vorne mitschwimmen. Achten Sie nur darauf, dass eine der Nuancen deutlich dunkler ist, denn es gibt tats\u00e4chlich einige wenige Blau- und Gr\u00fcnt\u00f6ne, die optisch nicht so sch\u00f6n harmonieren. Neben einem guten Farbgef\u00fchl hilft auch hier der Farbkreis bei der Auswahl der richtigen Schattierungen. Au\u00dfer bei Marineblau, zu dem Sie nahezu jedes Gr\u00fcn kombinieren k\u00f6nnen, sollten nicht mehr als vier Farbbereiche zwischen den ausgew\u00e4hlten Abstufungen liegen.<\/p>\n<h2><span class=\"ez-toc-section\" id=\"Diese_Farbe_aus_der_Natur_harmoniert_sogar_mit_Komplementaerfarben\"><\/span>Diese Farbe aus der Natur harmoniert sogar mit Komplement\u00e4rfarben<span class=\"ez-toc-section-end\"><\/span><\/h2>\n<p style=\"text-align: justify;\">Betrachtet man den Farbkreis finden sich gegen\u00fcber den Gr\u00fcnt\u00f6nen die Palette der warmen Rott\u00f6ne. Kein Wunder also, dass &#8222;Red and Green&#8220; von den Modeexperten als die Trendkombination der Saison gehandelt wird. Damit die Zusammenstellung nicht an Weihnachten erinnert ist allerdings Fingerspitzengef\u00fchl gefragt. Toll wirken die T\u00f6ne im ebenfalls extrem angesagten Layering Look. W\u00e4hlen Sie in diesem Fall eher schlichte Basics ohne Muster, beispielsweise eine oversized Hoodie-Jacke in klarem Rot und eine Blue Jeans, die Sie mit Gr\u00fcn kombinieren. Toll sieht zu diesem Styling ein Poloshirt in Moosgr\u00fcn oder ein Parka in klassischem Khaki aus. Auch sehr schick: Pieces in einem modischen Gr\u00fcnton, die durch Accessoires wie eine Cap in Knallrot aufgepeppt werden.<\/p>\n<p style=\"text-align: justify;\"><img loading=\"lazy\" decoding=\"async\" class=\"aligncenter wp-image-4831 size-full\" title=\"Gildan Heavy Blend\u0099 Full Zip Hooded Sweatshirt\" src=\"https:\/\/www.textilwaren24.eu\/magazin\/wp-content\/uploads\/2017\/03\/Gildan-Heavy-Blend-Full-Zip-Hooded-Sweatshirt.jpg\" alt=\"Gildan Heavy Blend\u0099 Full Zip Hooded Sweatshirt\" width=\"600\" height=\"364\" srcset=\"https:\/\/www.textilwaren24.eu\/magazin\/wp-content\/uploads\/2017\/03\/Gildan-Heavy-Blend-Full-Zip-Hooded-Sweatshirt.jpg 600w, https:\/\/www.textilwaren24.eu\/magazin\/wp-content\/uploads\/2017\/03\/Gildan-Heavy-Blend-Full-Zip-Hooded-Sweatshirt-300x182.jpg 300w\" sizes=\"(max-width: 600px) 100vw, 600px\" \/><\/p>\n<h2><span class=\"ez-toc-section\" id=\"Altehrwuerdige_Eleganz\"><\/span>Altehrw\u00fcrdige Eleganz<span class=\"ez-toc-section-end\"><\/span><\/h2>\n<p style=\"text-align: justify;\">Mintgr\u00fcn, Apfelgr\u00fcn oder Fr\u00fchlingsgr\u00fcn sind Ihnen zu hell und leuchtend, weil Sie eher gedeckte und dunklere Farbkombinationen bevorzugen? Auch f\u00fcr Sie bietet die Gr\u00fcnpalette \u00e4u\u00dferst modische Kombinationsm\u00f6glichkeiten, die zudem ausgesprochen elegant wirken. Ein warmes Moosgr\u00fcn passt hervorragend zu Burgunderrot, Dunkelblau oder ged\u00e4mpftem Senfgelb, also zu T\u00f6nen, die durch ihre luxuri\u00f6se und zeitlose Optik bestechen. Wundervoll zu dieser Fr\u00fchlingsmode sieht Schmuck in edlem Gold oder ein wenig k\u00fchler in Silber aus. Absolut im Trend: Gro\u00dfe Creolen und opulente Halsreifen, die aufw\u00e4ndig, wie kleine Kunstwerke, gearbeitet sind. Damit das Styling nicht zu \u00fcberladen wirkt, belassen Sie es bei einem der auff\u00e4lligen St\u00fccke. Binden Sie die Haare passend zu den w\u00e4rmer werdenden Temperaturen mit einem Seidentuch in einer mit dem zum Outfit harmonierenden Gr\u00fcnnuance zur\u00fcck.<\/p>\n<h2><span class=\"ez-toc-section\" id=\"Ein_Ton_von_Kopf_bis_Fuss_%E2%80%93_modischer_geht_es_kaum\"><\/span>Ein Ton von Kopf bis Fu\u00df \u2013 modischer geht es kaum<span class=\"ez-toc-section-end\"><\/span><\/h2>\n<p style=\"text-align: justify;\">Gehen Sie einmal mit offenen Augen <a href=\"https:\/\/www.textilwaren24.eu\/sportbekleidung\/sportbekleidung-und-trikots-funktionsshirts\/jc020-just-cool-cool-smooth-t\"><img loading=\"lazy\" decoding=\"async\" class=\"alignright wp-image-4833 size-full\" title=\"&quot;Cool Smooth T&quot; von Just Cool \" src=\"https:\/\/www.textilwaren24.eu\/magazin\/wp-content\/uploads\/2017\/03\/Just-Cool-Cool-Smooth-T.jpg\" alt=\"Just Cool Cool Smooth T\" width=\"300\" height=\"385\" srcset=\"https:\/\/www.textilwaren24.eu\/magazin\/wp-content\/uploads\/2017\/03\/Just-Cool-Cool-Smooth-T.jpg 300w, https:\/\/www.textilwaren24.eu\/magazin\/wp-content\/uploads\/2017\/03\/Just-Cool-Cool-Smooth-T-234x300.jpg 234w\" sizes=\"(max-width: 300px) 100vw, 300px\" \/><\/a>durch\u00a0Wald und Feld: Egal wie viele Gr\u00fcnt\u00f6ne Sie entdecken, das Farbzusammenspiel wirkt stets harmonisch. Diese Eigenschaft des Trendtons k\u00f6nnen Sie sich zunutze machen und einen extrem stylischen Look aus verschiedenen \u201eGreens\u201c zusammenstellen. Fashionistas w\u00e4hlen Fr\u00fchlingsmode in den Panettone-Schattierungen &#8222;Greenery&#8220; und &#8222;Kale&#8220;, die ausgesprochen gut zusammenpassen. Auch superschick: Ein <a href=\"https:\/\/www.textilwaren24.eu\/t-shirts\">gr\u00fcnes T-Shirt<\/a> kombinieren mit einer Hose in einem erdigen Braunton. Die nat\u00fcrliche Ausstrahlung dieser Kombination entspricht absolut unserem Lifestyle und ist deshalb nicht nur schick, sondern auch modisch up to date.<\/p>\n<p style=\"text-align: justify;\">Basics in wundersch\u00f6nen Gr\u00fcnt\u00f6nen sind die Must-haves des Fr\u00fchlings und Sommers. Egal ob Sie beim Spiel mit den Nuancen auf starke Kontraste setzen oder einen All-in-Green Look bevorzugen \u2013 die von der Natur inspirierten T\u00f6ne erweisen sich als \u00fcberraschend einfach zu kombinieren. Mit einem tollen Polohemd, T-Shirt oder einer Cap in der Trendfarbe lassen sich bereits vorhandene Pieces unkompliziert aufpeppen. Probieren Sie es aus! Wir sind uns sicher: auch wenn diese Farbe bisher nicht zu Ihren Lieblingen z\u00e4hlte, werden Sie begeistert sein.<\/p>\n","protected":false},"excerpt":{"rendered":"<p>\u00ab Modisches Fr\u00fchlingserwachen\u00a0\u00bb Viele Dinge, die momentan extrem angesagt sind, leuchten in strahlendem gelbgr\u00fcn: Leckere Smoothies, Matcha-Tee und knackige \u00c4pfel ebenso wie Servietten und Raumaccessoires. Auch gr\u00fcne Kleidung in allen Abstufungen liegt 2017 absolut im Trend. Gleich zwei wundersch\u00f6ne Nuancen, &#8222;Greenery&#8220; und &#8222;Kale&#8220; wurden vom Farbexperten Panettone sogar in die Palette der Trendfarben dieses Jahres &hellip;<\/p>\n","protected":false},"author":2,"featured_media":4807,"comment_status":"closed","ping_status":"open","sticky":false,"template":"","format":"standard","meta":{"footnotes":""},"categories":[6],"tags":[65,39,281,282,284,285,36,29,280,283,34],"class_list":["post-4806","post","type-post","status-publish","format-standard","has-post-thumbnail","hentry","category-outfits","tag-freizeithosen","tag-fruit-of-the-loom","tag-gruen","tag-gruene-kleidung","tag-hoodie","tag-hose","tag-mode","tag-polo-shirts","tag-sommerkleidung","tag-t-shirt","tag-trendfarben"],"yoast_head":"<!-- This site is optimized with the Yoast SEO plugin v25.6 - https:\/\/yoast.com\/wordpress\/plugins\/seo\/ -->\n<title>Kleidung und Accessoires in Gr\u00fcn kombinieren - Textilwaren Magazin<\/title>\n<meta name=\"description\" content=\"Schicke Fr\u00fchlingsmode in der nat\u00fcrlich inspirierten Trendfarbe Gr\u00fcn kombinieren Sie stilecht &amp; modisch mit den Tipps aus dem Textilwaren Magazin \u2714\" \/>\n<meta name=\"robots\" content=\"index, follow, max-snippet:-1, max-image-preview:large, max-video-preview:-1\" \/>\n<link rel=\"canonical\" href=\"https:\/\/www.textilwaren24.eu\/magazin\/kleidung-in-gruen-kombinieren\/\" \/>\n<meta property=\"og:locale\" content=\"de_DE\" \/>\n<meta property=\"og:type\" content=\"article\" \/>\n<meta property=\"og:title\" content=\"Kleidung und Accessoires in Gr\u00fcn kombinieren - Textilwaren Magazin\" \/>\n<meta property=\"og:description\" content=\"Schicke Fr\u00fchlingsmode in der nat\u00fcrlich inspirierten Trendfarbe Gr\u00fcn kombinieren Sie stilecht &amp; modisch mit den Tipps aus dem Textilwaren Magazin \u2714\" \/>\n<meta property=\"og:url\" content=\"https:\/\/www.textilwaren24.eu\/magazin\/kleidung-in-gruen-kombinieren\/\" \/>\n<meta property=\"og:site_name\" content=\"Textilwaren Magazin\" \/>\n<meta property=\"article:published_time\" content=\"2017-03-29T13:18:16+00:00\" \/>\n<meta property=\"article:modified_time\" content=\"2021-11-03T14:15:43+00:00\" \/>\n<meta property=\"og:image\" content=\"https:\/\/www.textilwaren24.eu\/magazin\/wp-content\/uploads\/2017\/03\/Trendfarbe-gruen.jpg\" \/>\n\t<meta property=\"og:image:width\" content=\"800\" \/>\n\t<meta property=\"og:image:height\" content=\"554\" \/>\n\t<meta property=\"og:image:type\" content=\"image\/jpeg\" \/>\n<meta name=\"author\" content=\"admin\" \/>\n<meta name=\"twitter:card\" content=\"summary_large_image\" \/>\n<meta name=\"twitter:label1\" content=\"Verfasst von\" \/>\n\t<meta name=\"twitter:data1\" content=\"admin\" \/>\n\t<meta name=\"twitter:label2\" content=\"Gesch\u00e4tzte Lesezeit\" \/>\n\t<meta name=\"twitter:data2\" content=\"5\u00a0Minuten\" \/>\n<script type=\"application\/ld+json\" class=\"yoast-schema-graph\">{\"@context\":\"https:\/\/schema.org\",\"@graph\":[{\"@type\":\"WebPage\",\"@id\":\"https:\/\/www.textilwaren24.eu\/magazin\/kleidung-in-gruen-kombinieren\/\",\"url\":\"https:\/\/www.textilwaren24.eu\/magazin\/kleidung-in-gruen-kombinieren\/\",\"name\":\"Kleidung und Accessoires in Gr\u00fcn kombinieren - Textilwaren Magazin\",\"isPartOf\":{\"@id\":\"https:\/\/www.textilwaren24.eu\/magazin\/#website\"},\"primaryImageOfPage\":{\"@id\":\"https:\/\/www.textilwaren24.eu\/magazin\/kleidung-in-gruen-kombinieren\/#primaryimage\"},\"image\":{\"@id\":\"https:\/\/www.textilwaren24.eu\/magazin\/kleidung-in-gruen-kombinieren\/#primaryimage\"},\"thumbnailUrl\":\"https:\/\/www.textilwaren24.eu\/magazin\/wp-content\/uploads\/2017\/03\/Trendfarbe-gruen.jpg\",\"datePublished\":\"2017-03-29T13:18:16+00:00\",\"dateModified\":\"2021-11-03T14:15:43+00:00\",\"author\":{\"@id\":\"https:\/\/www.textilwaren24.eu\/magazin\/#\/schema\/person\/9c4e510f1296cc7c4a90e209f49f38b4\"},\"description\":\"Schicke Fr\u00fchlingsmode in der nat\u00fcrlich inspirierten Trendfarbe Gr\u00fcn kombinieren Sie stilecht & modisch mit den Tipps aus dem Textilwaren Magazin \u2714\",\"breadcrumb\":{\"@id\":\"https:\/\/www.textilwaren24.eu\/magazin\/kleidung-in-gruen-kombinieren\/#breadcrumb\"},\"inLanguage\":\"de\",\"potentialAction\":[{\"@type\":\"ReadAction\",\"target\":[\"https:\/\/www.textilwaren24.eu\/magazin\/kleidung-in-gruen-kombinieren\/\"]}]},{\"@type\":\"ImageObject\",\"inLanguage\":\"de\",\"@id\":\"https:\/\/www.textilwaren24.eu\/magazin\/kleidung-in-gruen-kombinieren\/#primaryimage\",\"url\":\"https:\/\/www.textilwaren24.eu\/magazin\/wp-content\/uploads\/2017\/03\/Trendfarbe-gruen.jpg\",\"contentUrl\":\"https:\/\/www.textilwaren24.eu\/magazin\/wp-content\/uploads\/2017\/03\/Trendfarbe-gruen.jpg\",\"width\":800,\"height\":554,\"caption\":\"\u00a9 Syda Productions \/ Fotolia.com\"},{\"@type\":\"BreadcrumbList\",\"@id\":\"https:\/\/www.textilwaren24.eu\/magazin\/kleidung-in-gruen-kombinieren\/#breadcrumb\",\"itemListElement\":[{\"@type\":\"ListItem\",\"position\":1,\"name\":\"Home\",\"item\":\"https:\/\/www.textilwaren24.eu\/magazin\/\"},{\"@type\":\"ListItem\",\"position\":2,\"name\":\"Kleidung und Accessoires in Gr\u00fcn kombinieren\"}]},{\"@type\":\"WebSite\",\"@id\":\"https:\/\/www.textilwaren24.eu\/magazin\/#website\",\"url\":\"https:\/\/www.textilwaren24.eu\/magazin\/\",\"name\":\"Textilwaren Magazin\",\"description\":\"\",\"potentialAction\":[{\"@type\":\"SearchAction\",\"target\":{\"@type\":\"EntryPoint\",\"urlTemplate\":\"https:\/\/www.textilwaren24.eu\/magazin\/?s={search_term_string}\"},\"query-input\":{\"@type\":\"PropertyValueSpecification\",\"valueRequired\":true,\"valueName\":\"search_term_string\"}}],\"inLanguage\":\"de\"},{\"@type\":\"Person\",\"@id\":\"https:\/\/www.textilwaren24.eu\/magazin\/#\/schema\/person\/9c4e510f1296cc7c4a90e209f49f38b4\",\"name\":\"admin\",\"image\":{\"@type\":\"ImageObject\",\"inLanguage\":\"de\",\"@id\":\"https:\/\/www.textilwaren24.eu\/magazin\/#\/schema\/person\/image\/\",\"url\":\"https:\/\/secure.gravatar.com\/avatar\/a794a4fe8a9b9c52241597eb381dfa2e?s=96&d=mm&r=g\",\"contentUrl\":\"https:\/\/secure.gravatar.com\/avatar\/a794a4fe8a9b9c52241597eb381dfa2e?s=96&d=mm&r=g\",\"caption\":\"admin\"}}]}<\/script>\n<!-- \/ Yoast SEO plugin. -->","yoast_head_json":{"title":"Kleidung und Accessoires in Gr\u00fcn kombinieren - Textilwaren Magazin","description":"Schicke Fr\u00fchlingsmode in der nat\u00fcrlich inspirierten Trendfarbe Gr\u00fcn kombinieren Sie stilecht & modisch mit den Tipps aus dem Textilwaren Magazin \u2714","robots":{"index":"index","follow":"follow","max-snippet":"max-snippet:-1","max-image-preview":"max-image-preview:large","max-video-preview":"max-video-preview:-1"},"canonical":"https:\/\/www.textilwaren24.eu\/magazin\/kleidung-in-gruen-kombinieren\/","og_locale":"de_DE","og_type":"article","og_title":"Kleidung und Accessoires in Gr\u00fcn kombinieren - Textilwaren Magazin","og_description":"Schicke Fr\u00fchlingsmode in der nat\u00fcrlich inspirierten Trendfarbe Gr\u00fcn kombinieren Sie stilecht & modisch mit den Tipps aus dem Textilwaren Magazin \u2714","og_url":"https:\/\/www.textilwaren24.eu\/magazin\/kleidung-in-gruen-kombinieren\/","og_site_name":"Textilwaren Magazin","article_published_time":"2017-03-29T13:18:16+00:00","article_modified_time":"2021-11-03T14:15:43+00:00","og_image":[{"width":800,"height":554,"url":"https:\/\/www.textilwaren24.eu\/magazin\/wp-content\/uploads\/2017\/03\/Trendfarbe-gruen.jpg","type":"image\/jpeg"}],"author":"admin","twitter_card":"summary_large_image","twitter_misc":{"Verfasst von":"admin","Gesch\u00e4tzte Lesezeit":"5\u00a0Minuten"},"schema":{"@context":"https:\/\/schema.org","@graph":[{"@type":"WebPage","@id":"https:\/\/www.textilwaren24.eu\/magazin\/kleidung-in-gruen-kombinieren\/","url":"https:\/\/www.textilwaren24.eu\/magazin\/kleidung-in-gruen-kombinieren\/","name":"Kleidung und Accessoires in Gr\u00fcn kombinieren - Textilwaren Magazin","isPartOf":{"@id":"https:\/\/www.textilwaren24.eu\/magazin\/#website"},"primaryImageOfPage":{"@id":"https:\/\/www.textilwaren24.eu\/magazin\/kleidung-in-gruen-kombinieren\/#primaryimage"},"image":{"@id":"https:\/\/www.textilwaren24.eu\/magazin\/kleidung-in-gruen-kombinieren\/#primaryimage"},"thumbnailUrl":"https:\/\/www.textilwaren24.eu\/magazin\/wp-content\/uploads\/2017\/03\/Trendfarbe-gruen.jpg","datePublished":"2017-03-29T13:18:16+00:00","dateModified":"2021-11-03T14:15:43+00:00","author":{"@id":"https:\/\/www.textilwaren24.eu\/magazin\/#\/schema\/person\/9c4e510f1296cc7c4a90e209f49f38b4"},"description":"Schicke Fr\u00fchlingsmode in der nat\u00fcrlich inspirierten Trendfarbe Gr\u00fcn kombinieren Sie stilecht & modisch mit den Tipps aus dem Textilwaren Magazin \u2714","breadcrumb":{"@id":"https:\/\/www.textilwaren24.eu\/magazin\/kleidung-in-gruen-kombinieren\/#breadcrumb"},"inLanguage":"de","potentialAction":[{"@type":"ReadAction","target":["https:\/\/www.textilwaren24.eu\/magazin\/kleidung-in-gruen-kombinieren\/"]}]},{"@type":"ImageObject","inLanguage":"de","@id":"https:\/\/www.textilwaren24.eu\/magazin\/kleidung-in-gruen-kombinieren\/#primaryimage","url":"https:\/\/www.textilwaren24.eu\/magazin\/wp-content\/uploads\/2017\/03\/Trendfarbe-gruen.jpg","contentUrl":"https:\/\/www.textilwaren24.eu\/magazin\/wp-content\/uploads\/2017\/03\/Trendfarbe-gruen.jpg","width":800,"height":554,"caption":"\u00a9 Syda Productions \/ Fotolia.com"},{"@type":"BreadcrumbList","@id":"https:\/\/www.textilwaren24.eu\/magazin\/kleidung-in-gruen-kombinieren\/#breadcrumb","itemListElement":[{"@type":"ListItem","position":1,"name":"Home","item":"https:\/\/www.textilwaren24.eu\/magazin\/"},{"@type":"ListItem","position":2,"name":"Kleidung und Accessoires in Gr\u00fcn kombinieren"}]},{"@type":"WebSite","@id":"https:\/\/www.textilwaren24.eu\/magazin\/#website","url":"https:\/\/www.textilwaren24.eu\/magazin\/","name":"Textilwaren Magazin","description":"","potentialAction":[{"@type":"SearchAction","target":{"@type":"EntryPoint","urlTemplate":"https:\/\/www.textilwaren24.eu\/magazin\/?s={search_term_string}"},"query-input":{"@type":"PropertyValueSpecification","valueRequired":true,"valueName":"search_term_string"}}],"inLanguage":"de"},{"@type":"Person","@id":"https:\/\/www.textilwaren24.eu\/magazin\/#\/schema\/person\/9c4e510f1296cc7c4a90e209f49f38b4","name":"admin","image":{"@type":"ImageObject","inLanguage":"de","@id":"https:\/\/www.textilwaren24.eu\/magazin\/#\/schema\/person\/image\/","url":"https:\/\/secure.gravatar.com\/avatar\/a794a4fe8a9b9c52241597eb381dfa2e?s=96&d=mm&r=g","contentUrl":"https:\/\/secure.gravatar.com\/avatar\/a794a4fe8a9b9c52241597eb381dfa2e?s=96&d=mm&r=g","caption":"admin"}}]}},"_links":{"self":[{"href":"https:\/\/www.textilwaren24.eu\/magazin\/wp-json\/wp\/v2\/posts\/4806"}],"collection":[{"href":"https:\/\/www.textilwaren24.eu\/magazin\/wp-json\/wp\/v2\/posts"}],"about":[{"href":"https:\/\/www.textilwaren24.eu\/magazin\/wp-json\/wp\/v2\/types\/post"}],"author":[{"embeddable":true,"href":"https:\/\/www.textilwaren24.eu\/magazin\/wp-json\/wp\/v2\/users\/2"}],"replies":[{"embeddable":true,"href":"https:\/\/www.textilwaren24.eu\/magazin\/wp-json\/wp\/v2\/comments?post=4806"}],"version-history":[{"count":25,"href":"https:\/\/www.textilwaren24.eu\/magazin\/wp-json\/wp\/v2\/posts\/4806\/revisions"}],"predecessor-version":[{"id":27993,"href":"https:\/\/www.textilwaren24.eu\/magazin\/wp-json\/wp\/v2\/posts\/4806\/revisions\/27993"}],"wp:featuredmedia":[{"embeddable":true,"href":"https:\/\/www.textilwaren24.eu\/magazin\/wp-json\/wp\/v2\/media\/4807"}],"wp:attachment":[{"href":"https:\/\/www.textilwaren24.eu\/magazin\/wp-json\/wp\/v2\/media?parent=4806"}],"wp:term":[{"taxonomy":"category","embeddable":true,"href":"https:\/\/www.textilwaren24.eu\/magazin\/wp-json\/wp\/v2\/categories?post=4806"},{"taxonomy":"post_tag","embeddable":true,"href":"https:\/\/www.textilwaren24.eu\/magazin\/wp-json\/wp\/v2\/tags?post=4806"}],"curies":[{"name":"wp","href":"https:\/\/api.w.org\/{rel}","templated":true}]}}