{"id":5261,"date":"2017-05-02T09:01:49","date_gmt":"2017-05-02T07:01:49","guid":{"rendered":"https:\/\/www.textilwaren24.eu\/magazin\/?p=5261"},"modified":"2021-11-03T15:15:44","modified_gmt":"2021-11-03T14:15:44","slug":"kuehltasche","status":"publish","type":"post","link":"https:\/\/www.textilwaren24.eu\/magazin\/kuehltasche\/","title":{"rendered":"Mit der K\u00fchltasche an den Strand"},"content":{"rendered":"<div id=\"ez-toc-container\" class=\"ez-toc-v2_0_77 ez-toc-wrap-center counter-hierarchy ez-toc-counter ez-toc-grey ez-toc-container-direction\">\n<div class=\"ez-toc-title-container\">\n<p class=\"ez-toc-title\" style=\"cursor:inherit\">Inhaltsverzeichnis<\/p>\n<span class=\"ez-toc-title-toggle\"><a href=\"#\" class=\"ez-toc-pull-right ez-toc-btn ez-toc-btn-xs ez-toc-btn-default ez-toc-toggle\" aria-label=\"Toggle Table of Content\"><span class=\"ez-toc-js-icon-con\"><span class=\"\"><span class=\"eztoc-hide\" style=\"display:none;\">Toggle<\/span><span class=\"ez-toc-icon-toggle-span\"><svg style=\"fill: #999;color:#999\" xmlns=\"http:\/\/www.w3.org\/2000\/svg\" class=\"list-377408\" width=\"20px\" height=\"20px\" viewBox=\"0 0 24 24\" fill=\"none\"><path d=\"M6 6H4v2h2V6zm14 0H8v2h12V6zM4 11h2v2H4v-2zm16 0H8v2h12v-2zM4 16h2v2H4v-2zm16 0H8v2h12v-2z\" fill=\"currentColor\"><\/path><\/svg><svg style=\"fill: #999;color:#999\" class=\"arrow-unsorted-368013\" xmlns=\"http:\/\/www.w3.org\/2000\/svg\" width=\"10px\" height=\"10px\" viewBox=\"0 0 24 24\" version=\"1.2\" baseProfile=\"tiny\"><path d=\"M18.2 9.3l-6.2-6.3-6.2 6.3c-.2.2-.3.4-.3.7s.1.5.3.7c.2.2.4.3.7.3h11c.3 0 .5-.1.7-.3.2-.2.3-.5.3-.7s-.1-.5-.3-.7zM5.8 14.7l6.2 6.3 6.2-6.3c.2-.2.3-.5.3-.7s-.1-.5-.3-.7c-.2-.2-.4-.3-.7-.3h-11c-.3 0-.5.1-.7.3-.2.2-.3.5-.3.7s.1.5.3.7z\"\/><\/svg><\/span><\/span><\/span><\/a><\/span><\/div>\n<nav><ul class='ez-toc-list ez-toc-list-level-1 ' ><li class='ez-toc-page-1 ez-toc-heading-level-2'><a class=\"ez-toc-link ez-toc-heading-1\" href=\"https:\/\/www.textilwaren24.eu\/magazin\/kuehltasche\/#%C2%ABSo_kuehlen_Sie_Ihre_Speisen_und_Getraenke_ueberall%C2%BB\" >\u00abSo k\u00fchlen Sie Ihre Speisen und Getr\u00e4nke \u00fcberall\u00bb<\/a><\/li><li class='ez-toc-page-1 ez-toc-heading-level-2'><a class=\"ez-toc-link ez-toc-heading-2\" href=\"https:\/\/www.textilwaren24.eu\/magazin\/kuehltasche\/#Funktionsweise_und_Aufbau\" >Funktionsweise und Aufbau<\/a><\/li><li class='ez-toc-page-1 ez-toc-heading-level-2'><a class=\"ez-toc-link ez-toc-heading-3\" href=\"https:\/\/www.textilwaren24.eu\/magazin\/kuehltasche\/#Fuer_jeden_Einsatzzweck_die_richtige_Kuehltasche\" >F\u00fcr jeden Einsatzzweck die richtige K\u00fchltasche<\/a><\/li><li class='ez-toc-page-1 ez-toc-heading-level-2'><a class=\"ez-toc-link ez-toc-heading-4\" href=\"https:\/\/www.textilwaren24.eu\/magazin\/kuehltasche\/#Kuehle_Temperaturen_lange_aufrechterhalten\" >K\u00fchle Temperaturen lange aufrechterhalten<\/a><\/li><li class='ez-toc-page-1 ez-toc-heading-level-2'><a class=\"ez-toc-link ez-toc-heading-5\" href=\"https:\/\/www.textilwaren24.eu\/magazin\/kuehltasche\/#Unabhaengigkeit_geniessen_selbst_wenn_Sie_regelmaessig_Medikamente_benoetigen\" >Unabh\u00e4ngigkeit genie\u00dfen, selbst wenn Sie regelm\u00e4\u00dfig Medikamente ben\u00f6tigen<\/a><\/li><li class='ez-toc-page-1 ez-toc-heading-level-2'><a class=\"ez-toc-link ez-toc-heading-6\" href=\"https:\/\/www.textilwaren24.eu\/magazin\/kuehltasche\/#Cool_Cooler_Kuehltasche\" >Cool, Cooler, K\u00fchltasche<\/a><\/li><\/ul><\/nav><\/div>\n<h2><span class=\"ez-toc-section\" id=\"%C2%ABSo_kuehlen_Sie_Ihre_Speisen_und_Getraenke_ueberall%C2%BB\"><\/span>\u00abSo k\u00fchlen Sie Ihre Speisen und Getr\u00e4nke \u00fcberall\u00bb<span class=\"ez-toc-section-end\"><\/span><\/h2>\n<p style=\"text-align: justify;\"><strong>Ob im Freibad, beim Picknick im Park, auf der Fahrt in den Urlaub, beim Wandern oder auf der Radtour: In einer K\u00fchltasche bleiben Lebensmittel appetitlich frisch und wunderbar k\u00fchl. Auch f\u00fcr Gro\u00dfeink\u00e4ufe und den Transport von tiefgek\u00fchlten Lebensmitteln, nicht nur an hei\u00dfen Tagen, eignen sich die praktischen Helfer gut. In diesem Ratgeberartikel m\u00f6chten wir Ihnen verschiedene Halfar Taschen und ihre Einsatzgebiete vorstellen. Zudem erfahren Sie, was Sie beim K\u00fchlen beachten m\u00fcssen, wie Sie das Beh\u00e4ltnis richtig packen und wie Sie Medikamente sicher in der K\u00fchltasche transportieren. <\/strong><\/p>\n<h2><span class=\"ez-toc-section\" id=\"Funktionsweise_und_Aufbau\"><\/span>Funktionsweise und Aufbau<span class=\"ez-toc-section-end\"><\/span><\/h2>\n<p style=\"text-align: justify;\">Die klassische K\u00fchltasche unter den <a href=\"https:\/\/www.textilwaren24.eu\/halfar\/\">Halfar Taschen<\/a> funktioniert mittels K\u00fchlakku, der vor der Nutzung einfach f\u00fcr mindestens 12 Stunden eingefroren wird. Dieses Strand-Zubeh\u00f6r wird deshalb im Fachjargon auch als passive K\u00fchltasche bezeichnet. Durch ihre durchdachte Ausf\u00fchrung h\u00e4lt sie die Temperatur relativ lange niedrig, ohne dass daf\u00fcr eine Stromquelle notwendig w\u00e4re. Die Au\u00dfenseite ist aus \u00e4u\u00dferst robustem Kunstfasergewebe gefertigt, der Innenbereich zumeist mit einer k\u00e4ltereflektierenden Spezialfolie versehen. Dazwischen befindet sich eine isolierende Schicht aus Spezialschaum.<\/p>\n<p style=\"text-align: justify;\"><a href=\"https:\/\/www.textilwaren24.eu\/taschen-und-rucksaecke\/freizeittaschen\/nt1130-kuehltasche-celsius\"><img loading=\"lazy\" decoding=\"async\" class=\"alignright wp-image-5265 size-full\" title=\"K\u00fchltasche &quot;Celsius&quot; von Diverse\" src=\"https:\/\/www.textilwaren24.eu\/magazin\/wp-content\/uploads\/2017\/05\/K\u00fchltasche-Celsius-von-Diverse.jpg\" alt=\"Diverse K\u00fchltasche Celsius\" width=\"300\" height=\"300\" srcset=\"https:\/\/www.textilwaren24.eu\/magazin\/wp-content\/uploads\/2017\/05\/K\u00fchltasche-Celsius-von-Diverse.jpg 300w, https:\/\/www.textilwaren24.eu\/magazin\/wp-content\/uploads\/2017\/05\/K\u00fchltasche-Celsius-von-Diverse-150x150.jpg 150w\" sizes=\"(max-width: 300px) 100vw, 300px\" \/><\/a>Verschlossen werden die Taschen mit einem stabilen Zwei-Wege-Rei\u00dfverschluss, sodass die Entnahme der Lebensmittel rasch und nahezu ohne K\u00fchlverlust erfolgen kann. Modelle mit etwas gr\u00f6\u00dferem Volumen verf\u00fcgen meist \u00fcber aufgesetzte Taschen, in denen sich unterwegs ben\u00f6tigte Flaschen\u00f6ffner oder Bestecke griffbereit verwahren lassen. Ein besonders praktisches Merkmal dieser Alltagshelfer ist ihre Flexibilit\u00e4t: Nach dem Freibad Besuch oder dem entspannten Picknick lassen sie sich platzsparend zusammenfalten und ben\u00f6tigen kaum Stauraum.<\/p>\n<h2><span class=\"ez-toc-section\" id=\"Fuer_jeden_Einsatzzweck_die_richtige_Kuehltasche\"><\/span>F\u00fcr jeden Einsatzzweck die richtige K\u00fchltasche<span class=\"ez-toc-section-end\"><\/span><\/h2>\n<p style=\"text-align: justify;\">Eine Wanderung erfordert eine andere K\u00fchltasche als der Strandbesuch mit der ganzen Familie, w\u00e4hrend f\u00fcr den t\u00e4glichen Imbiss bei der Arbeit ein kompaktes Modell gen\u00fcgt. Deshalb erhalten Sie Halfar K\u00fchltaschen in verschiedenen Ausf\u00fchrungen und Gr\u00f6\u00dfen. Die <a href=\"https:\/\/www.textilwaren24.eu\/taschen-und-rucksaecke\/freizeittaschen\/hf9797-halfar-kuehltasche-solution\">Umh\u00e4ngek\u00fchltasche Halfar Solution<\/a> fasst eine handels\u00fcbliche 0,33 Liter Trinkflasche. Sie ist nicht nur ideal f\u00fcr den Stadtbummel und Outdoor-Aktivit\u00e4ten, sondern k\u00fchlt an hei\u00dfen Tagen auch das Pausengetr\u00e4nk Ihrer Kids. Die optimale Erg\u00e4nzung ist eine <a href=\"https:\/\/www.textilwaren24.eu\/taschen-und-rucksaecke\/freizeittaschen\/nt810-vesper-kuehltasche\">Vesper-K\u00fchltasche<\/a>, in der Snacks bis zum Verzehr frisch gehalten werden. Durch die kleinen Ma\u00dfe l\u00e4sst sich diese Version selbst in <a href=\"https:\/\/www.textilwaren24.eu\/taschen-und-rucksaecke\/rucksaecke\">Backpack und Schultasche<\/a> verstauen.<\/p>\n<p style=\"text-align: justify;\"><img loading=\"lazy\" decoding=\"async\" class=\"alignleft wp-image-5268 size-full\" title=\"Kompakte Umh\u00e4ngek\u00fchltasche von Diverse\" src=\"https:\/\/www.textilwaren24.eu\/magazin\/wp-content\/uploads\/2017\/05\/K\u00fchltasche-f\u00fcr-eine-Flasche.jpg\" alt=\"Umh\u00e4ngek\u00fchltasche Diverse\" width=\"300\" height=\"416\" srcset=\"https:\/\/www.textilwaren24.eu\/magazin\/wp-content\/uploads\/2017\/05\/K\u00fchltasche-f\u00fcr-eine-Flasche.jpg 300w, https:\/\/www.textilwaren24.eu\/magazin\/wp-content\/uploads\/2017\/05\/K\u00fchltasche-f\u00fcr-eine-Flasche-216x300.jpg 216w\" sizes=\"(max-width: 300px) 100vw, 300px\" \/>Sie m\u00f6chten in erster Linie Getr\u00e4nke auf dem Weg in den Urlaub oder f\u00fcr die Party auf dem Balkon k\u00fchlen? Dann sind hohe Taschen, die bis zu sechs 1,5 Liter Flaschen fassen, perfekt. Breite und flachere Modelle, die es mit unterschiedlichem Fassungsverm\u00f6gen gibt, passen in den Fahrradkorb oder finden in den kompakten Ausf\u00fchrungen auch in der Badetasche Platz. Sie sind so konzipiert, dass je nach Bedarf die Lebensmittel f\u00fcr eine oder mehrere Personen transportiert werden k\u00f6nnen.<\/p>\n<p style=\"text-align: justify;\">Sind Sie mit der ganzen Familie unterwegs, sind <a href=\"https:\/\/www.textilwaren24.eu\/taschen-und-rucksaecke\/freizeittaschen\/hf2211-halfar-kuehltasche-family\">Familien-K\u00fchltaschen<\/a> ideal. Gro\u00dfvolumig lassen sich in diesem Strand Zubeh\u00f6r neben Drinks der leckere Nudel- oder Kartoffelsalat, Br\u00f6tchen und Obst f\u00fcr einen langen Strandtag oder das Picknick verstauen.<\/p>\n<p style=\"text-align: justify;\">Gerade wenn Sie mit kleinen Kindern zum Baden gehen und viele Handt\u00fccher oder Spielsachen mitnehmen m\u00fcssen, werden Sie einen weiteren positiven Aspekt der Taschen zu sch\u00e4tzen wissen: Sie sind trotz ihrer tollen Gr\u00f6\u00dfe angenehm leicht. Die zahlreichen fr\u00f6hlichen Farben, in denen Sie diese Alltagshelfer erhalten, werden Sie begeistern. Bedenken Sie bei der Farbwahl, dass helle Nuancen das Sonnenlicht reflektieren. Dies hat den Vorteil, dass der Inhalt l\u00e4nger kalt bleibt, wenn Sie die Halfar Tasche vor\u00fcbergehend in die Sonne stellen. Signalfarben wie rot, orange oder apfelgr\u00fcn sind weithin sichtbar, was im gut besuchten Freibad ein Pluspunkt sein kann.<\/p>\n<h2><span class=\"ez-toc-section\" id=\"Kuehle_Temperaturen_lange_aufrechterhalten\"><\/span>K\u00fchle Temperaturen lange aufrechterhalten<span class=\"ez-toc-section-end\"><\/span><\/h2>\n<p style=\"text-align: justify;\">Gek\u00fchlt werden die Taschen mittels K\u00fchlakkus, die zuvor im Gefrierschrank heruntergek\u00fchlt wurden. Da es in einer kleinen und dicht gepackten K\u00fchltasche einfacher ist, die K\u00e4lte zu halten, sollten Sie das kleinstm\u00f6gliche Taschenvolumen w\u00e4hlen. Sie haben gerade keinen speziellen Akku zur Hand? Kein Problem, eine mit Wasser gef\u00fcllte und in der Gefriertruhe eingefrorene PET-Flasche tut es im Notfall auch. K\u00fchlpads mit Gelf\u00fcllung lassen sich ebenso gut verwenden. Alle Lebensmittel sollten ebenfalls gut gek\u00fchlt und direkt aus dem K\u00fchlschrank in die Halfar K\u00fchltasche gegeben werden.<\/p>\n<blockquote>\n<p style=\"text-align: justify;\">Achten Sie beim Verstauen darauf, dass nur wenig Raum zwischen den in Plastikdosen oder Folie verpackten Speisen bleibt.<\/p>\n<\/blockquote>\n<p style=\"text-align: justify;\">Dadurch tauen die K\u00fchlelemente sehr viel langsamer auf. Der K\u00fchlakku kommt obenauf, denn die kalte Luft ist schwer und sinkt nach unten. Am Baggersee oder Picknickplatz angekommen sollten Sie die Halfar Taschen bevorzugt in den Schatten stellen. Alternativ k\u00f6nnen Sie das Strand-Zubeh\u00f6r mit einem hellen, angefeuchteten Tuch bedecken und so daf\u00fcr sorgen, dass der Inhalt den ganzen Tag k\u00fchl bleibt. \u00d6ffnen Sie die Box nicht h\u00e4ufiger als unbedingt n\u00f6tig, damit m\u00f6glichst wenig K\u00e4lte entweicht.<\/p>\n<h2><span class=\"ez-toc-section\" id=\"Unabhaengigkeit_geniessen_selbst_wenn_Sie_regelmaessig_Medikamente_benoetigen\"><\/span>Unabh\u00e4ngigkeit genie\u00dfen, selbst wenn Sie regelm\u00e4\u00dfig Medikamente ben\u00f6tigen<span class=\"ez-toc-section-end\"><\/span><\/h2>\n<p style=\"text-align: justify;\">Hitzeempfindliche Arzneimittel wie beispielsweise Insulin, bestimmte Augentropfen oder Zytostatika ben\u00f6tigen auch unterwegs K\u00fchlung. Dies gilt ebenfalls f\u00fcr viele Arzneien, die eigentlich bei Zimmertemperatur gelagert werden d\u00fcrfen. Stellen Sie Ihren PKW auf dem Weg in den Urlaub in der Sonne ab, k\u00f6nnen Dosieraerosole, Salben oder Z\u00e4pfchen durch die schnell ansteigenden und sehr hohen Temperaturen unbrauchbar werden. Durch ihre robusten Materialien sch\u00fctzen Halfar K\u00fchltaschen die Beh\u00e4ltnisse zudem vor Besch\u00e4digungen und tragen dadurch dazu bei, dass die lebensnotwendigen Medikamente sicher transportiert werden k\u00f6nnen.<\/p>\n<p style=\"text-align: justify;\"><a href=\"https:\/\/www.textilwaren24.eu\/taschen-und-rucksaecke\/freizeittaschen\/nt3656-kuehltasche-innsbruck\"><img loading=\"lazy\" decoding=\"async\" class=\"alignright wp-image-5274 size-full\" title=\"K\u00fchltasche &quot;Innsbruck&quot; von Diverse\" src=\"https:\/\/www.textilwaren24.eu\/magazin\/wp-content\/uploads\/2017\/05\/K\u00fchltasche-Innsbruck.jpg\" alt=\"K\u00fchltasche Innsbruck\" width=\"300\" height=\"252\" \/><\/a>Bedenken Sie, dass viele Fluggesellschaften aus Sicherheitsgr\u00fcnden keine Gelakkus zulassen und verwenden Sie ausschlie\u00dflich zuvor eingefrorene Wasserakkus. Wickeln Sie die Akkus in Zeitungspapier oder ein Handtuch, denn dies verhindert das Gefrieren der Arzneimittel. Was f\u00fcr das Picknick gilt, gilt auch f\u00fcr diesen Fall: Stellen Sie die Halfar Tasche an einen Platz, der nicht von der Sonne beschienen wird, beispielsweise unter den Autositz.<\/p>\n<h2><span class=\"ez-toc-section\" id=\"Cool_Cooler_Kuehltasche\"><\/span>Cool, Cooler, K\u00fchltasche<span class=\"ez-toc-section-end\"><\/span><\/h2>\n<p style=\"text-align: justify;\">K\u00fchltaschen sind im Sommer unverzichtbar, um Getr\u00e4nke und Speisen im Freibad, bei Outdoor-Aktivit\u00e4ten oder im Urlaub frisch zu halten. Durch die unterschiedlichen Gr\u00f6\u00dfen und Formen gibt es f\u00fcr jeden Einsatzzweck die perfekte Tasche, die m\u00f6glichst dicht gepackt und mit einem K\u00fchlakku best\u00fcckt Snacks und Drinks wunderbar k\u00fchlt. Bei warmem Wetter finden die hilfreichen Beh\u00e4ltnisse auch beim n\u00e4chsten Supermarkteinkauf Verwendung und verhindern, dass Eiscreme, Tiefk\u00fchlkost, Schokolade oder empfindliche Lebensmittel bereits auf dem Heimweg verderben. Zeigen Sie mit K\u00fchltaschen der Hitze die coole Schulter und verzichten Sie auch unterwegs nicht auf gut gek\u00fchlte Getr\u00e4nke und Speisen.<\/p>\n","protected":false},"excerpt":{"rendered":"<p>\u00abSo k\u00fchlen Sie Ihre Speisen und Getr\u00e4nke \u00fcberall\u00bb Ob im Freibad, beim Picknick im Park, auf der Fahrt in den Urlaub, beim Wandern oder auf der Radtour: In einer K\u00fchltasche bleiben Lebensmittel appetitlich frisch und wunderbar k\u00fchl. Auch f\u00fcr Gro\u00dfeink\u00e4ufe und den Transport von tiefgek\u00fchlten Lebensmitteln, nicht nur an hei\u00dfen Tagen, eignen sich die praktischen &hellip;<\/p>\n","protected":false},"author":2,"featured_media":5264,"comment_status":"closed","ping_status":"open","sticky":false,"template":"","format":"standard","meta":{"footnotes":""},"categories":[7],"tags":[28,326,325,20,213],"class_list":["post-5261","post","type-post","status-publish","format-standard","has-post-thumbnail","hentry","category-accessoires","tag-accessoires","tag-familien-kuehltaschen","tag-kuehltaschen","tag-rucksaecke","tag-sommeraccessoires"],"yoast_head":"<!-- This site is optimized with the Yoast SEO plugin v25.6 - https:\/\/yoast.com\/wordpress\/plugins\/seo\/ -->\n<title>Mit der K\u00fchltasche an den Strand - Textilwaren Magazin<\/title>\n<meta name=\"description\" content=\"K\u00fchltaschen erm\u00f6glichen K\u00fchlung unterwegs! - Das Textilwaren Magazin erkl\u00e4rt die passiven K\u00fchlwunder f\u00fcr Eink\u00e4ufe \u2714 Ausfl\u00fcge \u2714 Medikamente \u2714\" \/>\n<meta name=\"robots\" content=\"index, follow, max-snippet:-1, max-image-preview:large, max-video-preview:-1\" \/>\n<link rel=\"canonical\" href=\"https:\/\/www.textilwaren24.eu\/magazin\/kuehltasche\/\" \/>\n<meta property=\"og:locale\" content=\"de_DE\" \/>\n<meta property=\"og:type\" content=\"article\" \/>\n<meta property=\"og:title\" content=\"Mit der K\u00fchltasche an den Strand - Textilwaren Magazin\" \/>\n<meta property=\"og:description\" content=\"K\u00fchltaschen erm\u00f6glichen K\u00fchlung unterwegs! - Das Textilwaren Magazin erkl\u00e4rt die passiven K\u00fchlwunder f\u00fcr Eink\u00e4ufe \u2714 Ausfl\u00fcge \u2714 Medikamente \u2714\" \/>\n<meta property=\"og:url\" content=\"https:\/\/www.textilwaren24.eu\/magazin\/kuehltasche\/\" \/>\n<meta property=\"og:site_name\" content=\"Textilwaren Magazin\" \/>\n<meta property=\"article:published_time\" content=\"2017-05-02T07:01:49+00:00\" \/>\n<meta property=\"article:modified_time\" content=\"2021-11-03T14:15:44+00:00\" \/>\n<meta property=\"og:image\" content=\"https:\/\/www.textilwaren24.eu\/magazin\/wp-content\/uploads\/2017\/05\/K\u00fchltasche-.jpg\" \/>\n\t<meta property=\"og:image:width\" content=\"660\" \/>\n\t<meta property=\"og:image:height\" content=\"441\" \/>\n\t<meta property=\"og:image:type\" content=\"image\/jpeg\" \/>\n<meta name=\"author\" content=\"admin\" \/>\n<meta name=\"twitter:card\" content=\"summary_large_image\" \/>\n<meta name=\"twitter:label1\" content=\"Verfasst von\" \/>\n\t<meta name=\"twitter:data1\" content=\"admin\" \/>\n\t<meta name=\"twitter:label2\" content=\"Gesch\u00e4tzte Lesezeit\" \/>\n\t<meta name=\"twitter:data2\" content=\"6\u00a0Minuten\" \/>\n<script type=\"application\/ld+json\" class=\"yoast-schema-graph\">{\"@context\":\"https:\/\/schema.org\",\"@graph\":[{\"@type\":\"WebPage\",\"@id\":\"https:\/\/www.textilwaren24.eu\/magazin\/kuehltasche\/\",\"url\":\"https:\/\/www.textilwaren24.eu\/magazin\/kuehltasche\/\",\"name\":\"Mit der K\u00fchltasche an den Strand - Textilwaren Magazin\",\"isPartOf\":{\"@id\":\"https:\/\/www.textilwaren24.eu\/magazin\/#website\"},\"primaryImageOfPage\":{\"@id\":\"https:\/\/www.textilwaren24.eu\/magazin\/kuehltasche\/#primaryimage\"},\"image\":{\"@id\":\"https:\/\/www.textilwaren24.eu\/magazin\/kuehltasche\/#primaryimage\"},\"thumbnailUrl\":\"https:\/\/www.textilwaren24.eu\/magazin\/wp-content\/uploads\/2017\/05\/K\u00fchltasche-.jpg\",\"datePublished\":\"2017-05-02T07:01:49+00:00\",\"dateModified\":\"2021-11-03T14:15:44+00:00\",\"author\":{\"@id\":\"https:\/\/www.textilwaren24.eu\/magazin\/#\/schema\/person\/9c4e510f1296cc7c4a90e209f49f38b4\"},\"description\":\"K\u00fchltaschen erm\u00f6glichen K\u00fchlung unterwegs! - Das Textilwaren Magazin erkl\u00e4rt die passiven K\u00fchlwunder f\u00fcr Eink\u00e4ufe \u2714 Ausfl\u00fcge \u2714 Medikamente \u2714\",\"breadcrumb\":{\"@id\":\"https:\/\/www.textilwaren24.eu\/magazin\/kuehltasche\/#breadcrumb\"},\"inLanguage\":\"de\",\"potentialAction\":[{\"@type\":\"ReadAction\",\"target\":[\"https:\/\/www.textilwaren24.eu\/magazin\/kuehltasche\/\"]}]},{\"@type\":\"ImageObject\",\"inLanguage\":\"de\",\"@id\":\"https:\/\/www.textilwaren24.eu\/magazin\/kuehltasche\/#primaryimage\",\"url\":\"https:\/\/www.textilwaren24.eu\/magazin\/wp-content\/uploads\/2017\/05\/K\u00fchltasche-.jpg\",\"contentUrl\":\"https:\/\/www.textilwaren24.eu\/magazin\/wp-content\/uploads\/2017\/05\/K\u00fchltasche-.jpg\",\"width\":660,\"height\":441,\"caption\":\"\u00a9 dmitrimaruta \/ Fotolia.com\"},{\"@type\":\"BreadcrumbList\",\"@id\":\"https:\/\/www.textilwaren24.eu\/magazin\/kuehltasche\/#breadcrumb\",\"itemListElement\":[{\"@type\":\"ListItem\",\"position\":1,\"name\":\"Home\",\"item\":\"https:\/\/www.textilwaren24.eu\/magazin\/\"},{\"@type\":\"ListItem\",\"position\":2,\"name\":\"Mit der K\u00fchltasche an den Strand\"}]},{\"@type\":\"WebSite\",\"@id\":\"https:\/\/www.textilwaren24.eu\/magazin\/#website\",\"url\":\"https:\/\/www.textilwaren24.eu\/magazin\/\",\"name\":\"Textilwaren Magazin\",\"description\":\"\",\"potentialAction\":[{\"@type\":\"SearchAction\",\"target\":{\"@type\":\"EntryPoint\",\"urlTemplate\":\"https:\/\/www.textilwaren24.eu\/magazin\/?s={search_term_string}\"},\"query-input\":{\"@type\":\"PropertyValueSpecification\",\"valueRequired\":true,\"valueName\":\"search_term_string\"}}],\"inLanguage\":\"de\"},{\"@type\":\"Person\",\"@id\":\"https:\/\/www.textilwaren24.eu\/magazin\/#\/schema\/person\/9c4e510f1296cc7c4a90e209f49f38b4\",\"name\":\"admin\",\"image\":{\"@type\":\"ImageObject\",\"inLanguage\":\"de\",\"@id\":\"https:\/\/www.textilwaren24.eu\/magazin\/#\/schema\/person\/image\/\",\"url\":\"https:\/\/secure.gravatar.com\/avatar\/a794a4fe8a9b9c52241597eb381dfa2e?s=96&d=mm&r=g\",\"contentUrl\":\"https:\/\/secure.gravatar.com\/avatar\/a794a4fe8a9b9c52241597eb381dfa2e?s=96&d=mm&r=g\",\"caption\":\"admin\"}}]}<\/script>\n<!-- \/ Yoast SEO plugin. -->","yoast_head_json":{"title":"Mit der K\u00fchltasche an den Strand - Textilwaren Magazin","description":"K\u00fchltaschen erm\u00f6glichen K\u00fchlung unterwegs! - Das Textilwaren Magazin erkl\u00e4rt die passiven K\u00fchlwunder f\u00fcr Eink\u00e4ufe \u2714 Ausfl\u00fcge \u2714 Medikamente \u2714","robots":{"index":"index","follow":"follow","max-snippet":"max-snippet:-1","max-image-preview":"max-image-preview:large","max-video-preview":"max-video-preview:-1"},"canonical":"https:\/\/www.textilwaren24.eu\/magazin\/kuehltasche\/","og_locale":"de_DE","og_type":"article","og_title":"Mit der K\u00fchltasche an den Strand - Textilwaren Magazin","og_description":"K\u00fchltaschen erm\u00f6glichen K\u00fchlung unterwegs! - Das Textilwaren Magazin erkl\u00e4rt die passiven K\u00fchlwunder f\u00fcr Eink\u00e4ufe \u2714 Ausfl\u00fcge \u2714 Medikamente \u2714","og_url":"https:\/\/www.textilwaren24.eu\/magazin\/kuehltasche\/","og_site_name":"Textilwaren Magazin","article_published_time":"2017-05-02T07:01:49+00:00","article_modified_time":"2021-11-03T14:15:44+00:00","og_image":[{"width":660,"height":441,"url":"https:\/\/www.textilwaren24.eu\/magazin\/wp-content\/uploads\/2017\/05\/K\u00fchltasche-.jpg","type":"image\/jpeg"}],"author":"admin","twitter_card":"summary_large_image","twitter_misc":{"Verfasst von":"admin","Gesch\u00e4tzte Lesezeit":"6\u00a0Minuten"},"schema":{"@context":"https:\/\/schema.org","@graph":[{"@type":"WebPage","@id":"https:\/\/www.textilwaren24.eu\/magazin\/kuehltasche\/","url":"https:\/\/www.textilwaren24.eu\/magazin\/kuehltasche\/","name":"Mit der K\u00fchltasche an den Strand - Textilwaren Magazin","isPartOf":{"@id":"https:\/\/www.textilwaren24.eu\/magazin\/#website"},"primaryImageOfPage":{"@id":"https:\/\/www.textilwaren24.eu\/magazin\/kuehltasche\/#primaryimage"},"image":{"@id":"https:\/\/www.textilwaren24.eu\/magazin\/kuehltasche\/#primaryimage"},"thumbnailUrl":"https:\/\/www.textilwaren24.eu\/magazin\/wp-content\/uploads\/2017\/05\/K\u00fchltasche-.jpg","datePublished":"2017-05-02T07:01:49+00:00","dateModified":"2021-11-03T14:15:44+00:00","author":{"@id":"https:\/\/www.textilwaren24.eu\/magazin\/#\/schema\/person\/9c4e510f1296cc7c4a90e209f49f38b4"},"description":"K\u00fchltaschen erm\u00f6glichen K\u00fchlung unterwegs! - Das Textilwaren Magazin erkl\u00e4rt die passiven K\u00fchlwunder f\u00fcr Eink\u00e4ufe \u2714 Ausfl\u00fcge \u2714 Medikamente \u2714","breadcrumb":{"@id":"https:\/\/www.textilwaren24.eu\/magazin\/kuehltasche\/#breadcrumb"},"inLanguage":"de","potentialAction":[{"@type":"ReadAction","target":["https:\/\/www.textilwaren24.eu\/magazin\/kuehltasche\/"]}]},{"@type":"ImageObject","inLanguage":"de","@id":"https:\/\/www.textilwaren24.eu\/magazin\/kuehltasche\/#primaryimage","url":"https:\/\/www.textilwaren24.eu\/magazin\/wp-content\/uploads\/2017\/05\/K\u00fchltasche-.jpg","contentUrl":"https:\/\/www.textilwaren24.eu\/magazin\/wp-content\/uploads\/2017\/05\/K\u00fchltasche-.jpg","width":660,"height":441,"caption":"\u00a9 dmitrimaruta \/ Fotolia.com"},{"@type":"BreadcrumbList","@id":"https:\/\/www.textilwaren24.eu\/magazin\/kuehltasche\/#breadcrumb","itemListElement":[{"@type":"ListItem","position":1,"name":"Home","item":"https:\/\/www.textilwaren24.eu\/magazin\/"},{"@type":"ListItem","position":2,"name":"Mit der K\u00fchltasche an den Strand"}]},{"@type":"WebSite","@id":"https:\/\/www.textilwaren24.eu\/magazin\/#website","url":"https:\/\/www.textilwaren24.eu\/magazin\/","name":"Textilwaren Magazin","description":"","potentialAction":[{"@type":"SearchAction","target":{"@type":"EntryPoint","urlTemplate":"https:\/\/www.textilwaren24.eu\/magazin\/?s={search_term_string}"},"query-input":{"@type":"PropertyValueSpecification","valueRequired":true,"valueName":"search_term_string"}}],"inLanguage":"de"},{"@type":"Person","@id":"https:\/\/www.textilwaren24.eu\/magazin\/#\/schema\/person\/9c4e510f1296cc7c4a90e209f49f38b4","name":"admin","image":{"@type":"ImageObject","inLanguage":"de","@id":"https:\/\/www.textilwaren24.eu\/magazin\/#\/schema\/person\/image\/","url":"https:\/\/secure.gravatar.com\/avatar\/a794a4fe8a9b9c52241597eb381dfa2e?s=96&d=mm&r=g","contentUrl":"https:\/\/secure.gravatar.com\/avatar\/a794a4fe8a9b9c52241597eb381dfa2e?s=96&d=mm&r=g","caption":"admin"}}]}},"_links":{"self":[{"href":"https:\/\/www.textilwaren24.eu\/magazin\/wp-json\/wp\/v2\/posts\/5261"}],"collection":[{"href":"https:\/\/www.textilwaren24.eu\/magazin\/wp-json\/wp\/v2\/posts"}],"about":[{"href":"https:\/\/www.textilwaren24.eu\/magazin\/wp-json\/wp\/v2\/types\/post"}],"author":[{"embeddable":true,"href":"https:\/\/www.textilwaren24.eu\/magazin\/wp-json\/wp\/v2\/users\/2"}],"replies":[{"embeddable":true,"href":"https:\/\/www.textilwaren24.eu\/magazin\/wp-json\/wp\/v2\/comments?post=5261"}],"version-history":[{"count":12,"href":"https:\/\/www.textilwaren24.eu\/magazin\/wp-json\/wp\/v2\/posts\/5261\/revisions"}],"predecessor-version":[{"id":28004,"href":"https:\/\/www.textilwaren24.eu\/magazin\/wp-json\/wp\/v2\/posts\/5261\/revisions\/28004"}],"wp:featuredmedia":[{"embeddable":true,"href":"https:\/\/www.textilwaren24.eu\/magazin\/wp-json\/wp\/v2\/media\/5264"}],"wp:attachment":[{"href":"https:\/\/www.textilwaren24.eu\/magazin\/wp-json\/wp\/v2\/media?parent=5261"}],"wp:term":[{"taxonomy":"category","embeddable":true,"href":"https:\/\/www.textilwaren24.eu\/magazin\/wp-json\/wp\/v2\/categories?post=5261"},{"taxonomy":"post_tag","embeddable":true,"href":"https:\/\/www.textilwaren24.eu\/magazin\/wp-json\/wp\/v2\/tags?post=5261"}],"curies":[{"name":"wp","href":"https:\/\/api.w.org\/{rel}","templated":true}]}}