{"id":6514,"date":"2017-09-04T08:57:13","date_gmt":"2017-09-04T06:57:13","guid":{"rendered":"https:\/\/www.textilwaren24.eu\/magazin\/?p=6514"},"modified":"2023-01-03T10:20:48","modified_gmt":"2023-01-03T09:20:48","slug":"outdoor-westen-fuer-herren","status":"publish","type":"post","link":"https:\/\/www.textilwaren24.eu\/magazin\/outdoor-westen-fuer-herren\/","title":{"rendered":"Outdoor-Westen f\u00fcr Herren"},"content":{"rendered":"<div id=\"ez-toc-container\" class=\"ez-toc-v2_0_77 ez-toc-wrap-center counter-hierarchy ez-toc-counter ez-toc-grey ez-toc-container-direction\">\n<div class=\"ez-toc-title-container\">\n<p class=\"ez-toc-title\" style=\"cursor:inherit\">Inhaltsverzeichnis<\/p>\n<span class=\"ez-toc-title-toggle\"><a href=\"#\" class=\"ez-toc-pull-right ez-toc-btn ez-toc-btn-xs ez-toc-btn-default ez-toc-toggle\" aria-label=\"Toggle Table of Content\"><span class=\"ez-toc-js-icon-con\"><span class=\"\"><span class=\"eztoc-hide\" style=\"display:none;\">Toggle<\/span><span class=\"ez-toc-icon-toggle-span\"><svg style=\"fill: #999;color:#999\" xmlns=\"http:\/\/www.w3.org\/2000\/svg\" class=\"list-377408\" width=\"20px\" height=\"20px\" viewBox=\"0 0 24 24\" fill=\"none\"><path d=\"M6 6H4v2h2V6zm14 0H8v2h12V6zM4 11h2v2H4v-2zm16 0H8v2h12v-2zM4 16h2v2H4v-2zm16 0H8v2h12v-2z\" fill=\"currentColor\"><\/path><\/svg><svg style=\"fill: #999;color:#999\" class=\"arrow-unsorted-368013\" xmlns=\"http:\/\/www.w3.org\/2000\/svg\" width=\"10px\" height=\"10px\" viewBox=\"0 0 24 24\" version=\"1.2\" baseProfile=\"tiny\"><path d=\"M18.2 9.3l-6.2-6.3-6.2 6.3c-.2.2-.3.4-.3.7s.1.5.3.7c.2.2.4.3.7.3h11c.3 0 .5-.1.7-.3.2-.2.3-.5.3-.7s-.1-.5-.3-.7zM5.8 14.7l6.2 6.3 6.2-6.3c.2-.2.3-.5.3-.7s-.1-.5-.3-.7c-.2-.2-.4-.3-.7-.3h-11c-.3 0-.5.1-.7.3-.2.2-.3.5-.3.7s.1.5.3.7z\"\/><\/svg><\/span><\/span><\/span><\/a><\/span><\/div>\n<nav><ul class='ez-toc-list ez-toc-list-level-1 ' ><li class='ez-toc-page-1 ez-toc-heading-level-2'><a class=\"ez-toc-link ez-toc-heading-1\" href=\"https:\/\/www.textilwaren24.eu\/magazin\/outdoor-westen-fuer-herren\/#%C2%AB_Schicke_Westen_fuer_den_Uebergang_von_Sommer_zu_Herbst_%C2%BB\" >\u00ab Schicke Westen f\u00fcr den \u00dcbergang von Sommer zu Herbst \u00bb<\/a><\/li><li class='ez-toc-page-1 ez-toc-heading-level-2'><a class=\"ez-toc-link ez-toc-heading-2\" href=\"https:\/\/www.textilwaren24.eu\/magazin\/outdoor-westen-fuer-herren\/#Westen_fuer_aktive_Menschen\" >Westen f\u00fcr aktive Menschen<\/a><\/li><li class='ez-toc-page-1 ez-toc-heading-level-2'><a class=\"ez-toc-link ez-toc-heading-3\" href=\"https:\/\/www.textilwaren24.eu\/magazin\/outdoor-westen-fuer-herren\/#Fleecewesten_%E2%80%93_die_kuscheligen_Allrounder\" >Fleecewesten \u2013 die kuscheligen Allrounder<\/a><\/li><li class='ez-toc-page-1 ez-toc-heading-level-2'><a class=\"ez-toc-link ez-toc-heading-4\" href=\"https:\/\/www.textilwaren24.eu\/magazin\/outdoor-westen-fuer-herren\/#Softshell_%E2%80%93_Schlechtwettertauglich_und_waermend\" >Softshell \u2013 Schlechtwettertauglich und w\u00e4rmend<\/a><\/li><li class='ez-toc-page-1 ez-toc-heading-level-2'><a class=\"ez-toc-link ez-toc-heading-5\" href=\"https:\/\/www.textilwaren24.eu\/magazin\/outdoor-westen-fuer-herren\/#Viel_Stauraum_fuer_Outdoorfans\" >Viel Stauraum f\u00fcr Outdoorfans<\/a><\/li><li class='ez-toc-page-1 ez-toc-heading-level-2'><a class=\"ez-toc-link ez-toc-heading-6\" href=\"https:\/\/www.textilwaren24.eu\/magazin\/outdoor-westen-fuer-herren\/#Aermellose_Jacken_fuer_spezielle_Einsatzgebiete\" >\u00c4rmellose Jacken f\u00fcr spezielle Einsatzgebiete<\/a><\/li><li class='ez-toc-page-1 ez-toc-heading-level-2'><a class=\"ez-toc-link ez-toc-heading-7\" href=\"https:\/\/www.textilwaren24.eu\/magazin\/outdoor-westen-fuer-herren\/#Mollig_warme_Westen_fuer_kalte_Tage\" >Mollig warme Westen f\u00fcr kalte Tage<\/a><\/li><li class='ez-toc-page-1 ez-toc-heading-level-2'><a class=\"ez-toc-link ez-toc-heading-8\" href=\"https:\/\/www.textilwaren24.eu\/magazin\/outdoor-westen-fuer-herren\/#Daunen-_und_Westen_mit_Kunstfaser-Isolation_sind_die_aermellosen_Kaelteexperten\" >Daunen- und Westen mit Kunstfaser-Isolation sind die \u00e4rmellosen K\u00e4lteexperten<\/a><\/li><li class='ez-toc-page-1 ez-toc-heading-level-2'><a class=\"ez-toc-link ez-toc-heading-9\" href=\"https:\/\/www.textilwaren24.eu\/magazin\/outdoor-westen-fuer-herren\/#Kunstfaserfuellungen_waermen_und_trocknen_rasch\" >Kunstfaserf\u00fcllungen w\u00e4rmen und trocknen rasch<\/a><\/li><\/ul><\/nav><\/div>\n<h2><span class=\"ez-toc-section\" id=\"%C2%AB_Schicke_Westen_fuer_den_Uebergang_von_Sommer_zu_Herbst_%C2%BB\"><\/span>\u00ab Schicke Westen f\u00fcr den \u00dcbergang von Sommer zu Herbst \u00bb<span class=\"ez-toc-section-end\"><\/span><\/h2>\n<p style=\"text-align: justify;\"><strong>Beim Spaziergang mit dem Hund k\u00fcndigt der frische Wind bereits den Herbst an. F\u00fcr die dicke Jacke ist es aber noch zu warm. Dennoch ben\u00f6tigen Sie ein zweckm\u00e4\u00dfiges Kleidungsst\u00fcck, mit dem Sie sich effektiv gegen K\u00e4lte sch\u00fctzen k\u00f6nnen. Die Zeit f\u00fcr die <\/strong><a href=\"https:\/\/www.textilwaren24.eu\/jacken-und-westen\/westen-und-bodywarmer\"><strong>Outdoor-Weste<\/strong><\/a><strong> ist gekommen. Durch das innovative Material und den \u00e4rmellosen Schnitt ist sie wie geschaffen f\u00fcr die ersten k\u00fchleren Tage. Lesen Sie in diesem Moderatgeber, welche Modelle es gibt und f\u00fcr welche Einsatzbereiche sich diese eigenen.<\/strong><\/p>\n<h2><span class=\"ez-toc-section\" id=\"Westen_fuer_aktive_Menschen\"><\/span><img loading=\"lazy\" decoding=\"async\" class=\"alignleft wp-image-6556 size-full\" title=\"Weste &quot;Bubble&quot; f\u00fcr Herren | Westen &amp; Bodywarmer von Build Your Brand\" src=\"https:\/\/www.textilwaren24.eu\/magazin\/wp-content\/uploads\/2017\/09\/Weste-Bubble-fuer-Herren-von-Build-Your-Brand.jpg\" alt=\"Weste Bubble fuer Herren von Build Your Brand\" width=\"350\" height=\"450\" srcset=\"https:\/\/www.textilwaren24.eu\/magazin\/wp-content\/uploads\/2017\/09\/Weste-Bubble-fuer-Herren-von-Build-Your-Brand.jpg 350w, https:\/\/www.textilwaren24.eu\/magazin\/wp-content\/uploads\/2017\/09\/Weste-Bubble-fuer-Herren-von-Build-Your-Brand-233x300.jpg 233w\" sizes=\"(max-width: 350px) 100vw, 350px\" \/>Westen f\u00fcr aktive Menschen<span class=\"ez-toc-section-end\"><\/span><\/h2>\n<p style=\"text-align: justify;\">Westen sind genau das Richtige f\u00fcr die \u00dcbergangszeit, da sie ein optimales Klimamanagement bieten. Sie sch\u00fctzen den Oberk\u00f6rper, insbesondere den empfindlichen R\u00fcckenbereich, effektiv vor K\u00e4lte und verhindern durch die freibleibenden Arme \u00dcberhitzung.<\/p>\n<p style=\"text-align: justify;\">Je nach Ausf\u00fchrung macht sie das zum idealen Begleiter auf Wanderungen, beim Sport und bei vielen Outdoor-Aktivit\u00e4ten.<\/p>\n<p style=\"text-align: justify;\">Gen\u00fcgt die W\u00e4rmeleistung der <a href=\"https:\/\/www.textilwaren24.eu\/jacken-und-westen\/winterjacken\">Winterjacke<\/a> nicht, k\u00f6nnen Sie diese durch eine Weste auf unkomplizierte Weise erh\u00f6hen.<\/p>\n<blockquote>\n<p style=\"text-align: justify;\">All diese spezifischen Eigenschaften machen das Kleidungsst\u00fcck auch zur perfekten Arbeitskleidung f\u00fcr Handwerker.<\/p>\n<\/blockquote>\n<h2><span class=\"ez-toc-section\" id=\"Fleecewesten_%E2%80%93_die_kuscheligen_Allrounder\"><\/span>Fleecewesten \u2013 die kuscheligen Allrounder<span class=\"ez-toc-section-end\"><\/span><\/h2>\n<p style=\"text-align: justify;\">Fleece ist w\u00e4rmend, strapazierf\u00e4hig und ein wahres Leichtgewicht im Rucksack. Kein Wunder also, dass sich die aus diesem Material gefertigten Textilien gro\u00dfer Beliebtheit erfreuen. Leicht und knitterfrei findet die Henbury Micro-Fleece Weste im Daypack Platz und eignet sich an milden Tagen als Jackenersatz.<\/p>\n<p style=\"text-align: justify;\"><img loading=\"lazy\" decoding=\"async\" class=\"wp-image-6523 size-full alignleft\" title=\"Weste aus Microfleece f\u00fcr Herren | Westen &amp; Bodywarmer von Henbury\" src=\"https:\/\/www.textilwaren24.eu\/magazin\/wp-content\/uploads\/2017\/09\/Weste-aus-Microfleece-fuer-Herren-von-Henbury.jpg\" alt=\"Weste aus Microfleece fuer Herren von Henbury\" width=\"271\" height=\"300\" \/>Im Haus macht sich diese Outdoor Weste f\u00fcr Herren hervorragend \u00fcber einem sportlichen Hemd und sieht, kombiniert mit einer Jeans, gleicherma\u00dfen schick und modisch aus.<\/p>\n<p style=\"text-align: justify;\">H\u00e4lt Sie selbst an kalten Wintertagen nichts im Haus, tragen Sie den Bodywarmer einfach als w\u00e4rmende Zusatzschicht \u00fcber dem Shirt und unter der Jacke.<\/p>\n<h2><span class=\"ez-toc-section\" id=\"Softshell_%E2%80%93_Schlechtwettertauglich_und_waermend\"><\/span>Softshell \u2013 Schlechtwettertauglich und w\u00e4rmend<span class=\"ez-toc-section-end\"><\/span><\/h2>\n<p style=\"text-align: justify;\">Dieses moderne Gewebe verkn\u00fcpft die positiven Eigenschaften von Fleece mit einer \u00e4u\u00dferst robusten, wind- und wasserdichten sowie schmutzabweisenden Oberfl\u00e4che. Gleichzeitig sind die Textilien flexibel und engen nirgends ein. Dank diesen tollen Merkmalen geh\u00f6rt der Bodywarmer aus Softshell zur Grundausr\u00fcstung vieler Outdoorfans. Beim Joggen an einem k\u00fchlen Herbstmorgen verlieren Sie durch die kuschelige Fleeceinnenseite nicht zu viel W\u00e4rme \u00fcber den Oberk\u00f6rper, die Muskulatur k\u00fchlt deshalb nicht so schnell aus. Transpirationsfl\u00fcssigkeit wird rasch vom K\u00f6rper abgeleitet und verdunstet an der glatten, wasserabweisenden Au\u00dfenseite.<\/p>\n<figure id=\"attachment_6558\" aria-describedby=\"caption-attachment-6558\" style=\"width: 600px\" class=\"wp-caption aligncenter\"><img loading=\"lazy\" decoding=\"async\" class=\"wp-image-6558 size-full\" title=\"Outdoor-Weste f\u00fcr Angler\" src=\"https:\/\/www.textilwaren24.eu\/magazin\/wp-content\/uploads\/2017\/09\/Outdoor-Weste-fuer-Angler.jpg\" alt=\"Outdoor-Weste fuer Angler\" width=\"600\" height=\"400\" srcset=\"https:\/\/www.textilwaren24.eu\/magazin\/wp-content\/uploads\/2017\/09\/Outdoor-Weste-fuer-Angler.jpg 600w, https:\/\/www.textilwaren24.eu\/magazin\/wp-content\/uploads\/2017\/09\/Outdoor-Weste-fuer-Angler-300x200.jpg 300w\" sizes=\"(max-width: 600px) 100vw, 600px\" \/><figcaption id=\"caption-attachment-6558\" class=\"wp-caption-text\">\u00a9 Jag_cz \/ Fotolia.com<\/figcaption><\/figure>\n<h2><span class=\"ez-toc-section\" id=\"Viel_Stauraum_fuer_Outdoorfans\"><\/span>Viel Stauraum f\u00fcr Outdoorfans<span class=\"ez-toc-section-end\"><\/span><\/h2>\n<p style=\"text-align: justify;\">Sie angeln gerne oder sind mit einer gro\u00dfen Fotoausr\u00fcstung in der Natur unterwegs? Dann ben\u00f6tigen Sie eine angenehm klimatisierende Outdoor Weste wie die Dickies Multipocket mit Baumwollfutter. Dieses Modell sieht nicht nur schick aus, sondern bietet auch viele tolle Features. Das Obermaterial aus Polyester-Baumwoll-Twill ist ausgesprochen robust und kann eine ganze Menge wegstecken.<\/p>\n<p style=\"text-align: justify;\"><img loading=\"lazy\" decoding=\"async\" class=\"alignleft wp-image-6531 size-full\" title=\"Multipocket-Weste mit Baumwollfutter | Westen &amp; Bodywarmer von Dickies\" src=\"https:\/\/www.textilwaren24.eu\/magazin\/wp-content\/uploads\/2017\/09\/Multipocket-Weste-mit-Baumwollfutter-von-Dickies.jpg\" alt=\"Multipocket-Weste mit Baumwollfutter von Dickies\" width=\"283\" height=\"300\" \/>Im Frontbereich l\u00e4sst sich die Weste durch einen Rei\u00dfverschluss mit Windstopp verschlie\u00dfen, sodass kalte Luft an dieser Schwachstelle wirkungsvoll abgehalten wird.<\/p>\n<p style=\"text-align: justify;\">Durch die verl\u00e4ngerte R\u00fcckpartie sitzt die Outdoor-Bekleidung selbst dann perfekt, wenn Sie sich bei ihren Aktivit\u00e4ten h\u00e4ufig b\u00fccken oder strecken m\u00fcssen.<\/p>\n<p style=\"text-align: justify;\">In den gro\u00dfen Fronttaschen lassen sich K\u00f6der oder Objektive verwahren, das Handy findet sicher in der Handytasche mit Klettverschluss seinen Platz.<\/p>\n<h2><span class=\"ez-toc-section\" id=\"Aermellose_Jacken_fuer_spezielle_Einsatzgebiete\"><\/span>\u00c4rmellose Jacken f\u00fcr spezielle Einsatzgebiete<span class=\"ez-toc-section-end\"><\/span><\/h2>\n<p style=\"text-align: justify;\">Diese tollen Ausstattungsmerkmale wissen auch Handwerker zu sch\u00e4tzen. Da Sie im Job immer wieder einen Stift zur Hand haben m\u00fcssen, gibt es f\u00fcr diesen eine eigene Tasche. In der Innentasche lassen sich Utensilien wie der Haus- oder Autoschl\u00fcssel vor Herausfallen gesch\u00fctzt verwahren. Das garngef\u00e4rbte und dadurch abriebfeste, karierte Futter unterstreicht die markant m\u00e4nnliche Optik dieser Outdoor Weste f\u00fcr Herren.<\/p>\n<p><center><img loading=\"lazy\" decoding=\"async\" class=\"alignnone wp-image-6561 size-full\" title=\"Diamond Quilted Weste mit Kapuze f\u00fcr Herren | Westen &amp; Bodywarmer von Urban Classics\" src=\"https:\/\/www.textilwaren24.eu\/magazin\/wp-content\/uploads\/2017\/09\/Diamond-Quilted-Weste-mit-Kapuze-fuer-Herren-von-Urban-Classics.jpg\" alt=\"Diamond Quilted Weste mit Kapuze fuer Herren von Urban Classics\" width=\"298\" height=\"430\" srcset=\"https:\/\/www.textilwaren24.eu\/magazin\/wp-content\/uploads\/2017\/09\/Diamond-Quilted-Weste-mit-Kapuze-fuer-Herren-von-Urban-Classics.jpg 298w, https:\/\/www.textilwaren24.eu\/magazin\/wp-content\/uploads\/2017\/09\/Diamond-Quilted-Weste-mit-Kapuze-fuer-Herren-von-Urban-Classics-208x300.jpg 208w\" sizes=\"(max-width: 298px) 100vw, 298px\" \/>\u00a0<img loading=\"lazy\" decoding=\"async\" class=\"alignnone wp-image-6562 size-full\" title=\"Weste &quot;Contrast Bubble&quot; f\u00fcr Herren | Westen &amp; Bodywarmer von Urban Classics\" src=\"https:\/\/www.textilwaren24.eu\/magazin\/wp-content\/uploads\/2017\/09\/Weste-Contrast-Bubble-von-Urban-Classics.jpg\" alt=\"Weste Contrast Bubble von Urban Classics\" width=\"307\" height=\"430\" srcset=\"https:\/\/www.textilwaren24.eu\/magazin\/wp-content\/uploads\/2017\/09\/Weste-Contrast-Bubble-von-Urban-Classics.jpg 307w, https:\/\/www.textilwaren24.eu\/magazin\/wp-content\/uploads\/2017\/09\/Weste-Contrast-Bubble-von-Urban-Classics-214x300.jpg 214w\" sizes=\"(max-width: 307px) 100vw, 307px\" \/><\/center><\/p>\n<p style=\"text-align: justify;\">Ein Kleidungsst\u00fcck, das zu vielen Gelegenheiten passt und sowohl mit einer zweckm\u00e4\u00dfigen Arbeitshose, als auch zu Jeans oder Chino m\u00e4nnlich markant aussieht.<\/p>\n<h2><span class=\"ez-toc-section\" id=\"Mollig_warme_Westen_fuer_kalte_Tage\"><\/span>Mollig warme Westen f\u00fcr kalte Tage<span class=\"ez-toc-section-end\"><\/span><\/h2>\n<p style=\"text-align: justify;\"><img loading=\"lazy\" decoding=\"async\" class=\"alignright wp-image-6537 size-full\" title=\"Men's Maritime Vest: Steppweste mit angeschnittener Kapuze | Westen &amp; Bodywarmer von James+Nicholson\" src=\"https:\/\/www.textilwaren24.eu\/magazin\/wp-content\/uploads\/2017\/09\/Mens-Maritime-Vest-Steppweste-mit-angeschnittener-Kapuze-von-JamesNicholson.jpg\" alt=\"Mens Maritime Vest Steppweste mit angeschnittener Kapuze von James+Nicholson\" width=\"300\" height=\"300\" srcset=\"https:\/\/www.textilwaren24.eu\/magazin\/wp-content\/uploads\/2017\/09\/Mens-Maritime-Vest-Steppweste-mit-angeschnittener-Kapuze-von-JamesNicholson.jpg 300w, https:\/\/www.textilwaren24.eu\/magazin\/wp-content\/uploads\/2017\/09\/Mens-Maritime-Vest-Steppweste-mit-angeschnittener-Kapuze-von-JamesNicholson-150x150.jpg 150w\" sizes=\"(max-width: 300px) 100vw, 300px\" \/>Gerade wenn es feucht wird, aber nicht regnet, spielen Westen ihre positiven Eigenschaften aus. Wind und wasserabweisend macht die James + Nicholson Men`s Maritime Vest nicht nur optische eine Menge her, sie ist auch der perfekte Begleiter f\u00fcr unbest\u00e4ndiges Wetter und viele Aktivit\u00e4ten an und auf dem Wasser.<\/p>\n<p style=\"text-align: justify;\">Die durchgehende Windschutzblende, der w\u00e4rmende Kragen mit der angeschnittenen Kapuze und der elastische Abschluss an den Arml\u00f6chern halten Wind zuverl\u00e4ssig ab.<\/p>\n<p style=\"text-align: justify;\">Der Farbkontrast an der Einfassung verleiht dieser Outdoor Weste eine sehr sportive Optik im aktuell angesagten Marine-Stil.<\/p>\n<h2><span class=\"ez-toc-section\" id=\"Daunen-_und_Westen_mit_Kunstfaser-Isolation_sind_die_aermellosen_Kaelteexperten\"><\/span>Daunen- und Westen mit Kunstfaser-Isolation sind die \u00e4rmellosen K\u00e4lteexperten<span class=\"ez-toc-section-end\"><\/span><\/h2>\n<p style=\"text-align: justify;\">Doch die Bodywarmer eignen sich nicht nur f\u00fcr Tage, an denen es noch nicht so kalt ist.<\/p>\n<p style=\"text-align: justify;\"><img loading=\"lazy\" decoding=\"async\" class=\"alignleft wp-image-6544 size-full\" title=\"Bodywarmer aus Daunen f\u00fcr Herren | Westen &amp; Bodywarmer von B&amp;C\" src=\"https:\/\/www.textilwaren24.eu\/magazin\/wp-content\/uploads\/2017\/09\/Bodywarmer-aus-Daunen-fuer-Herren-von-BC.jpg\" alt=\"Bodywarmer aus Daunen fuer Herren von BC\" width=\"274\" height=\"300\" \/>Entsprechend dem Zwiebel-Prinzip, bei dem mehrere Lagen \u00fcbereinander getragen werden, k\u00f6nnen Sie diese Westen als zus\u00e4tzliche Schicht \u00fcber einer Jacke oder einem dicken Pullover tragen.<\/p>\n<p style=\"text-align: justify;\">Diese Outdoor Bekleidung f\u00fcr Herren zeichnet sich durch ihr w\u00e4rmendes, leichtes und sehr angenehm zu tragendes Innenleben aus.<\/p>\n<p style=\"text-align: justify;\">Bei Daunenwesten gilt: Wer ein gut isolierendes Exemplar sucht, der sollte ein Modell mit m\u00f6glichst gro\u00dfen Kammern, wie beispielsweise den B&amp;C Bodywarmer, w\u00e4hlen.<\/p>\n<blockquote>\n<p style=\"text-align: justify;\">Da die Steppn\u00e4hte wie K\u00e4ltebr\u00fccken wirken gilt: Je weniger N\u00e4hte die Outdoor Weste f\u00fcr Herren aufweist, desto h\u00f6her ist ihre W\u00e4rmeleistung.<\/p>\n<\/blockquote>\n<h2><span class=\"ez-toc-section\" id=\"Kunstfaserfuellungen_waermen_und_trocknen_rasch\"><\/span>Kunstfaserf\u00fcllungen w\u00e4rmen und trocknen rasch<span class=\"ez-toc-section-end\"><\/span><\/h2>\n<p style=\"text-align: justify;\">Westen mit Kunstfaserf\u00fcllung, wie der Result Core Bodywarmer, sind hingegen die ungeschlagenen Experten, wenn die F\u00fcllung mit Feuchtigkeit in Ber\u00fchrung kommen k\u00f6nnte. Winddicht und wasserabweisend sind Sie mit ihnen an feuchten, nebligen Herbsttagen \u00e4u\u00dferst komfortabel und gut gesch\u00fctzt unterwegs.<\/p>\n<p style=\"text-align: justify;\"><img loading=\"lazy\" decoding=\"async\" class=\"alignright wp-image-6550 size-full\" title=\"Bodywarmer &quot;Core&quot; f\u00fcr Herren | Westen &amp; Bodywarmer von Result\" src=\"https:\/\/www.textilwaren24.eu\/magazin\/wp-content\/uploads\/2017\/09\/Bodywarmer-Core-fuer-Herren-von-Result.jpg\" alt=\"Bodywarmer Core fuer Herren von Result\" width=\"264\" height=\"300\" \/>Ein weiterer Pluspunkt dieser Outdoor-Bekleidung: Sie besteht zu mehr als 25 Prozent aus recyceltem Material und wirkt damit schonend auf die immer knapper werdenden Ressourcen. Wird es Ihnen kalt, k\u00f6nnen Sie Daunen- und Kunstfaser-Bodywarmer hervorragend mit einem Fleece-Pullover kombinieren. Das ist nicht nur praktisch, sondern sieht durch die im Kontrast zur Weste stehenden \u00c4rmel auch noch sehr schick aus.<\/p>\n<p style=\"text-align: justify;\">\u00c4rmellose Jacken sch\u00fctzen den Oberk\u00f6rper vor Regen, Wind und K\u00e4lte und gew\u00e4hrleisten gleichzeitig ein hohes Ma\u00df an Bewegungsfreiheit.<\/p>\n<p style=\"text-align: justify;\">Aus leichtem, robustem Material sind sie die optimalen Begleiter beim Wandern, Klettern oder Angeln. Ihre positiven Eigenschaften machen sie zudem zur idealen Arbeitskleidung, die nicht einengt und wundervoll w\u00e4rmt. Da die Arme frei bleiben, \u00fcberhitzen Sie selbst bei schwei\u00dftreibenden Aktivit\u00e4ten nicht.<\/p>\n","protected":false},"excerpt":{"rendered":"<p>\u00ab Schicke Westen f\u00fcr den \u00dcbergang von Sommer zu Herbst \u00bb Beim Spaziergang mit dem Hund k\u00fcndigt der frische Wind bereits den Herbst an. F\u00fcr die dicke Jacke ist es aber noch zu warm. Dennoch ben\u00f6tigen Sie ein zweckm\u00e4\u00dfiges Kleidungsst\u00fcck, mit dem Sie sich effektiv gegen K\u00e4lte sch\u00fctzen k\u00f6nnen. Die Zeit f\u00fcr die Outdoor-Weste ist &hellip;<\/p>\n","protected":false},"author":2,"featured_media":6518,"comment_status":"closed","ping_status":"open","sticky":false,"template":"","format":"standard","meta":{"footnotes":""},"categories":[1],"tags":[449,30,446,19,104,173,450,195,448,58,447,451,83],"class_list":["post-6514","post","type-post","status-publish","format-standard","has-post-thumbnail","hentry","category-fashion","tag-aermellos","tag-basics","tag-bodywarmer","tag-fleeceartikel","tag-herbstmode","tag-herrenmode","tag-kapuze","tag-microfleece","tag-multipocket","tag-outdoor","tag-softshell","tag-steppwesten","tag-westen"],"yoast_head":"<!-- This site is optimized with the Yoast SEO plugin v25.6 - https:\/\/yoast.com\/wordpress\/plugins\/seo\/ -->\n<title>Outdoor-Westen f\u00fcr Herren - Textilwaren Magazin<\/title>\n<meta name=\"description\" content=\"Entdecken Sie im Online Magazin von Textilwaren24 schicke Outdoor-Westen f\u00fcr Herren. W\u00e4rmend, vielseitig und praktisch f\u00fcr Herbst und Winter!\" \/>\n<meta name=\"robots\" content=\"noindex, follow\" \/>\n<meta property=\"og:locale\" content=\"de_DE\" \/>\n<meta property=\"og:type\" content=\"article\" \/>\n<meta property=\"og:title\" content=\"Outdoor-Westen f\u00fcr Herren - Textilwaren Magazin\" \/>\n<meta property=\"og:description\" content=\"Entdecken Sie im Online Magazin von Textilwaren24 schicke Outdoor-Westen f\u00fcr Herren. W\u00e4rmend, vielseitig und praktisch f\u00fcr Herbst und Winter!\" \/>\n<meta property=\"og:url\" content=\"https:\/\/www.textilwaren24.eu\/magazin\/outdoor-westen-fuer-herren\/\" \/>\n<meta property=\"og:site_name\" content=\"Textilwaren Magazin\" \/>\n<meta property=\"article:published_time\" content=\"2017-09-04T06:57:13+00:00\" \/>\n<meta property=\"article:modified_time\" content=\"2023-01-03T09:20:48+00:00\" \/>\n<meta property=\"og:image\" content=\"https:\/\/www.textilwaren24.eu\/magazin\/wp-content\/uploads\/2017\/09\/Outdoor-Westen-fuer-Herren.jpg\" \/>\n\t<meta property=\"og:image:width\" content=\"800\" \/>\n\t<meta property=\"og:image:height\" content=\"579\" \/>\n\t<meta property=\"og:image:type\" content=\"image\/jpeg\" \/>\n<meta name=\"author\" content=\"admin\" \/>\n<meta name=\"twitter:card\" content=\"summary_large_image\" \/>\n<meta name=\"twitter:label1\" content=\"Verfasst von\" \/>\n\t<meta name=\"twitter:data1\" content=\"admin\" \/>\n\t<meta name=\"twitter:label2\" content=\"Gesch\u00e4tzte Lesezeit\" \/>\n\t<meta name=\"twitter:data2\" content=\"7\u00a0Minuten\" \/>\n<script type=\"application\/ld+json\" class=\"yoast-schema-graph\">{\"@context\":\"https:\/\/schema.org\",\"@graph\":[{\"@type\":\"WebPage\",\"@id\":\"https:\/\/www.textilwaren24.eu\/magazin\/outdoor-westen-fuer-herren\/\",\"url\":\"https:\/\/www.textilwaren24.eu\/magazin\/outdoor-westen-fuer-herren\/\",\"name\":\"Outdoor-Westen f\u00fcr Herren - Textilwaren Magazin\",\"isPartOf\":{\"@id\":\"https:\/\/www.textilwaren24.eu\/magazin\/#website\"},\"primaryImageOfPage\":{\"@id\":\"https:\/\/www.textilwaren24.eu\/magazin\/outdoor-westen-fuer-herren\/#primaryimage\"},\"image\":{\"@id\":\"https:\/\/www.textilwaren24.eu\/magazin\/outdoor-westen-fuer-herren\/#primaryimage\"},\"thumbnailUrl\":\"https:\/\/www.textilwaren24.eu\/magazin\/wp-content\/uploads\/2017\/09\/Outdoor-Westen-fuer-Herren.jpg\",\"datePublished\":\"2017-09-04T06:57:13+00:00\",\"dateModified\":\"2023-01-03T09:20:48+00:00\",\"author\":{\"@id\":\"https:\/\/www.textilwaren24.eu\/magazin\/#\/schema\/person\/9c4e510f1296cc7c4a90e209f49f38b4\"},\"description\":\"Entdecken Sie im Online Magazin von Textilwaren24 schicke Outdoor-Westen f\u00fcr Herren. W\u00e4rmend, vielseitig und praktisch f\u00fcr Herbst und Winter!\",\"breadcrumb\":{\"@id\":\"https:\/\/www.textilwaren24.eu\/magazin\/outdoor-westen-fuer-herren\/#breadcrumb\"},\"inLanguage\":\"de\",\"potentialAction\":[{\"@type\":\"ReadAction\",\"target\":[\"https:\/\/www.textilwaren24.eu\/magazin\/outdoor-westen-fuer-herren\/\"]}]},{\"@type\":\"ImageObject\",\"inLanguage\":\"de\",\"@id\":\"https:\/\/www.textilwaren24.eu\/magazin\/outdoor-westen-fuer-herren\/#primaryimage\",\"url\":\"https:\/\/www.textilwaren24.eu\/magazin\/wp-content\/uploads\/2017\/09\/Outdoor-Westen-fuer-Herren.jpg\",\"contentUrl\":\"https:\/\/www.textilwaren24.eu\/magazin\/wp-content\/uploads\/2017\/09\/Outdoor-Westen-fuer-Herren.jpg\",\"width\":800,\"height\":579,\"caption\":\"\u00a9 JackF \/ Fotolia.com\"},{\"@type\":\"BreadcrumbList\",\"@id\":\"https:\/\/www.textilwaren24.eu\/magazin\/outdoor-westen-fuer-herren\/#breadcrumb\",\"itemListElement\":[{\"@type\":\"ListItem\",\"position\":1,\"name\":\"Home\",\"item\":\"https:\/\/www.textilwaren24.eu\/magazin\/\"},{\"@type\":\"ListItem\",\"position\":2,\"name\":\"Outdoor-Westen f\u00fcr Herren\"}]},{\"@type\":\"WebSite\",\"@id\":\"https:\/\/www.textilwaren24.eu\/magazin\/#website\",\"url\":\"https:\/\/www.textilwaren24.eu\/magazin\/\",\"name\":\"Textilwaren Magazin\",\"description\":\"\",\"potentialAction\":[{\"@type\":\"SearchAction\",\"target\":{\"@type\":\"EntryPoint\",\"urlTemplate\":\"https:\/\/www.textilwaren24.eu\/magazin\/?s={search_term_string}\"},\"query-input\":{\"@type\":\"PropertyValueSpecification\",\"valueRequired\":true,\"valueName\":\"search_term_string\"}}],\"inLanguage\":\"de\"},{\"@type\":\"Person\",\"@id\":\"https:\/\/www.textilwaren24.eu\/magazin\/#\/schema\/person\/9c4e510f1296cc7c4a90e209f49f38b4\",\"name\":\"admin\",\"image\":{\"@type\":\"ImageObject\",\"inLanguage\":\"de\",\"@id\":\"https:\/\/www.textilwaren24.eu\/magazin\/#\/schema\/person\/image\/\",\"url\":\"https:\/\/secure.gravatar.com\/avatar\/a794a4fe8a9b9c52241597eb381dfa2e?s=96&d=mm&r=g\",\"contentUrl\":\"https:\/\/secure.gravatar.com\/avatar\/a794a4fe8a9b9c52241597eb381dfa2e?s=96&d=mm&r=g\",\"caption\":\"admin\"}}]}<\/script>\n<!-- \/ Yoast SEO plugin. -->","yoast_head_json":{"title":"Outdoor-Westen f\u00fcr Herren - Textilwaren Magazin","description":"Entdecken Sie im Online Magazin von Textilwaren24 schicke Outdoor-Westen f\u00fcr Herren. W\u00e4rmend, vielseitig und praktisch f\u00fcr Herbst und Winter!","robots":{"index":"noindex","follow":"follow"},"og_locale":"de_DE","og_type":"article","og_title":"Outdoor-Westen f\u00fcr Herren - Textilwaren Magazin","og_description":"Entdecken Sie im Online Magazin von Textilwaren24 schicke Outdoor-Westen f\u00fcr Herren. W\u00e4rmend, vielseitig und praktisch f\u00fcr Herbst und Winter!","og_url":"https:\/\/www.textilwaren24.eu\/magazin\/outdoor-westen-fuer-herren\/","og_site_name":"Textilwaren Magazin","article_published_time":"2017-09-04T06:57:13+00:00","article_modified_time":"2023-01-03T09:20:48+00:00","og_image":[{"width":800,"height":579,"url":"https:\/\/www.textilwaren24.eu\/magazin\/wp-content\/uploads\/2017\/09\/Outdoor-Westen-fuer-Herren.jpg","type":"image\/jpeg"}],"author":"admin","twitter_card":"summary_large_image","twitter_misc":{"Verfasst von":"admin","Gesch\u00e4tzte Lesezeit":"7\u00a0Minuten"},"schema":{"@context":"https:\/\/schema.org","@graph":[{"@type":"WebPage","@id":"https:\/\/www.textilwaren24.eu\/magazin\/outdoor-westen-fuer-herren\/","url":"https:\/\/www.textilwaren24.eu\/magazin\/outdoor-westen-fuer-herren\/","name":"Outdoor-Westen f\u00fcr Herren - Textilwaren Magazin","isPartOf":{"@id":"https:\/\/www.textilwaren24.eu\/magazin\/#website"},"primaryImageOfPage":{"@id":"https:\/\/www.textilwaren24.eu\/magazin\/outdoor-westen-fuer-herren\/#primaryimage"},"image":{"@id":"https:\/\/www.textilwaren24.eu\/magazin\/outdoor-westen-fuer-herren\/#primaryimage"},"thumbnailUrl":"https:\/\/www.textilwaren24.eu\/magazin\/wp-content\/uploads\/2017\/09\/Outdoor-Westen-fuer-Herren.jpg","datePublished":"2017-09-04T06:57:13+00:00","dateModified":"2023-01-03T09:20:48+00:00","author":{"@id":"https:\/\/www.textilwaren24.eu\/magazin\/#\/schema\/person\/9c4e510f1296cc7c4a90e209f49f38b4"},"description":"Entdecken Sie im Online Magazin von Textilwaren24 schicke Outdoor-Westen f\u00fcr Herren. W\u00e4rmend, vielseitig und praktisch f\u00fcr Herbst und Winter!","breadcrumb":{"@id":"https:\/\/www.textilwaren24.eu\/magazin\/outdoor-westen-fuer-herren\/#breadcrumb"},"inLanguage":"de","potentialAction":[{"@type":"ReadAction","target":["https:\/\/www.textilwaren24.eu\/magazin\/outdoor-westen-fuer-herren\/"]}]},{"@type":"ImageObject","inLanguage":"de","@id":"https:\/\/www.textilwaren24.eu\/magazin\/outdoor-westen-fuer-herren\/#primaryimage","url":"https:\/\/www.textilwaren24.eu\/magazin\/wp-content\/uploads\/2017\/09\/Outdoor-Westen-fuer-Herren.jpg","contentUrl":"https:\/\/www.textilwaren24.eu\/magazin\/wp-content\/uploads\/2017\/09\/Outdoor-Westen-fuer-Herren.jpg","width":800,"height":579,"caption":"\u00a9 JackF \/ Fotolia.com"},{"@type":"BreadcrumbList","@id":"https:\/\/www.textilwaren24.eu\/magazin\/outdoor-westen-fuer-herren\/#breadcrumb","itemListElement":[{"@type":"ListItem","position":1,"name":"Home","item":"https:\/\/www.textilwaren24.eu\/magazin\/"},{"@type":"ListItem","position":2,"name":"Outdoor-Westen f\u00fcr Herren"}]},{"@type":"WebSite","@id":"https:\/\/www.textilwaren24.eu\/magazin\/#website","url":"https:\/\/www.textilwaren24.eu\/magazin\/","name":"Textilwaren Magazin","description":"","potentialAction":[{"@type":"SearchAction","target":{"@type":"EntryPoint","urlTemplate":"https:\/\/www.textilwaren24.eu\/magazin\/?s={search_term_string}"},"query-input":{"@type":"PropertyValueSpecification","valueRequired":true,"valueName":"search_term_string"}}],"inLanguage":"de"},{"@type":"Person","@id":"https:\/\/www.textilwaren24.eu\/magazin\/#\/schema\/person\/9c4e510f1296cc7c4a90e209f49f38b4","name":"admin","image":{"@type":"ImageObject","inLanguage":"de","@id":"https:\/\/www.textilwaren24.eu\/magazin\/#\/schema\/person\/image\/","url":"https:\/\/secure.gravatar.com\/avatar\/a794a4fe8a9b9c52241597eb381dfa2e?s=96&d=mm&r=g","contentUrl":"https:\/\/secure.gravatar.com\/avatar\/a794a4fe8a9b9c52241597eb381dfa2e?s=96&d=mm&r=g","caption":"admin"}}]}},"_links":{"self":[{"href":"https:\/\/www.textilwaren24.eu\/magazin\/wp-json\/wp\/v2\/posts\/6514"}],"collection":[{"href":"https:\/\/www.textilwaren24.eu\/magazin\/wp-json\/wp\/v2\/posts"}],"about":[{"href":"https:\/\/www.textilwaren24.eu\/magazin\/wp-json\/wp\/v2\/types\/post"}],"author":[{"embeddable":true,"href":"https:\/\/www.textilwaren24.eu\/magazin\/wp-json\/wp\/v2\/users\/2"}],"replies":[{"embeddable":true,"href":"https:\/\/www.textilwaren24.eu\/magazin\/wp-json\/wp\/v2\/comments?post=6514"}],"version-history":[{"count":46,"href":"https:\/\/www.textilwaren24.eu\/magazin\/wp-json\/wp\/v2\/posts\/6514\/revisions"}],"predecessor-version":[{"id":28173,"href":"https:\/\/www.textilwaren24.eu\/magazin\/wp-json\/wp\/v2\/posts\/6514\/revisions\/28173"}],"wp:featuredmedia":[{"embeddable":true,"href":"https:\/\/www.textilwaren24.eu\/magazin\/wp-json\/wp\/v2\/media\/6518"}],"wp:attachment":[{"href":"https:\/\/www.textilwaren24.eu\/magazin\/wp-json\/wp\/v2\/media?parent=6514"}],"wp:term":[{"taxonomy":"category","embeddable":true,"href":"https:\/\/www.textilwaren24.eu\/magazin\/wp-json\/wp\/v2\/categories?post=6514"},{"taxonomy":"post_tag","embeddable":true,"href":"https:\/\/www.textilwaren24.eu\/magazin\/wp-json\/wp\/v2\/tags?post=6514"}],"curies":[{"name":"wp","href":"https:\/\/api.w.org\/{rel}","templated":true}]}}